{"id":9520,"date":"2018-01-17T20:13:42","date_gmt":"2018-01-17T19:13:42","guid":{"rendered":"http:\/\/www.vidademadrid.com\/es\/?p=9520"},"modified":"2020-05-08T13:47:13","modified_gmt":"2020-05-08T11:47:13","slug":"salvador-bachiller-gran-via","status":"publish","type":"post","link":"https:\/\/www.vidademadrid.com\/es\/9520\/salvador-bachiller-gran-via\/","title":{"rendered":"El Invernadero de Salvador Bachiller en Gran V\u00eda: cena con m\u00fasica en vivo"},"content":{"rendered":"<p>Hoy vamos al coraz\u00f3n de la Gran V\u00eda para descubrir uno de sus locales m\u00e1s originales: <strong>El Invernadero de Salvador Bachiller<\/strong> (<a href=\"#fotos\">fotos<\/a> e <a href=\"#info\">info<\/a>), en el tramo final de la emblem\u00e1tica calle, a escasos metros de Plaza Espa\u00f1a.<\/p>\n<p>Es ah\u00ed donde <strong>Salvador Bachiller<\/strong>, una tienda que no necesita presentaciones, ha creado otro de sus espacios m\u00e1gicos: El Invernadero, un local donde clientes (y no) de la tienda pueden tomar algo, merendar, comer o cenar.<\/p>\n<p>As\u00ed como el  El Jard\u00edn, espacio en la cuarta planta de la tienda de Montera, el Invernadero de Gran V\u00eda es un <strong>jard\u00edn<\/strong> -esta vez cubierto- lleno de plantas y espejos.<\/p>\n<p>Un local sin duda peculiar por su <strong>decoraci\u00f3n tropical<\/strong>, as\u00ed que -m\u00e1s que seguir cont\u00e1roslo- os invito a ver mis fotos m\u00e1s abajo para entender lo que encontrareis bajando al s\u00f3tano de la tienda.<\/p>\n<p>En El Invernadero, en cualquier momento, <strong>se mezclan turistas y madrile\u00f1os<\/strong> para escapar de los ruidos de Gran V\u00eda. Yo fui un jueves noche -en pleno periodo navide\u00f1o- disfrutando as\u00ed de la <strong>m\u00fasica en vivo<\/strong> que el local propone los jueves a las 21.30h.<\/p>\n<p>\u00a1Qu\u00e9 bonito el poder estar en un ambiente tan agradable y m\u00e1s, escuchando un concierto en vivo  de voz y guitarra! Pude completar esta maravillosa experiencia cenando algunos de los platos de la carta del Invernadero: <strong>rollitos y gyozas<\/strong> como entrante, el <strong>pan bao de pollo<\/strong> con chutney de mango y la original <strong>hamburguesa de langostino<\/strong>.<\/p>\n<p>Y para terminar no pod\u00eda irme sin probar el <strong>postre especial Jard\u00edn Secreto<\/strong>, una maceta con chocolate, migas de galletas y otros dulces ingredientes.<\/p>\n<p>En la <strong>carta<\/strong> tambi\u00e9n hay platos salados como nachos, burrata, pad thai, hamburguesas de carne o vegetarianas, pasta orecchiette con trufa&#8230; una propuesta que une distintos pa\u00edses. Y si simplemente os quer\u00e9is parar por pocos minutos, pedid sus <strong>zumos naturales, sorbetes, batidos<\/strong> o uno de sus originales <strong>c\u00f3cteles<\/strong>. <\/p>\n<h2 id=\"fotos\">Las fotos<\/h2>\n<div id='gallery-1' class='gallery galleryid-9520 gallery-columns-1 gallery-size-full'><figure class='gallery-item'>\n\t\t\t<div class='gallery-icon portrait'>\n\t\t\t\t<img loading=\"lazy\" decoding=\"async\" width=\"715\" height=\"953\" src=\"https:\/\/www.vidademadrid.com\/es\/wp-content\/uploads\/2017\/12\/salvador-bachiller-001.jpg\" class=\"attachment-full size-full\" alt=\"\" srcset=\"https:\/\/www.vidademadrid.com\/es\/wp-content\/uploads\/2017\/12\/salvador-bachiller-001.jpg 715w, https:\/\/www.vidademadrid.com\/es\/wp-content\/uploads\/2017\/12\/salvador-bachiller-001-225x300.jpg 225w\" sizes=\"auto, (max-width: 715px) 100vw, 715px\" \/>\n\t\t\t<\/div><\/figure><figure class='gallery-item'>\n\t\t\t<div class='gallery-icon landscape'>\n\t\t\t\t<img loading=\"lazy\" decoding=\"async\" width=\"715\" height=\"536\" src=\"https:\/\/www.vidademadrid.com\/es\/wp-content\/uploads\/2017\/12\/salvador-bachiller-003.jpg\" class=\"attachment-full size-full\" alt=\"\" srcset=\"https:\/\/www.vidademadrid.com\/es\/wp-content\/uploads\/2017\/12\/salvador-bachiller-003.jpg 715w, https:\/\/www.vidademadrid.com\/es\/wp-content\/uploads\/2017\/12\/salvador-bachiller-003-300x225.jpg 300w\" sizes=\"auto, (max-width: 715px) 100vw, 715px\" \/>\n\t\t\t<\/div><\/figure><figure class='gallery-item'>\n\t\t\t<div class='gallery-icon landscape'>\n\t\t\t\t<img loading=\"lazy\" decoding=\"async\" width=\"715\" height=\"536\" src=\"https:\/\/www.vidademadrid.com\/es\/wp-content\/uploads\/2017\/12\/salvador-bachiller-005.jpg\" class=\"attachment-full size-full\" alt=\"\" srcset=\"https:\/\/www.vidademadrid.com\/es\/wp-content\/uploads\/2017\/12\/salvador-bachiller-005.jpg 715w, https:\/\/www.vidademadrid.com\/es\/wp-content\/uploads\/2017\/12\/salvador-bachiller-005-300x225.jpg 300w\" sizes=\"auto, (max-width: 715px) 100vw, 715px\" \/>\n\t\t\t<\/div><\/figure><figure class='gallery-item'>\n\t\t\t<div class='gallery-icon landscape'>\n\t\t\t\t<img loading=\"lazy\" decoding=\"async\" width=\"715\" height=\"536\" src=\"https:\/\/www.vidademadrid.com\/es\/wp-content\/uploads\/2017\/12\/salvador-bachiller-007.jpg\" class=\"attachment-full size-full\" alt=\"\" srcset=\"https:\/\/www.vidademadrid.com\/es\/wp-content\/uploads\/2017\/12\/salvador-bachiller-007.jpg 715w, https:\/\/www.vidademadrid.com\/es\/wp-content\/uploads\/2017\/12\/salvador-bachiller-007-300x225.jpg 300w\" sizes=\"auto, (max-width: 715px) 100vw, 715px\" \/>\n\t\t\t<\/div><\/figure><figure class='gallery-item'>\n\t\t\t<div class='gallery-icon landscape'>\n\t\t\t\t<img loading=\"lazy\" decoding=\"async\" width=\"715\" height=\"536\" src=\"https:\/\/www.vidademadrid.com\/es\/wp-content\/uploads\/2017\/12\/salvador-bachiller-020.jpg\" class=\"attachment-full size-full\" alt=\"\" srcset=\"https:\/\/www.vidademadrid.com\/es\/wp-content\/uploads\/2017\/12\/salvador-bachiller-020.jpg 715w, https:\/\/www.vidademadrid.com\/es\/wp-content\/uploads\/2017\/12\/salvador-bachiller-020-300x225.jpg 300w\" sizes=\"auto, (max-width: 715px) 100vw, 715px\" \/>\n\t\t\t<\/div><\/figure><figure class='gallery-item'>\n\t\t\t<div class='gallery-icon landscape'>\n\t\t\t\t<img loading=\"lazy\" decoding=\"async\" width=\"715\" height=\"536\" src=\"https:\/\/www.vidademadrid.com\/es\/wp-content\/uploads\/2017\/12\/salvador-bachiller-009.jpg\" class=\"attachment-full size-full\" alt=\"\" srcset=\"https:\/\/www.vidademadrid.com\/es\/wp-content\/uploads\/2017\/12\/salvador-bachiller-009.jpg 715w, https:\/\/www.vidademadrid.com\/es\/wp-content\/uploads\/2017\/12\/salvador-bachiller-009-300x225.jpg 300w\" sizes=\"auto, (max-width: 715px) 100vw, 715px\" \/>\n\t\t\t<\/div><\/figure><figure class='gallery-item'>\n\t\t\t<div class='gallery-icon landscape'>\n\t\t\t\t<img loading=\"lazy\" decoding=\"async\" width=\"715\" height=\"536\" src=\"https:\/\/www.vidademadrid.com\/es\/wp-content\/uploads\/2017\/12\/salvador-bachiller-022.jpg\" class=\"attachment-full size-full\" alt=\"\" aria-describedby=\"gallery-1-9533\" srcset=\"https:\/\/www.vidademadrid.com\/es\/wp-content\/uploads\/2017\/12\/salvador-bachiller-022.jpg 715w, https:\/\/www.vidademadrid.com\/es\/wp-content\/uploads\/2017\/12\/salvador-bachiller-022-300x225.jpg 300w\" sizes=\"auto, (max-width: 715px) 100vw, 715px\" \/>\n\t\t\t<\/div>\n\t\t\t\t<figcaption class='wp-caption-text gallery-caption' id='gallery-1-9533'>\n\t\t\t\tRollitos vietnamitas de verduras y gyozas de pollo con dos salsas (10\u20ac)\n\t\t\t\t<\/figcaption><\/figure><figure class='gallery-item'>\n\t\t\t<div class='gallery-icon landscape'>\n\t\t\t\t<img loading=\"lazy\" decoding=\"async\" width=\"715\" height=\"536\" src=\"https:\/\/www.vidademadrid.com\/es\/wp-content\/uploads\/2017\/12\/salvador-bachiller-024.jpg\" class=\"attachment-full size-full\" alt=\"\" aria-describedby=\"gallery-1-9534\" srcset=\"https:\/\/www.vidademadrid.com\/es\/wp-content\/uploads\/2017\/12\/salvador-bachiller-024.jpg 715w, https:\/\/www.vidademadrid.com\/es\/wp-content\/uploads\/2017\/12\/salvador-bachiller-024-300x225.jpg 300w\" sizes=\"auto, (max-width: 715px) 100vw, 715px\" \/>\n\t\t\t<\/div>\n\t\t\t\t<figcaption class='wp-caption-text gallery-caption' id='gallery-1-9534'>\n\t\t\t\tRollitos vietnamitas de verduras y gyozas de pollo con dos salsas (10\u20ac)\n\t\t\t\t<\/figcaption><\/figure><figure class='gallery-item'>\n\t\t\t<div class='gallery-icon landscape'>\n\t\t\t\t<img loading=\"lazy\" decoding=\"async\" width=\"715\" height=\"536\" src=\"https:\/\/www.vidademadrid.com\/es\/wp-content\/uploads\/2017\/12\/salvador-bachiller-048.jpg\" class=\"attachment-full size-full\" alt=\"\" srcset=\"https:\/\/www.vidademadrid.com\/es\/wp-content\/uploads\/2017\/12\/salvador-bachiller-048.jpg 715w, https:\/\/www.vidademadrid.com\/es\/wp-content\/uploads\/2017\/12\/salvador-bachiller-048-300x225.jpg 300w\" sizes=\"auto, (max-width: 715px) 100vw, 715px\" \/>\n\t\t\t<\/div><\/figure><figure class='gallery-item'>\n\t\t\t<div class='gallery-icon landscape'>\n\t\t\t\t<img loading=\"lazy\" decoding=\"async\" width=\"715\" height=\"536\" src=\"https:\/\/www.vidademadrid.com\/es\/wp-content\/uploads\/2017\/12\/salvador-bachiller-032.jpg\" class=\"attachment-full size-full\" alt=\"\" aria-describedby=\"gallery-1-9535\" srcset=\"https:\/\/www.vidademadrid.com\/es\/wp-content\/uploads\/2017\/12\/salvador-bachiller-032.jpg 715w, https:\/\/www.vidademadrid.com\/es\/wp-content\/uploads\/2017\/12\/salvador-bachiller-032-300x225.jpg 300w\" sizes=\"auto, (max-width: 715px) 100vw, 715px\" \/>\n\t\t\t<\/div>\n\t\t\t\t<figcaption class='wp-caption-text gallery-caption' id='gallery-1-9535'>\n\t\t\t\tHamburguesa de langostinos (12\u20ac)\n\t\t\t\t<\/figcaption><\/figure><figure class='gallery-item'>\n\t\t\t<div class='gallery-icon landscape'>\n\t\t\t\t<img loading=\"lazy\" decoding=\"async\" width=\"715\" height=\"536\" src=\"https:\/\/www.vidademadrid.com\/es\/wp-content\/uploads\/2017\/12\/salvador-bachiller-010.jpg\" class=\"attachment-full size-full\" alt=\"\" srcset=\"https:\/\/www.vidademadrid.com\/es\/wp-content\/uploads\/2017\/12\/salvador-bachiller-010.jpg 715w, https:\/\/www.vidademadrid.com\/es\/wp-content\/uploads\/2017\/12\/salvador-bachiller-010-300x225.jpg 300w\" sizes=\"auto, (max-width: 715px) 100vw, 715px\" \/>\n\t\t\t<\/div><\/figure><figure class='gallery-item'>\n\t\t\t<div class='gallery-icon landscape'>\n\t\t\t\t<img loading=\"lazy\" decoding=\"async\" width=\"715\" height=\"536\" src=\"https:\/\/www.vidademadrid.com\/es\/wp-content\/uploads\/2017\/12\/salvador-bachiller-040.jpg\" class=\"attachment-full size-full\" alt=\"\" aria-describedby=\"gallery-1-9536\" srcset=\"https:\/\/www.vidademadrid.com\/es\/wp-content\/uploads\/2017\/12\/salvador-bachiller-040.jpg 715w, https:\/\/www.vidademadrid.com\/es\/wp-content\/uploads\/2017\/12\/salvador-bachiller-040-300x225.jpg 300w\" sizes=\"auto, (max-width: 715px) 100vw, 715px\" \/>\n\t\t\t<\/div>\n\t\t\t\t<figcaption class='wp-caption-text gallery-caption' id='gallery-1-9536'>\n\t\t\t\tPan bao de pollo (12\u20ac)\n\t\t\t\t<\/figcaption><\/figure><figure class='gallery-item'>\n\t\t\t<div class='gallery-icon landscape'>\n\t\t\t\t<img loading=\"lazy\" decoding=\"async\" width=\"715\" height=\"536\" src=\"https:\/\/www.vidademadrid.com\/es\/wp-content\/uploads\/2017\/12\/salvador-bachiller-042.jpg\" class=\"attachment-full size-full\" alt=\"\" aria-describedby=\"gallery-1-9537\" srcset=\"https:\/\/www.vidademadrid.com\/es\/wp-content\/uploads\/2017\/12\/salvador-bachiller-042.jpg 715w, https:\/\/www.vidademadrid.com\/es\/wp-content\/uploads\/2017\/12\/salvador-bachiller-042-300x225.jpg 300w\" sizes=\"auto, (max-width: 715px) 100vw, 715px\" \/>\n\t\t\t<\/div>\n\t\t\t\t<figcaption class='wp-caption-text gallery-caption' id='gallery-1-9537'>\n\t\t\t\tPan bao de pollo (12\u20ac)\n\t\t\t\t<\/figcaption><\/figure><figure class='gallery-item'>\n\t\t\t<div class='gallery-icon landscape'>\n\t\t\t\t<img loading=\"lazy\" decoding=\"async\" width=\"715\" height=\"536\" src=\"https:\/\/www.vidademadrid.com\/es\/wp-content\/uploads\/2017\/12\/salvador-bachiller-015.jpg\" class=\"attachment-full size-full\" alt=\"\" srcset=\"https:\/\/www.vidademadrid.com\/es\/wp-content\/uploads\/2017\/12\/salvador-bachiller-015.jpg 715w, https:\/\/www.vidademadrid.com\/es\/wp-content\/uploads\/2017\/12\/salvador-bachiller-015-300x225.jpg 300w\" sizes=\"auto, (max-width: 715px) 100vw, 715px\" \/>\n\t\t\t<\/div><\/figure><figure class='gallery-item'>\n\t\t\t<div class='gallery-icon landscape'>\n\t\t\t\t<img loading=\"lazy\" decoding=\"async\" width=\"715\" height=\"536\" src=\"https:\/\/www.vidademadrid.com\/es\/wp-content\/uploads\/2017\/12\/salvador-bachiller-047.jpg\" class=\"attachment-full size-full\" alt=\"\" srcset=\"https:\/\/www.vidademadrid.com\/es\/wp-content\/uploads\/2017\/12\/salvador-bachiller-047.jpg 715w, https:\/\/www.vidademadrid.com\/es\/wp-content\/uploads\/2017\/12\/salvador-bachiller-047-300x225.jpg 300w\" sizes=\"auto, (max-width: 715px) 100vw, 715px\" \/>\n\t\t\t<\/div><\/figure><figure class='gallery-item'>\n\t\t\t<div class='gallery-icon landscape'>\n\t\t\t\t<img loading=\"lazy\" decoding=\"async\" width=\"715\" height=\"536\" src=\"https:\/\/www.vidademadrid.com\/es\/wp-content\/uploads\/2017\/12\/salvador-bachiller-044.jpg\" class=\"attachment-full size-full\" alt=\"\" aria-describedby=\"gallery-1-9538\" srcset=\"https:\/\/www.vidademadrid.com\/es\/wp-content\/uploads\/2017\/12\/salvador-bachiller-044.jpg 715w, https:\/\/www.vidademadrid.com\/es\/wp-content\/uploads\/2017\/12\/salvador-bachiller-044-300x225.jpg 300w\" sizes=\"auto, (max-width: 715px) 100vw, 715px\" \/>\n\t\t\t<\/div>\n\t\t\t\t<figcaption class='wp-caption-text gallery-caption' id='gallery-1-9538'>\n\t\t\t\tPostre especial Jard\u00edn Secreto (7,50\u20ac)\n\t\t\t\t<\/figcaption><\/figure>\n\t\t<\/div>\n\n<h2>S\u00edgueme en Instagram para m\u00e1s fotos \u00aben directo\u00bb como esta<\/h2>\n<blockquote class=\"instagram-media\" data-instgrm-captioned data-instgrm-permalink=\"https:\/\/www.instagram.com\/p\/Bca1FeugPqG\/\" data-instgrm-version=\"8\" style=\" background:#FFF; border:0; border-radius:3px; box-shadow:0 0 1px 0 rgba(0,0,0,0.5),0 1px 10px 0 rgba(0,0,0,0.15); margin: 1px; max-width:658px; padding:0; width:99.375%; width:-webkit-calc(100% - 2px); width:calc(100% - 2px);\">\n<div style=\"padding:8px;\">\n<div style=\" background:#F8F8F8; line-height:0; margin-top:40px; padding:37.5% 0; text-align:center; width:100%;\">\n<div style=\" background:url(data:image\/png;base64,iVBORw0KGgoAAAANSUhEUgAAACwAAAAsCAMAAAApWqozAAAABGdBTUEAALGPC\/xhBQAAAAFzUkdCAK7OHOkAAAAMUExURczMzPf399fX1+bm5mzY9AMAAADiSURBVDjLvZXbEsMgCES5\/P8\/t9FuRVCRmU73JWlzosgSIIZURCjo\/ad+EQJJB4Hv8BFt+IDpQoCx1wjOSBFhh2XssxEIYn3ulI\/6MNReE07UIWJEv8UEOWDS88LY97kqyTliJKKtuYBbruAyVh5wOHiXmpi5we58Ek028czwyuQdLKPG1Bkb4NnM+VeAnfHqn1k4+GPT6uGQcvu2h2OVuIf\/gWUFyy8OWEpdyZSa3aVCqpVoVvzZZ2VTnn2wU8qzVjDDetO90GSy9mVLqtgYSy231MxrY6I2gGqjrTY0L8fxCxfCBbhWrsYYAAAAAElFTkSuQmCC); display:block; height:44px; margin:0 auto -44px; position:relative; top:-22px; width:44px;\"><\/div>\n<\/div>\n<p style=\" margin:8px 0 0 0; padding:0 4px;\"> <a href=\"https:\/\/www.instagram.com\/p\/Bca1FeugPqG\/\" style=\" color:#000; font-family:Arial,sans-serif; font-size:14px; font-style:normal; font-weight:normal; line-height:17px; text-decoration:none; word-wrap:break-word;\" target=\"_blank\" rel=\"noopener noreferrer\">Vida de puente &#8211; Hoy he cenado en un local \u00fanico de Gran V\u00eda, El Invernadero de @salvadorbachiller : decoraci\u00f3n y estilo incre\u00edble, musica en vivo y buena comida! Todos los platos en Stories, pronto rese\u00f1a en la web. En foto: hamburguesa de langostinos. #madrid #granvia #granv\u00eda #salvadorbachiller #dinner #cena #hamburger #hamburguesa #langostinos #langostino #estilo #green #deco #interiorismo #restaurantemadrid #restaurantesdemadrid<\/a><\/p>\n<p style=\" color:#c9c8cd; font-family:Arial,sans-serif; font-size:14px; line-height:17px; margin-bottom:0; margin-top:8px; overflow:hidden; padding:8px 0 7px; text-align:center; text-overflow:ellipsis; white-space:nowrap;\">Un post condiviso da <a href=\"https:\/\/www.instagram.com\/vidademadrid\/\" style=\" color:#c9c8cd; font-family:Arial,sans-serif; font-size:14px; font-style:normal; font-weight:normal; line-height:17px;\" target=\"_blank\" rel=\"noopener noreferrer\"> Vida de Madrid<\/a> (@vidademadrid) in data: <time style=\" font-family:Arial,sans-serif; font-size:14px; line-height:17px;\" datetime=\"2017-12-07T23:19:24+00:00\">Dic 7, 2017 at 3:19 PST<\/time><\/p>\n<\/div>\n<\/blockquote>\n<p> <script async defer src=\"\/\/platform.instagram.com\/en_US\/embeds.js\"><\/script><\/p>\n<div id=\"info\">\n<strong>El Invernadero de Salvador Bachiller<\/strong><\/p>\n<ul>\n<li>Direcci\u00f3n: Gran V\u00eda, 65, 28013 Madrid<\/li>\n<li>Metro: Plaza de Espa\u00f1a<\/li>\n<li>Tel\u00e9fono: 915 40 17 29<\/li>\n<li><a href=\"http:\/\/www.gastrobaressb.com\/#invernadero\" target=\"_blank\" rel=\"nofollow noopener noreferrer\">Web<\/a> &#8211; <a href=\"https:\/\/www.facebook.com\/SalvadorBachilleroficial\" target=\"_blank\" rel=\"noopener noreferrer\">Facebook<\/a> &#8211; <a href=\"https:\/\/twitter.com\/SalBachiller\" target=\"_blank\" rel=\"noopener noreferrer\">Twitter<\/a> &#8211; <a href=\"https:\/\/www.instagram.com\/salvadorbachiller\/\" target=\"_blank\" rel=\"noopener noreferrer\">Instagram<\/a><\/li>\n<\/ul>\n<p>Mapa<br \/>\n<iframe loading=\"lazy\" style=\"border: 0;\" src=\"https:\/\/www.google.com\/maps\/embed?pb=!1m14!1m8!1m3!1d5108.3329849386855!2d-3.710147907874999!3d40.42141075885733!3m2!1i1024!2i768!4f13.1!3m3!1m2!1s0x0%3A0x25e9fe1d80b380ce!2sEl+Invernadero+de+Salvador+Bachiller!5e0!3m2!1ses!2sit!4v1513690614976\" width=\"715\" height=\"350\" frameborder=\"0\" allowfullscreen=\"allowfullscreen\"><\/iframe><\/p>\n<\/div>\n","protected":false},"excerpt":{"rendered":"<p>Cena en el original espacio en Gran V\u00eda<\/p>\n","protected":false},"author":1,"featured_media":9521,"comment_status":"open","ping_status":"open","sticky":false,"template":"","format":"standard","meta":{"footnotes":""},"categories":[2],"tags":[8,92],"class_list":{"0":"post-9520","1":"post","2":"type-post","3":"status-publish","4":"format-standard","5":"has-post-thumbnail","7":"category-restaurantes-planes-foodie-madrid","8":"tag-centro-de-madrid","9":"tag-gran-via"},"_links":{"self":[{"href":"https:\/\/www.vidademadrid.com\/es\/wp-json\/wp\/v2\/posts\/9520","targetHints":{"allow":["GET"]}}],"collection":[{"href":"https:\/\/www.vidademadrid.com\/es\/wp-json\/wp\/v2\/posts"}],"about":[{"href":"https:\/\/www.vidademadrid.com\/es\/wp-json\/wp\/v2\/types\/post"}],"author":[{"embeddable":true,"href":"https:\/\/www.vidademadrid.com\/es\/wp-json\/wp\/v2\/users\/1"}],"replies":[{"embeddable":true,"href":"https:\/\/www.vidademadrid.com\/es\/wp-json\/wp\/v2\/comments?post=9520"}],"version-history":[{"count":10,"href":"https:\/\/www.vidademadrid.com\/es\/wp-json\/wp\/v2\/posts\/9520\/revisions"}],"predecessor-version":[{"id":19875,"href":"https:\/\/www.vidademadrid.com\/es\/wp-json\/wp\/v2\/posts\/9520\/revisions\/19875"}],"wp:featuredmedia":[{"embeddable":true,"href":"https:\/\/www.vidademadrid.com\/es\/wp-json\/wp\/v2\/media\/9521"}],"wp:attachment":[{"href":"https:\/\/www.vidademadrid.com\/es\/wp-json\/wp\/v2\/media?parent=9520"}],"wp:term":[{"taxonomy":"category","embeddable":true,"href":"https:\/\/www.vidademadrid.com\/es\/wp-json\/wp\/v2\/categories?post=9520"},{"taxonomy":"post_tag","embeddable":true,"href":"https:\/\/www.vidademadrid.com\/es\/wp-json\/wp\/v2\/tags?post=9520"}],"curies":[{"name":"wp","href":"https:\/\/api.w.org\/{rel}","templated":true}]}}