{"id":802,"date":"2015-11-18T16:48:26","date_gmt":"2015-11-18T15:48:26","guid":{"rendered":"http:\/\/www.vidademadrid.com\/es\/?p=802"},"modified":"2020-01-27T11:15:35","modified_gmt":"2020-01-27T10:15:35","slug":"munch-madrid-2015-2016-thyssen-bornemisza","status":"publish","type":"post","link":"https:\/\/www.vidademadrid.com\/es\/802\/munch-madrid-2015-2016-thyssen-bornemisza\/","title":{"rendered":"Munch en Madrid: exposici\u00f3n en el Thyssen-Bornemisza, hasta el 17 enero 2016 &#8211; fotos"},"content":{"rendered":"<p>Hace unos d\u00edas he estado en \u00ab<em>Edvard Munch &#8211; Arquetipos<\/em>\u00bb (<a href=\"#info\" target=\"_blank\" rel=\"noopener noreferrer\">info pr\u00e1ctica<\/a> &#8211; <a href=\"#fotos\" target=\"_blank\" rel=\"noopener noreferrer\">fotos<\/a>): la exposici\u00f3n en el Museo Thyssen-Bornemisza es sin duda una de los eventos art\u00edsticos mas importantes del 2015-2016 en Madrid.<\/p>\n<p>La exposici\u00f3n dedicada a Edvard Munch empez\u00f3 el 6 de octubre 2015 y seguir\u00e1 hasta el 17 enero 2016. Muchas de las obras vienen del Munch Museet de Oslo. Todo est\u00e1 dividido en distintas secciones: melancol\u00eda, p\u00e1nico, mujer, melodrama, amor, nocturnos, vitalismo, desnudos.<\/p>\n<p>Como se lee en la <a href=\"http:\/\/www.museothyssen.org\/microsites\/exposiciones\/2015\/Munch\/\" target=\"_blank\" rel=\"noopener noreferrer\">web oficial<\/a>:<\/p>\n<blockquote><p>La muestra re\u00fane una selecci\u00f3n de ochenta obras que examina la larga y prol\u00edfica carrera del pintor y muestra su capacidad de sintetizar las obsesiones del hombre contempor\u00e1neo. El recorrido de la exposici\u00f3n re\u00fane un amplio cat\u00e1logo de arquetipos emocionales a trav\u00e9s de los cuales Munch nos revela diferentes obsesiones existenciales como amor, deseo, celos, ansiedad o muerte; o estados an\u00edmicos como melancol\u00eda, pasi\u00f3n o sumisi\u00f3n.<\/p><\/blockquote>\n<p>En mi opini\u00f3n, no ten\u00e9is que perder esta exposici\u00f3n de Munch en Madrid. \u00a1Un plan perfecto para estas navidades!<\/p>\n<h2 id=\"fotos\">Las fotos (las obras de Munch y mis fotos en el Thyssen)<\/h2>\n<div id='gallery-1' class='gallery galleryid-802 gallery-columns-1 gallery-size-full'><figure class='gallery-item'>\n\t\t\t<div class='gallery-icon landscape'>\n\t\t\t\t<img loading=\"lazy\" decoding=\"async\" width=\"715\" height=\"578\" src=\"https:\/\/www.vidademadrid.com\/es\/wp-content\/uploads\/2015\/11\/munch-madrid-01.jpg\" class=\"attachment-full size-full\" alt=\"\" aria-describedby=\"gallery-1-804\" srcset=\"https:\/\/www.vidademadrid.com\/es\/wp-content\/uploads\/2015\/11\/munch-madrid-01.jpg 715w, https:\/\/www.vidademadrid.com\/es\/wp-content\/uploads\/2015\/11\/munch-madrid-01-300x243.jpg 300w\" sizes=\"auto, (max-width: 715px) 100vw, 715px\" \/>\n\t\t\t<\/div>\n\t\t\t\t<figcaption class='wp-caption-text gallery-caption' id='gallery-1-804'>\n\t\t\t\tEdvard Munch &#8211; Ad\u00e1n y Eva\n\t\t\t\t<\/figcaption><\/figure><figure class='gallery-item'>\n\t\t\t<div class='gallery-icon landscape'>\n\t\t\t\t<img loading=\"lazy\" decoding=\"async\" width=\"715\" height=\"692\" src=\"https:\/\/www.vidademadrid.com\/es\/wp-content\/uploads\/2015\/11\/munch-madrid-03.jpg\" class=\"attachment-full size-full\" alt=\"\" aria-describedby=\"gallery-1-805\" srcset=\"https:\/\/www.vidademadrid.com\/es\/wp-content\/uploads\/2015\/11\/munch-madrid-03.jpg 715w, https:\/\/www.vidademadrid.com\/es\/wp-content\/uploads\/2015\/11\/munch-madrid-03-300x290.jpg 300w\" sizes=\"auto, (max-width: 715px) 100vw, 715px\" \/>\n\t\t\t<\/div>\n\t\t\t\t<figcaption class='wp-caption-text gallery-caption' id='gallery-1-805'>\n\t\t\t\tEdvard Munch &#8211; El artista y su modelo\n\t\t\t\t<\/figcaption><\/figure><figure class='gallery-item'>\n\t\t\t<div class='gallery-icon portrait'>\n\t\t\t\t<img loading=\"lazy\" decoding=\"async\" width=\"715\" height=\"993\" src=\"https:\/\/www.vidademadrid.com\/es\/wp-content\/uploads\/2015\/11\/munch-madrid-06.jpg\" class=\"attachment-full size-full\" alt=\"\" aria-describedby=\"gallery-1-806\" srcset=\"https:\/\/www.vidademadrid.com\/es\/wp-content\/uploads\/2015\/11\/munch-madrid-06.jpg 715w, https:\/\/www.vidademadrid.com\/es\/wp-content\/uploads\/2015\/11\/munch-madrid-06-216x300.jpg 216w\" sizes=\"auto, (max-width: 715px) 100vw, 715px\" \/>\n\t\t\t<\/div>\n\t\t\t\t<figcaption class='wp-caption-text gallery-caption' id='gallery-1-806'>\n\t\t\t\tEdvard Munch &#8211; Autorretrato\n\t\t\t\t<\/figcaption><\/figure><figure class='gallery-item'>\n\t\t\t<div class='gallery-icon landscape'>\n\t\t\t\t<img loading=\"lazy\" decoding=\"async\" width=\"715\" height=\"576\" src=\"https:\/\/www.vidademadrid.com\/es\/wp-content\/uploads\/2015\/11\/munch-madrid-10.jpg\" class=\"attachment-full size-full\" alt=\"\" aria-describedby=\"gallery-1-807\" srcset=\"https:\/\/www.vidademadrid.com\/es\/wp-content\/uploads\/2015\/11\/munch-madrid-10.jpg 715w, https:\/\/www.vidademadrid.com\/es\/wp-content\/uploads\/2015\/11\/munch-madrid-10-300x242.jpg 300w\" sizes=\"auto, (max-width: 715px) 100vw, 715px\" \/>\n\t\t\t<\/div>\n\t\t\t\t<figcaption class='wp-caption-text gallery-caption' id='gallery-1-807'>\n\t\t\t\tEdvard Munch &#8211; Celos\n\t\t\t\t<\/figcaption><\/figure><figure class='gallery-item'>\n\t\t\t<div class='gallery-icon landscape'>\n\t\t\t\t<img loading=\"lazy\" decoding=\"async\" width=\"715\" height=\"699\" src=\"https:\/\/www.vidademadrid.com\/es\/wp-content\/uploads\/2015\/11\/munch-madrid-12.jpg\" class=\"attachment-full size-full\" alt=\"\" aria-describedby=\"gallery-1-808\" srcset=\"https:\/\/www.vidademadrid.com\/es\/wp-content\/uploads\/2015\/11\/munch-madrid-12.jpg 715w, https:\/\/www.vidademadrid.com\/es\/wp-content\/uploads\/2015\/11\/munch-madrid-12-300x293.jpg 300w\" sizes=\"auto, (max-width: 715px) 100vw, 715px\" \/>\n\t\t\t<\/div>\n\t\t\t\t<figcaption class='wp-caption-text gallery-caption' id='gallery-1-808'>\n\t\t\t\tEdvard Munch &#8211; Desnudo femenino de rodillas\n\t\t\t\t<\/figcaption><\/figure><figure class='gallery-item'>\n\t\t\t<div class='gallery-icon portrait'>\n\t\t\t\t<img loading=\"lazy\" decoding=\"async\" width=\"715\" height=\"1167\" src=\"https:\/\/www.vidademadrid.com\/es\/wp-content\/uploads\/2015\/11\/munch-madrid-13.jpg\" class=\"attachment-full size-full\" alt=\"\" aria-describedby=\"gallery-1-809\" srcset=\"https:\/\/www.vidademadrid.com\/es\/wp-content\/uploads\/2015\/11\/munch-madrid-13.jpg 715w, https:\/\/www.vidademadrid.com\/es\/wp-content\/uploads\/2015\/11\/munch-madrid-13-184x300.jpg 184w, https:\/\/www.vidademadrid.com\/es\/wp-content\/uploads\/2015\/11\/munch-madrid-13-627x1024.jpg 627w\" sizes=\"auto, (max-width: 715px) 100vw, 715px\" \/>\n\t\t\t<\/div>\n\t\t\t\t<figcaption class='wp-caption-text gallery-caption' id='gallery-1-809'>\n\t\t\t\tEdvard Munch &#8211; El grito\n\t\t\t\t<\/figcaption><\/figure><figure class='gallery-item'>\n\t\t\t<div class='gallery-icon portrait'>\n\t\t\t\t<img loading=\"lazy\" decoding=\"async\" width=\"715\" height=\"956\" src=\"https:\/\/www.vidademadrid.com\/es\/wp-content\/uploads\/2015\/11\/munch-madrid-20.jpg\" class=\"attachment-full size-full\" alt=\"\" aria-describedby=\"gallery-1-810\" srcset=\"https:\/\/www.vidademadrid.com\/es\/wp-content\/uploads\/2015\/11\/munch-madrid-20.jpg 715w, https:\/\/www.vidademadrid.com\/es\/wp-content\/uploads\/2015\/11\/munch-madrid-20-224x300.jpg 224w\" sizes=\"auto, (max-width: 715px) 100vw, 715px\" \/>\n\t\t\t<\/div>\n\t\t\t\t<figcaption class='wp-caption-text gallery-caption' id='gallery-1-810'>\n\t\t\t\tEdvard Munch &#8211; Noche estrellada\n\t\t\t\t<\/figcaption><\/figure><figure class='gallery-item'>\n\t\t\t<div class='gallery-icon portrait'>\n\t\t\t\t<img loading=\"lazy\" decoding=\"async\" width=\"715\" height=\"1053\" src=\"https:\/\/www.vidademadrid.com\/es\/wp-content\/uploads\/2015\/11\/munch-madrid-21.jpg\" class=\"attachment-full size-full\" alt=\"\" aria-describedby=\"gallery-1-811\" srcset=\"https:\/\/www.vidademadrid.com\/es\/wp-content\/uploads\/2015\/11\/munch-madrid-21.jpg 715w, https:\/\/www.vidademadrid.com\/es\/wp-content\/uploads\/2015\/11\/munch-madrid-21-204x300.jpg 204w, https:\/\/www.vidademadrid.com\/es\/wp-content\/uploads\/2015\/11\/munch-madrid-21-695x1024.jpg 695w\" sizes=\"auto, (max-width: 715px) 100vw, 715px\" \/>\n\t\t\t<\/div>\n\t\t\t\t<figcaption class='wp-caption-text gallery-caption' id='gallery-1-811'>\n\t\t\t\tEdvard Munch &#8211; Pubertad\n\t\t\t\t<\/figcaption><\/figure><figure class='gallery-item'>\n\t\t\t<div class='gallery-icon portrait'>\n\t\t\t\t<img loading=\"lazy\" decoding=\"async\" width=\"715\" height=\"981\" src=\"https:\/\/www.vidademadrid.com\/es\/wp-content\/uploads\/2015\/11\/munch-madrid-22.jpg\" class=\"attachment-full size-full\" alt=\"\" aria-describedby=\"gallery-1-812\" srcset=\"https:\/\/www.vidademadrid.com\/es\/wp-content\/uploads\/2015\/11\/munch-madrid-22.jpg 715w, https:\/\/www.vidademadrid.com\/es\/wp-content\/uploads\/2015\/11\/munch-madrid-22-219x300.jpg 219w\" sizes=\"auto, (max-width: 715px) 100vw, 715px\" \/>\n\t\t\t<\/div>\n\t\t\t\t<figcaption class='wp-caption-text gallery-caption' id='gallery-1-812'>\n\t\t\t\tEdvard Munch &#8211; Las ni\u00f1as en el puente\n\t\t\t\t<\/figcaption><\/figure><figure class='gallery-item'>\n\t\t\t<div class='gallery-icon landscape'>\n\t\t\t\t<img loading=\"lazy\" decoding=\"async\" width=\"715\" height=\"668\" src=\"https:\/\/www.vidademadrid.com\/es\/wp-content\/uploads\/2015\/11\/munch-madrid-23.jpg\" class=\"attachment-full size-full\" alt=\"\" aria-describedby=\"gallery-1-813\" srcset=\"https:\/\/www.vidademadrid.com\/es\/wp-content\/uploads\/2015\/11\/munch-madrid-23.jpg 715w, https:\/\/www.vidademadrid.com\/es\/wp-content\/uploads\/2015\/11\/munch-madrid-23-300x280.jpg 300w\" sizes=\"auto, (max-width: 715px) 100vw, 715px\" \/>\n\t\t\t<\/div>\n\t\t\t\t<figcaption class='wp-caption-text gallery-caption' id='gallery-1-813'>\n\t\t\t\tEdvard Munch &#8211; La tormenta\n\t\t\t\t<\/figcaption><\/figure><figure class='gallery-item'>\n\t\t\t<div class='gallery-icon landscape'>\n\t\t\t\t<img loading=\"lazy\" decoding=\"async\" width=\"715\" height=\"529\" src=\"https:\/\/www.vidademadrid.com\/es\/wp-content\/uploads\/2015\/11\/munch-thyssen-madrid-01.jpg\" class=\"attachment-full size-full\" alt=\"\" srcset=\"https:\/\/www.vidademadrid.com\/es\/wp-content\/uploads\/2015\/11\/munch-thyssen-madrid-01.jpg 715w, https:\/\/www.vidademadrid.com\/es\/wp-content\/uploads\/2015\/11\/munch-thyssen-madrid-01-300x222.jpg 300w\" sizes=\"auto, (max-width: 715px) 100vw, 715px\" \/>\n\t\t\t<\/div><\/figure><figure class='gallery-item'>\n\t\t\t<div class='gallery-icon landscape'>\n\t\t\t\t<img loading=\"lazy\" decoding=\"async\" width=\"715\" height=\"529\" src=\"https:\/\/www.vidademadrid.com\/es\/wp-content\/uploads\/2015\/11\/munch-thyssen-madrid-02.jpg\" class=\"attachment-full size-full\" alt=\"\" srcset=\"https:\/\/www.vidademadrid.com\/es\/wp-content\/uploads\/2015\/11\/munch-thyssen-madrid-02.jpg 715w, https:\/\/www.vidademadrid.com\/es\/wp-content\/uploads\/2015\/11\/munch-thyssen-madrid-02-300x222.jpg 300w\" sizes=\"auto, (max-width: 715px) 100vw, 715px\" \/>\n\t\t\t<\/div><\/figure><figure class='gallery-item'>\n\t\t\t<div class='gallery-icon landscape'>\n\t\t\t\t<img loading=\"lazy\" decoding=\"async\" width=\"715\" height=\"529\" src=\"https:\/\/www.vidademadrid.com\/es\/wp-content\/uploads\/2015\/11\/munch-thyssen-madrid-05.jpg\" class=\"attachment-full size-full\" alt=\"\" srcset=\"https:\/\/www.vidademadrid.com\/es\/wp-content\/uploads\/2015\/11\/munch-thyssen-madrid-05.jpg 715w, https:\/\/www.vidademadrid.com\/es\/wp-content\/uploads\/2015\/11\/munch-thyssen-madrid-05-300x222.jpg 300w\" sizes=\"auto, (max-width: 715px) 100vw, 715px\" \/>\n\t\t\t<\/div><\/figure><figure class='gallery-item'>\n\t\t\t<div class='gallery-icon landscape'>\n\t\t\t\t<img loading=\"lazy\" decoding=\"async\" width=\"715\" height=\"529\" src=\"https:\/\/www.vidademadrid.com\/es\/wp-content\/uploads\/2015\/11\/munch-thyssen-madrid-07.jpg\" class=\"attachment-full size-full\" alt=\"\" srcset=\"https:\/\/www.vidademadrid.com\/es\/wp-content\/uploads\/2015\/11\/munch-thyssen-madrid-07.jpg 715w, https:\/\/www.vidademadrid.com\/es\/wp-content\/uploads\/2015\/11\/munch-thyssen-madrid-07-300x222.jpg 300w\" sizes=\"auto, (max-width: 715px) 100vw, 715px\" \/>\n\t\t\t<\/div><\/figure><figure class='gallery-item'>\n\t\t\t<div class='gallery-icon landscape'>\n\t\t\t\t<img loading=\"lazy\" decoding=\"async\" width=\"715\" height=\"529\" src=\"https:\/\/www.vidademadrid.com\/es\/wp-content\/uploads\/2015\/11\/munch-thyssen-madrid-14.jpg\" class=\"attachment-full size-full\" alt=\"\" srcset=\"https:\/\/www.vidademadrid.com\/es\/wp-content\/uploads\/2015\/11\/munch-thyssen-madrid-14.jpg 715w, https:\/\/www.vidademadrid.com\/es\/wp-content\/uploads\/2015\/11\/munch-thyssen-madrid-14-300x222.jpg 300w\" sizes=\"auto, (max-width: 715px) 100vw, 715px\" \/>\n\t\t\t<\/div><\/figure><figure class='gallery-item'>\n\t\t\t<div class='gallery-icon landscape'>\n\t\t\t\t<img loading=\"lazy\" decoding=\"async\" width=\"715\" height=\"529\" src=\"https:\/\/www.vidademadrid.com\/es\/wp-content\/uploads\/2015\/11\/munch-thyssen-madrid-17.jpg\" class=\"attachment-full size-full\" alt=\"\" srcset=\"https:\/\/www.vidademadrid.com\/es\/wp-content\/uploads\/2015\/11\/munch-thyssen-madrid-17.jpg 715w, https:\/\/www.vidademadrid.com\/es\/wp-content\/uploads\/2015\/11\/munch-thyssen-madrid-17-300x222.jpg 300w\" sizes=\"auto, (max-width: 715px) 100vw, 715px\" \/>\n\t\t\t<\/div><\/figure><figure class='gallery-item'>\n\t\t\t<div class='gallery-icon landscape'>\n\t\t\t\t<img loading=\"lazy\" decoding=\"async\" width=\"715\" height=\"529\" src=\"https:\/\/www.vidademadrid.com\/es\/wp-content\/uploads\/2015\/11\/munch-thyssen-madrid-23.jpg\" class=\"attachment-full size-full\" alt=\"\" srcset=\"https:\/\/www.vidademadrid.com\/es\/wp-content\/uploads\/2015\/11\/munch-thyssen-madrid-23.jpg 715w, https:\/\/www.vidademadrid.com\/es\/wp-content\/uploads\/2015\/11\/munch-thyssen-madrid-23-300x222.jpg 300w\" sizes=\"auto, (max-width: 715px) 100vw, 715px\" \/>\n\t\t\t<\/div><\/figure><figure class='gallery-item'>\n\t\t\t<div class='gallery-icon landscape'>\n\t\t\t\t<img loading=\"lazy\" decoding=\"async\" width=\"715\" height=\"529\" src=\"https:\/\/www.vidademadrid.com\/es\/wp-content\/uploads\/2015\/11\/munch-thyssen-madrid-24.jpg\" class=\"attachment-full size-full\" alt=\"\" srcset=\"https:\/\/www.vidademadrid.com\/es\/wp-content\/uploads\/2015\/11\/munch-thyssen-madrid-24.jpg 715w, https:\/\/www.vidademadrid.com\/es\/wp-content\/uploads\/2015\/11\/munch-thyssen-madrid-24-300x222.jpg 300w\" sizes=\"auto, (max-width: 715px) 100vw, 715px\" \/>\n\t\t\t<\/div><\/figure><figure class='gallery-item'>\n\t\t\t<div class='gallery-icon landscape'>\n\t\t\t\t<img loading=\"lazy\" decoding=\"async\" width=\"715\" height=\"529\" src=\"https:\/\/www.vidademadrid.com\/es\/wp-content\/uploads\/2015\/11\/munch-thyssen-madrid-25.jpg\" class=\"attachment-full size-full\" alt=\"\" srcset=\"https:\/\/www.vidademadrid.com\/es\/wp-content\/uploads\/2015\/11\/munch-thyssen-madrid-25.jpg 715w, https:\/\/www.vidademadrid.com\/es\/wp-content\/uploads\/2015\/11\/munch-thyssen-madrid-25-300x222.jpg 300w\" sizes=\"auto, (max-width: 715px) 100vw, 715px\" \/>\n\t\t\t<\/div><\/figure><figure class='gallery-item'>\n\t\t\t<div class='gallery-icon landscape'>\n\t\t\t\t<img loading=\"lazy\" decoding=\"async\" width=\"715\" height=\"529\" src=\"https:\/\/www.vidademadrid.com\/es\/wp-content\/uploads\/2015\/11\/munch-thyssen-madrid-27.jpg\" class=\"attachment-full size-full\" alt=\"\" srcset=\"https:\/\/www.vidademadrid.com\/es\/wp-content\/uploads\/2015\/11\/munch-thyssen-madrid-27.jpg 715w, https:\/\/www.vidademadrid.com\/es\/wp-content\/uploads\/2015\/11\/munch-thyssen-madrid-27-300x222.jpg 300w\" sizes=\"auto, (max-width: 715px) 100vw, 715px\" \/>\n\t\t\t<\/div><\/figure>\n\t\t<\/div>\n\n<div id=\"info\"><strong>Museo Thyssen Bornemisza &#8211; \u00abEdvard Munch. Arquetipos\u00bb<\/strong><\/p>\n<ul>\n<li>Direcci\u00f3n: Paseo del Prado, 8, 28014 Madrid<\/li>\n<li>Metro: Banco de Espa\u00f1a<\/li>\n<li>Tel\u00e9fono: 902 760 511<\/li>\n<li>Precio: 11\u20ac (7\u20ac reducido; gratis menores de 12 a\u00f1os y desempleados)<\/li>\n<li>Fechas: del 06 octubre 2015 al 17 enero 2016<\/li>\n<li>Horario: S\u00e1bados 10-21. Todos los otros d\u00edas 10-19<\/li>\n<li>Horarios especiales: 24 y 31 diciembre 2015 de 10 a 15. Cerrado 25 diciembre 2015 y 1 enero 2016<\/li>\n<li><a href=\"http:\/\/www.museothyssen.org\/microsites\/exposiciones\/2015\/Munch\/index.html\" target=\"_blank\" rel=\"nofollow noopener noreferrer\">Web<\/a> &#8211; <a href=\"http:\/\/www.facebook.com\/museothyssen\" target=\"_blank\" rel=\"noopener noreferrer\">Facebook<\/a> &#8211; <a href=\"http:\/\/twitter.com\/museothyssen\" target=\"_blank\" rel=\"noopener noreferrer\">Twitter<\/a> &#8211; <a href=\"http:\/\/instagram.com\/museothyssen\/\" target=\"_blank\" rel=\"noopener noreferrer\">Instagram<\/a><\/li>\n<\/ul>\n<p>Mapa<br \/>\n<iframe loading=\"lazy\" style=\"border: 0;\" src=\"https:\/\/www.google.com\/maps\/embed?pb=!1m18!1m12!1m3!1d3037.6752420623784!2d-3.6971140847174655!3d40.416044663605284!2m3!1f0!2f0!3f0!3m2!1i1024!2i768!4f13.1!3m3!1m2!1s0xd4228831aa2ecbf%3A0x5a934a7882cb528f!2sMuseo+Thyssen+Bornemisza!5e0!3m2!1ses!2ses!4v1447630492580\" width=\"715\" height=\"350\" frameborder=\"0\" allowfullscreen=\"allowfullscreen\"><\/iframe><\/p>\n<\/div>\n","protected":false},"excerpt":{"rendered":"<p>Uno de los eventos art\u00edsticos mas importantes del 2015-2016 en Madrid<\/p>\n","protected":false},"author":1,"featured_media":803,"comment_status":"open","ping_status":"open","sticky":false,"template":"","format":"standard","meta":{"footnotes":""},"categories":[1],"tags":[8],"class_list":{"0":"post-802","1":"post","2":"type-post","3":"status-publish","4":"format-standard","5":"has-post-thumbnail","7":"category-varios","8":"tag-centro-de-madrid"},"_links":{"self":[{"href":"https:\/\/www.vidademadrid.com\/es\/wp-json\/wp\/v2\/posts\/802","targetHints":{"allow":["GET"]}}],"collection":[{"href":"https:\/\/www.vidademadrid.com\/es\/wp-json\/wp\/v2\/posts"}],"about":[{"href":"https:\/\/www.vidademadrid.com\/es\/wp-json\/wp\/v2\/types\/post"}],"author":[{"embeddable":true,"href":"https:\/\/www.vidademadrid.com\/es\/wp-json\/wp\/v2\/users\/1"}],"replies":[{"embeddable":true,"href":"https:\/\/www.vidademadrid.com\/es\/wp-json\/wp\/v2\/comments?post=802"}],"version-history":[{"count":14,"href":"https:\/\/www.vidademadrid.com\/es\/wp-json\/wp\/v2\/posts\/802\/revisions"}],"predecessor-version":[{"id":15485,"href":"https:\/\/www.vidademadrid.com\/es\/wp-json\/wp\/v2\/posts\/802\/revisions\/15485"}],"wp:featuredmedia":[{"embeddable":true,"href":"https:\/\/www.vidademadrid.com\/es\/wp-json\/wp\/v2\/media\/803"}],"wp:attachment":[{"href":"https:\/\/www.vidademadrid.com\/es\/wp-json\/wp\/v2\/media?parent=802"}],"wp:term":[{"taxonomy":"category","embeddable":true,"href":"https:\/\/www.vidademadrid.com\/es\/wp-json\/wp\/v2\/categories?post=802"},{"taxonomy":"post_tag","embeddable":true,"href":"https:\/\/www.vidademadrid.com\/es\/wp-json\/wp\/v2\/tags?post=802"}],"curies":[{"name":"wp","href":"https:\/\/api.w.org\/{rel}","templated":true}]}}