{"id":7950,"date":"2017-06-27T10:05:48","date_gmt":"2017-06-27T08:05:48","guid":{"rendered":"http:\/\/www.vidademadrid.com\/es\/?p=7950"},"modified":"2020-04-01T13:09:38","modified_gmt":"2020-04-01T11:09:38","slug":"huelga-metro-madrid-28-29-30-junio-1-2-julio-2017-toda-la-info","status":"publish","type":"post","link":"https:\/\/www.vidademadrid.com\/es\/7950\/huelga-metro-madrid-28-29-30-junio-1-2-julio-2017-toda-la-info\/","title":{"rendered":"Huelga Metro Madrid 28, 29, 30 junio, 1, 2 julio 2017: toda la info"},"content":{"rendered":"<p>Los \u00faltimos d\u00edas de junio 2017 e los primeros de julio 2017 ser\u00e1n dif\u00edciles para madrile\u00f1os y visitantes que se mueven en Metro Madrid: los maquinistas afirman en una nota que <\/p>\n<blockquote><p>\u00abEl sindicato reclama el reconocimiento de la categor\u00eda profesional de &#8216;Maquinistas de Tracci\u00f3n El\u00e9ctrica&#8217; para que as\u00ed la Seguridad Social pueda acreditar las enfermedades derivadas de su puesto de trabajo\u00bb.<\/p><\/blockquote>\n<p><strong>Pincha en los enlaces para leer d\u00edas, horarios y porcentaje trenes:<\/strong><\/p>\n<p><a href=\"#a\">Huelga Metro Madrid junio-julio 2017<\/a> &#8211; <a href=\"#b\">HORARIOS<\/a><br \/>\n<script async src=\"\/\/pagead2.googlesyndication.com\/pagead\/js\/adsbygoogle.js\"><\/script> <!-- Vida 1 --> <ins class=\"adsbygoogle\" style=\"display:block\" data-ad-client=\"ca-pub-7450064428034605\" data-ad-slot=\"2284573579\" data-ad-format=\"auto\"><\/ins> <script> (adsbygoogle = window.adsbygoogle || []).push({}); <\/script> <\/p>\n<h2 id=\"a\">Huelga Metro Madrid junio-julio 2017<\/h2>\n<p><script async src=\"\/\/pagead2.googlesyndication.com\/pagead\/js\/adsbygoogle.js\"><\/script> <!-- Vida vertical --> <ins class=\"adsbygoogle\" style=\"display:inline-block;width:300px;height:600px\" data-ad-client=\"ca-pub-7450064428034605\" data-ad-slot=\"7296098777\"><\/ins> <script> (adsbygoogle = window.adsbygoogle || []).push({}); <\/script> <\/p>\n<p><strong>Estos ser\u00edan los d\u00edas de la huelga:<\/strong><\/p>\n<p>28 junio 2017 desde las 13h<br \/>\n29 junio 2017 desde las 6h hasta final del servicio<br \/>\n30 junio 2017 desde las 6h hasta final del servicio<br \/>\n1 julio 2017 desde las 6h hasta final del servicio<br \/>\n2 julio 2017 desde las 6h hasta final del servicio<\/p>\n<h2 id=\"b\">Huelga Metro Madrid junio-julio 2017: horarios<\/h2>\n<p>Pincha en la imagen para ampliar: horarios y porcentaje m\u00ednimo de trenes<br \/>\n<a href=\"http:\/\/www.vidademadrid.com\/es\/wp-content\/uploads\/2017\/05\/foto1397.jpg\"><img loading=\"lazy\" decoding=\"async\" src=\"http:\/\/www.vidademadrid.com\/es\/wp-content\/uploads\/2017\/05\/foto1397.jpg\" alt=\"\" width=\"798\" height=\"423\" class=\"aligncenter size-full wp-image-8330\" srcset=\"https:\/\/www.vidademadrid.com\/es\/wp-content\/uploads\/2017\/05\/foto1397.jpg 798w, https:\/\/www.vidademadrid.com\/es\/wp-content\/uploads\/2017\/05\/foto1397-300x159.jpg 300w, https:\/\/www.vidademadrid.com\/es\/wp-content\/uploads\/2017\/05\/foto1397-768x407.jpg 768w\" sizes=\"auto, (max-width: 798px) 100vw, 798px\" \/><\/a><\/p>\n<p>Recordamos que del 23 junio al 3 julio, Madrid ser\u00e1 la sede del World Pride y que Metro de Madrid tiene prevista un servicio interrumpido desde las 6h del 1 julio hasta las 1.30h del 3 julio.<\/p>\n<p>En El Mundo se lee que<\/p>\n<blockquote><p>El consejero delegado de Metro de Madrid, Borja Carabante, ha reclamado la desconvocatoria de la huelga anunciada por el sindicato de Maquinistas en pleno World Pride, que ha calificado de \u00abchantaje total\u00bb y ha subrayado que en caso de mantenerse el paro se realizar\u00e1 una propuesta de servicios m\u00ednimos que \u00abgarantizar\u00e1\u00bb la movilidad en la capital durante estas fechas.<\/p><\/blockquote>\n<p><em>Foto: Vida de Madrid<\/em><\/p>\n","protected":false},"excerpt":{"rendered":"<p>En pleno World Pride<\/p>\n","protected":false},"author":1,"featured_media":7951,"comment_status":"open","ping_status":"open","sticky":false,"template":"","format":"standard","meta":{"footnotes":""},"categories":[23],"tags":[74],"class_list":{"0":"post-7950","1":"post","2":"type-post","3":"status-publish","4":"format-standard","5":"has-post-thumbnail","7":"category-transportes-huelgas-madrid","8":"tag-metro-de-madrid"},"_links":{"self":[{"href":"https:\/\/www.vidademadrid.com\/es\/wp-json\/wp\/v2\/posts\/7950","targetHints":{"allow":["GET"]}}],"collection":[{"href":"https:\/\/www.vidademadrid.com\/es\/wp-json\/wp\/v2\/posts"}],"about":[{"href":"https:\/\/www.vidademadrid.com\/es\/wp-json\/wp\/v2\/types\/post"}],"author":[{"embeddable":true,"href":"https:\/\/www.vidademadrid.com\/es\/wp-json\/wp\/v2\/users\/1"}],"replies":[{"embeddable":true,"href":"https:\/\/www.vidademadrid.com\/es\/wp-json\/wp\/v2\/comments?post=7950"}],"version-history":[{"count":7,"href":"https:\/\/www.vidademadrid.com\/es\/wp-json\/wp\/v2\/posts\/7950\/revisions"}],"predecessor-version":[{"id":8334,"href":"https:\/\/www.vidademadrid.com\/es\/wp-json\/wp\/v2\/posts\/7950\/revisions\/8334"}],"wp:featuredmedia":[{"embeddable":true,"href":"https:\/\/www.vidademadrid.com\/es\/wp-json\/wp\/v2\/media\/7951"}],"wp:attachment":[{"href":"https:\/\/www.vidademadrid.com\/es\/wp-json\/wp\/v2\/media?parent=7950"}],"wp:term":[{"taxonomy":"category","embeddable":true,"href":"https:\/\/www.vidademadrid.com\/es\/wp-json\/wp\/v2\/categories?post=7950"},{"taxonomy":"post_tag","embeddable":true,"href":"https:\/\/www.vidademadrid.com\/es\/wp-json\/wp\/v2\/tags?post=7950"}],"curies":[{"name":"wp","href":"https:\/\/api.w.org\/{rel}","templated":true}]}}