{"id":6756,"date":"2017-01-12T22:43:47","date_gmt":"2017-01-12T21:43:47","guid":{"rendered":"http:\/\/www.vidademadrid.com\/es\/?p=6756"},"modified":"2025-10-04T10:09:53","modified_gmt":"2025-10-04T08:09:53","slug":"cerveceria-la-corte-pesadilla-la-cocina-chicote-opiniones-restaurante","status":"publish","type":"post","link":"https:\/\/www.vidademadrid.com\/es\/6756\/cerveceria-la-corte-pesadilla-la-cocina-chicote-opiniones-restaurante\/","title":{"rendered":"Cervecer\u00eda La Corte en Pesadilla en la cocina de Chicote: opiniones restaurante"},"content":{"rendered":"<p>Esta semana Pesadilla en la Cocina con Chicote est\u00e1 en Fuenlabrada, en el restaurante Cervecer\u00eda La Corte.<\/p>\n<p>Es un programa no in\u00e9dito&#8230; pero sigue abierto ahora en el 2017?<\/p>\n<p>\u00bfY cuales son las opiniones de Cervecer\u00eda La Corte antes y despu\u00e9s de la visita de Chicote?<\/p>\n<p>Aqu\u00ed os comento todo en tiempo real.<br \/>\n<script async src=\"\/\/pagead2.googlesyndication.com\/pagead\/js\/adsbygoogle.js\"><\/script> <!-- Vida vertical --> <ins class=\"adsbygoogle\" style=\"display:inline-block;width:300px;height:600px\" data-ad-client=\"ca-pub-7450064428034605\" data-ad-slot=\"7296098777\"><\/ins> <script> (adsbygoogle = window.adsbygoogle || []).push({}); <\/script> <\/p>\n<p>Esto est\u00e1 en Tripdavisor, despu\u00e9s de la grabaci\u00f3n de Pesadilla en la Cocina (el programa fue transmitido por primera vez el 10 de junio de 2015):<br \/>\n<script async src=\"\/\/pagead2.googlesyndication.com\/pagead\/js\/adsbygoogle.js\"><\/script> <!-- Vida 1 --> <ins class=\"adsbygoogle\" style=\"display:block\" data-ad-client=\"ca-pub-7450064428034605\" data-ad-slot=\"2284573579\" data-ad-format=\"auto\"><\/ins> <script> (adsbygoogle = window.adsbygoogle || []).push({}); <\/script> <\/p>\n<blockquote><p>Cuando vimos que La Corte sali\u00f3 en el programa de chicote decidimos volver a probar para ver si realmente se notaban los cambios&#8230; y desde mi punto de vista ha ido a peor. Los precios siguen siendo excesivos tanto por calidad como por cantidad. Tardan much\u00edsimo en tomar nota y servir, no hay nada peor que te hagan esperar y encima te pregunten varios camareros lo mismo uno tras otro ( falta de comunicaci\u00f3n).total un desastre,quiz\u00e1s necesitan mas camareros&#8230;pero nosotros por el momento no volveremos para comprobarlo.<\/p><\/blockquote>\n<p>Pero tambi\u00e9n hay una rese\u00f1a muy positiva:<\/p>\n<blockquote><p>Imaginaba que despu\u00e9s de pasar Chicote por all\u00ed hace unos meses se les habr\u00eda vuelto a ir el negocio de las manos. Pero no, mi sorpresa fue que todo fue sencillamente genial. Quiz\u00e1 demasiada gente, pero eso ser\u00eda en cualquier caso un punto a favor. Recomendable reservar. Los camareros muy agradables, r\u00e1pidos y serviciales. El sandwich campesino muy rico y el churrasco espectacular. La ensalada muy buena. Me alegro que vuelva a estar a ese nivel pues La Corte siempre fue una referencia en Fuenlabrada. Muy recomendable.<\/p><\/blockquote>\n<p>Y ahora? En el <strong><a href=\"#\">2017<\/a><\/strong>?<br \/>\n<script async src=\"\/\/pagead2.googlesyndication.com\/pagead\/js\/adsbygoogle.js\"><\/script> <!-- Vida 2 --> <ins class=\"adsbygoogle\" style=\"display:inline-block;width:336px;height:280px\" data-ad-client=\"ca-pub-7450064428034605\" data-ad-slot=\"9336835571\"><\/ins> <script> (adsbygoogle = window.adsbygoogle || []).push({}); <\/script> <\/p>\n<p>El restaurante sigue abierto por lo que vemos en TripAdvisor, y las \u00faltimas rese\u00f1as son m\u00e1s o menos positivas (el local ha cambiado de ubicaci\u00f3n pero los due\u00f1os son los mismos):<\/p>\n<p>Enero 2017:<\/p>\n<blockquote><p>Si antes me parec\u00eda que la calidad,precio,local estaba muy descompensada ahora con el nuevo local&#8230;peque\u00f1o&#8230;mismos precios..nada mejorado, en numerosas ocasiones suben olores a cloaca,creo que el cambio ha sido bastante a peor y adem\u00e1s X lo \u00fanico que me pod\u00eda seducir era por su terraza que en esta nueva ubicaci\u00f3n brilla por su ausencia&#8230;. cabe deatacar que si no fuera&#8230;<\/p><\/blockquote>\n<p>Noviembre 2016:<\/p>\n<blockquote><p>El servicio fatal y los camareros estaban de cachondeo y de segundo en la carne con cucaracha incluida.<\/p><\/blockquote>\n<p>Y esta es una minirese\u00f1a en tiempo real hecha ahora en una conversaci\u00f3n en Twitter:<\/p>\n<blockquote class=\"twitter-tweet\" data-lang=\"es\">\n<p lang=\"es\" dir=\"ltr\"><a href=\"https:\/\/twitter.com\/VidaDeMadrid\">@VidaDeMadrid<\/a> <a href=\"https:\/\/twitter.com\/Kikafer66\">@Kikafer66<\/a> <br \/>En el restaurante la carne sabe a parrilla, y con men\u00fas! Muy buen precio y buena calidad, MUY RECOMENDABLE!<\/p>\n<p>&mdash; Carlos (@cizu001) <a href=\"https:\/\/twitter.com\/cizu001\/status\/819670601510035456\">12 de enero de 2017<\/a><\/p><\/blockquote>\n<p><script async src=\"\/\/platform.twitter.com\/widgets.js\" charset=\"utf-8\"><\/script><\/p>\n","protected":false},"excerpt":{"rendered":"<p>Esta semana Pesadilla en la Cocina con Chicote est\u00e1 en Fuenlabrada, en el restaurante Cervecer\u00eda La Corte. Es un programa no in\u00e9dito&#8230; pero sigue abierto ahora en el 2017? \u00bfY cuales son las opiniones de Cervecer\u00eda La Corte antes y despu\u00e9s de la visita de Chicote? Aqu\u00ed os comento todo en tiempo real. Esto est\u00e1 [&hellip;]<\/p>\n","protected":false},"author":1,"featured_media":6758,"comment_status":"open","ping_status":"open","sticky":false,"template":"","format":"standard","meta":{"footnotes":""},"categories":[85],"tags":[41],"class_list":{"0":"post-6756","1":"post","2":"type-post","3":"status-publish","4":"format-standard","5":"has-post-thumbnail","7":"category-cine-series-television","8":"tag-pesadilla-en-la-cocina"},"_links":{"self":[{"href":"https:\/\/www.vidademadrid.com\/es\/wp-json\/wp\/v2\/posts\/6756","targetHints":{"allow":["GET"]}}],"collection":[{"href":"https:\/\/www.vidademadrid.com\/es\/wp-json\/wp\/v2\/posts"}],"about":[{"href":"https:\/\/www.vidademadrid.com\/es\/wp-json\/wp\/v2\/types\/post"}],"author":[{"embeddable":true,"href":"https:\/\/www.vidademadrid.com\/es\/wp-json\/wp\/v2\/users\/1"}],"replies":[{"embeddable":true,"href":"https:\/\/www.vidademadrid.com\/es\/wp-json\/wp\/v2\/comments?post=6756"}],"version-history":[{"count":5,"href":"https:\/\/www.vidademadrid.com\/es\/wp-json\/wp\/v2\/posts\/6756\/revisions"}],"predecessor-version":[{"id":6762,"href":"https:\/\/www.vidademadrid.com\/es\/wp-json\/wp\/v2\/posts\/6756\/revisions\/6762"}],"wp:featuredmedia":[{"embeddable":true,"href":"https:\/\/www.vidademadrid.com\/es\/wp-json\/wp\/v2\/media\/6758"}],"wp:attachment":[{"href":"https:\/\/www.vidademadrid.com\/es\/wp-json\/wp\/v2\/media?parent=6756"}],"wp:term":[{"taxonomy":"category","embeddable":true,"href":"https:\/\/www.vidademadrid.com\/es\/wp-json\/wp\/v2\/categories?post=6756"},{"taxonomy":"post_tag","embeddable":true,"href":"https:\/\/www.vidademadrid.com\/es\/wp-json\/wp\/v2\/tags?post=6756"}],"curies":[{"name":"wp","href":"https:\/\/api.w.org\/{rel}","templated":true}]}}