{"id":61638,"date":"2026-09-03T15:37:48","date_gmt":"2026-09-03T13:37:48","guid":{"rendered":"https:\/\/www.vidademadrid.com\/es\/?p=61638"},"modified":"2026-09-03T15:57:53","modified_gmt":"2026-09-03T13:57:53","slug":"f1-en-madrid-2026-refuerzos-en-transporte-publico-y-lanzaderas","status":"publish","type":"post","link":"https:\/\/www.vidademadrid.com\/es\/61638\/f1-en-madrid-2026-refuerzos-en-transporte-publico-y-lanzaderas\/","title":{"rendered":"F1 en Madrid 2026: refuerzos en transporte p\u00fablico y lanzaderas"},"content":{"rendered":"<p>Quedan muy pocos d\u00edas para que Madrid acoja el\u00a0<strong>Gran Premio de Espa\u00f1a de F\u00f3rmula 1\u00a0<\/strong>y se han adelantado los detalles del dispositivo especial de movilidad.<\/p>\n<p><strong>&#8216;Madring&#8217;\u00a0<\/strong>se celebrar\u00e1 del 11 al 13 de septiembre en IFEMA.<\/p>\n<h2>Refuerzos al transporte p\u00fablico<\/h2>\n<p>El Ayuntamiento de Madrid ha anunciado que mantendr\u00e1 la conectividad del entorno con sus l\u00edneas habituales, aunque podr\u00e1n ver desviados sus recorridos y algunos no realizar\u00e1n para en la corona interior de regulaci\u00f3n de movilidad.<\/p>\n<p>Por otro lado,\u00a0<strong>Metro de Madrid\u00a0<\/strong>reforzar\u00e1 las l\u00edneas\u00a0<strong>4, 5 y 8 del suburbano.\u00a0<\/strong>La l\u00ednea 8 incrementar\u00e1 su capacidad hasta un 50%.<\/p>\n<p>En cuanto a Cercan\u00edas, se reforzar\u00e1 el servicio de los trenes con destino a\u00a0<strong>Chamart\u00edn.\u00a0<\/strong><\/p>\n<h3>Lanzaderas gratuitas EMT<\/h3>\n<p>La <strong>EMT\u00a0<\/strong>pondr\u00e1 en funcionamiento\u00a0<strong>cinco servicios gratuitos de lanzadera\u00a0<\/strong>entre el 11 y 13 de septiembre.<\/p>\n<ul>\n<li>MR1: Metropolitano-Feria de Madrid-Valdebebas de 7:30 a 21:00 horas.<\/li>\n<li>MR2: Canillejas-Feria de Madrid de 7:30 a 21:00 horas.<\/li>\n<li>MR3: Feria de Madrid-Valdebebas (conexi\u00f3n interna hasta las 22:00 horas)<\/li>\n<li>MR4: Valdebebas-Plaza de Castilla de 7:30 a 21:00 horas<\/li>\n<li>MR5: Feria de Madrid-Avenida de Am\u00e9rica de 17:00 a 21:00 horas.<\/li>\n<\/ul>\n<h2>Cortes al tr\u00e1fico<\/h2>\n<p>Las restricciones al tr\u00e1fico se aplicar\u00e1n entre el 10 y 14 de septiembre, aunque los cortes principales se producir\u00e1n los d\u00edas\u00a0<strong>11, 12 y 13 de septiembre.\u00a0<\/strong><\/p>\n<p>Los cortes afectar\u00e1n especialmente al barrio de C\u00e1rcavas, al sector terciario y de oficinas situado al sur de IFEMA.<\/p>\n<p>Los\u00a0<strong>residentes y personas que acrediten una reserva hotelera\u00a0<\/strong>podr\u00e1n acceder a la zona.<\/p>\n<p>Los cortes afectan a tramos de Ribera del Sena, entre el n\u00famero 13, la glorieta de Edimburgo y la M-40; V\u00eda de Dubl\u00edn, entre la glorieta de Edimburgo, la calle Ariadna y la glorieta de Sintra; y Francisco Umbral, desde V\u00eda de Dubl\u00edn hasta pasada la glorieta de Pascual Bravo.<\/p>\n","protected":false},"excerpt":{"rendered":"<p>Se activar\u00e1 del 10 al 14 de septiembre. <\/p>\n","protected":false},"author":15,"featured_media":54253,"comment_status":"open","ping_status":"open","sticky":false,"template":"","format":"standard","meta":{"footnotes":""},"categories":[187,23],"tags":[],"class_list":{"0":"post-61638","1":"post","2":"type-post","3":"status-publish","4":"format-standard","5":"has-post-thumbnail","7":"category-madrid-hoy","8":"category-transportes-huelgas-madrid"},"_links":{"self":[{"href":"https:\/\/www.vidademadrid.com\/es\/wp-json\/wp\/v2\/posts\/61638","targetHints":{"allow":["GET"]}}],"collection":[{"href":"https:\/\/www.vidademadrid.com\/es\/wp-json\/wp\/v2\/posts"}],"about":[{"href":"https:\/\/www.vidademadrid.com\/es\/wp-json\/wp\/v2\/types\/post"}],"author":[{"embeddable":true,"href":"https:\/\/www.vidademadrid.com\/es\/wp-json\/wp\/v2\/users\/15"}],"replies":[{"embeddable":true,"href":"https:\/\/www.vidademadrid.com\/es\/wp-json\/wp\/v2\/comments?post=61638"}],"version-history":[{"count":1,"href":"https:\/\/www.vidademadrid.com\/es\/wp-json\/wp\/v2\/posts\/61638\/revisions"}],"predecessor-version":[{"id":61641,"href":"https:\/\/www.vidademadrid.com\/es\/wp-json\/wp\/v2\/posts\/61638\/revisions\/61641"}],"wp:featuredmedia":[{"embeddable":true,"href":"https:\/\/www.vidademadrid.com\/es\/wp-json\/wp\/v2\/media\/54253"}],"wp:attachment":[{"href":"https:\/\/www.vidademadrid.com\/es\/wp-json\/wp\/v2\/media?parent=61638"}],"wp:term":[{"taxonomy":"category","embeddable":true,"href":"https:\/\/www.vidademadrid.com\/es\/wp-json\/wp\/v2\/categories?post=61638"},{"taxonomy":"post_tag","embeddable":true,"href":"https:\/\/www.vidademadrid.com\/es\/wp-json\/wp\/v2\/tags?post=61638"}],"curies":[{"name":"wp","href":"https:\/\/api.w.org\/{rel}","templated":true}]}}