{"id":61635,"date":"2026-09-03T14:52:06","date_gmt":"2026-09-03T12:52:06","guid":{"rendered":"https:\/\/www.vidademadrid.com\/es\/?p=61635"},"modified":"2026-09-03T15:57:58","modified_gmt":"2026-09-03T13:57:58","slug":"planes-finde-madrid-4-5-6-septiembre-2026","status":"publish","type":"post","link":"https:\/\/www.vidademadrid.com\/es\/61635\/planes-finde-madrid-4-5-6-septiembre-2026\/","title":{"rendered":"Planes para este fin de semana en Madrid: 4, 5 y 6 de septiembre de 2026"},"content":{"rendered":"\n<p>Llega el primer fin de semana de septiembre cargado de planes imprescindibles en Madrid. A continuaci\u00f3n te presentamos el listado completo de actividades, festivales, conciertos, exposiciones y fiestas de distrito para disfrutar al m\u00e1ximo los d\u00edas 4, 5 y 6 de septiembre de 2026.<\/p>\n\n<div style=\"background-color: #f8f9fa; border: 1px solid #dee2e6; padding: 15px; margin-bottom: 20px; border-radius: 5px;\">\n  <h3>\u00cdndice de planes del fin de semana<\/h3>\n  <ul>\n    <li><a href=\"#fiestas-distritos\">Fiestas de distritos<\/a>\n      <ul>\n        <li><a href=\"#melonera\">Fiestas de La Melonera en Madrid R\u00edo<\/a><\/li>\n        <li><a href=\"#canillejas\">Fiestas de Canillejas<\/a><\/li>\n        <li><a href=\"#aravaca\">Fiestas de Aravaca<\/a><\/li>\n        <li><a href=\"#vallecas\">Fiestas de la Virgen de la Torre en Villa de Vallecas<\/a><\/li>\n        <li><a href=\"#pardo\">Fiestas del Real Sitio de El Pardo<\/a><\/li>\n        <li><a href=\"#elipa\">Fiestas de La Elipa &#8211; Ruta de la tapa<\/a><\/li>\n      <\/ul>\n    <\/li>\n    <li><a href=\"#festivales\">Festivales<\/a>\n      <ul>\n        <li><a href=\"#piano\">II Festival Internacional de Piano Madrid a Tempo<\/a><\/li>\n        <li><a href=\"#cocacola\">Coca-Cola Music Experience 2026<\/a><\/li>\n      <\/ul>\n    <\/li>\n    <li><a href=\"#exposiciones\">Nuevas exposiciones<\/a>\n      <ul>\n        <li><a href=\"#flach\">Emociones en peligro. Fotograf\u00edas de Tim Flach<\/a><\/li>\n        <li><a href=\"#detodalavida\">De toda la vida<\/a><\/li>\n        <li><a href=\"#pedrero\">Antonio Pedrero en Casa de Vacas<\/a><\/li>\n        <li><a href=\"#modosdever\">Modos de ver (PHotoESPA\u00d1A)<\/a><\/li>\n        <li><a href=\"#southsudan\">South Sudan, La piel de la tierra<\/a><\/li>\n        <li><a href=\"#pradodenoche\">El Prado de noche<\/a><\/li>\n      <\/ul>\n    <\/li>\n    <li><a href=\"#mas-planes\">M\u00e1s planes<\/a>\n      <ul>\n        <li><a href=\"#dolly\">\u00abThank You Dolly\u00bb, homenaje a Dolly Parton<\/a><\/li>\n        <li><a href=\"#imagineindia\">ImagineIndia International Film Festival<\/a><\/li>\n        <li><a href=\"#padel\">Madrid Premier Padel P1<\/a><\/li>\n      <\/ul>\n    <\/li>\n    <li><a href=\"#mercados\">Mercados<\/a>\n      <ul>\n        <li><a href=\"#planetario\">Mercado Productores Planetario<\/a><\/li>\n        <li><a href=\"#ranas\">Mercado de las Ranas<\/a><\/li>\n        <li><a href=\"#minas\">Mercadillo de minerales, f\u00f3siles y gemas de la Escuela de Minas<\/a><\/li>\n        <li><a href=\"#juguete\">Mercado del Juguete de Madrid<\/a><\/li>\n        <li><a href=\"#camara\">Mercado de la C\u00e1mara Agraria<\/a><\/li>\n        <li><a href=\"#salesas\">The Festival by Salesas<\/a><\/li>\n      <\/ul>\n    <\/li>\n    <li><a href=\"#teatro-danza\">Estrenos de teatro y danza<\/a>\n      <ul>\n        <li><a href=\"#conyugal\">Escenas de la vida conyugal<\/a><\/li>\n        <li><a href=\"#alienigenas\">Vendr\u00e1n los alien\u00edgenas y tendr\u00e1n tus ojos<\/a><\/li>\n        <li><a href=\"#guerrero\">C\u00f3digos de Eduardo Guerrero<\/a><\/li>\n        <li><a href=\"#todaslasmujeres\">Todas las mujeres que habito<\/a><\/li>\n        <li><a href=\"#liliana\">El invencible verano de Liliana<\/a><\/li>\n        <li><a href=\"#irresponsables\">Las irresponsables<\/a><\/li>\n        <li><a href=\"#leonora\">Leonora<\/a><\/li>\n        <li><a href=\"#locosvalencia\">Los locos de Valencia<\/a><\/li>\n        <li><a href=\"#maravillas\">El retablo de las maravillas<\/a><\/li>\n        <li><a href=\"#electra\">Electra Jonda<\/a><\/li>\n        <li><a href=\"#jalet\">Damien Jalet<\/a><\/li>\n        <li><a href=\"#bailar\">Bailar &#8211; Compa\u00f1\u00eda Gabriel Mat\u00edas<\/a><\/li>\n        <li><a href=\"#betapublica\">Certamen Beta Publica<\/a><\/li>\n      <\/ul>\n    <\/li>\n    <li><a href=\"#musica\">M\u00fasica<\/a>\n      <ul>\n        <li><a href=\"#lolaindigo\">Lola \u00cdndigo<\/a><\/li>\n        <li><a href=\"#riobabel\">Las noches de R\u00edo Babel &#8211; Estelares<\/a><\/li>\n        <li><a href=\"#pagagnini\">PaGAGnini<\/a><\/li>\n        <li><a href=\"#tombstone\">The Living Tombstone<\/a><\/li>\n        <li><a href=\"#emanero\">Emanero<\/a><\/li>\n        <li><a href=\"#royalgag\">The Royal Gag Orchestra por Yllana<\/a><\/li>\n      <\/ul>\n    <\/li>\n    <li><a href=\"#region\">Planes en la regi\u00f3n<\/a>\n      <ul>\n        <li><a href=\"#alcorcon\">Fiestas de Alcorc\u00f3n<\/a><\/li>\n        <li><a href=\"#arganda\">Fiestas de Arganda del Rey<\/a><\/li>\n        <li><a href=\"#buitrago\">XXVI Feria medieval de Buitrago del Lozoya<\/a><\/li>\n        <li><a href=\"#navalcarnero\">Fiestas de Navalcarnero<\/a><\/li>\n        <li><a href=\"#valdemoro\">Fiestas de Valdemoro<\/a><\/li>\n      <\/ul>\n    <\/li>\n  <\/ul>\n<\/div>\n\n<h2 id=\"fiestas-distritos\">Fiestas de distritos<\/h2>\n\n<h3 id=\"melonera\">Fiestas de La Melonera en Madrid R\u00edo<\/h3>\n<p>Las fiestas de Arganzuela en honor a la Virgen del Puerto llegan a Madrid R\u00edo con degustaciones de mel\u00f3n, m\u00fasica, actos religiosos, su tradicional carrera popular, fuegos artificiales y mucho m\u00e1s durante todo el fin de semana. Los conciertos principales se celebrar\u00e1n en la Explanada de Madrid R\u00edo de forma completamente gratuita:<\/p>\n<ul>\n  <li>De viernes 4 de septiembre: La Frontera (21:00) y Rafa S\u00e1nchez de La Uni\u00f3n (22:30).<\/li>\n  <li>De s\u00e1bado 5 de septiembre: Marazu (21:00) y Sole Gim\u00e9nez (22:30).<\/li>\n  <li>De domingo 6 de septiembre: Radio Macand\u00e9 (20:30) y Tributo a Hombres G (21:45).<\/li>\n<\/ul>\n<p>M\u00e1s informaci\u00f3n y programa completo en la <a href=\"https:\/\/diario.madrid.es\/blog\/2026\/08\/21\/programa-de-las-fiestas-de-la-melonera-2026-en-arganzuela-la-frontera-sole-gimenez-rafa-sanchez-y-mucho-mas\/\" target=\"_blank\" rel=\"noopener\">web oficial del Ayuntamiento de Madrid<\/a>.<\/p>\n\n<h3 id=\"canillejas\">Fiestas de Canillejas<\/h3>\n<p>Del de viernes 4 a martes 8 de septiembre el distrito celebra sus fiestas patronales. Durante el fin de semana destacan las actuaciones en directo de Tributo a Mecano, Bombai y DJ Fonsi Nieto el de viernes 4 de septiembre, seguidos por el tributo a Nino Bravo, Dj Nano y m\u00e1s propuestas musicales el de s\u00e1bado 5 de septiembre.<\/p>\n<p>Consulta todos los detalles en la <a href=\"https:\/\/www.planinfantil.es\/eventos\/fiestas-de-canillejas-2026\/\" target=\"_blank\" rel=\"noopener\">programaci\u00f3n de las Fiestas de Canillejas<\/a>.<\/p>\n\n<h3 id=\"aravaca\">Fiestas de Aravaca<\/h3>\n<p>Moncloa-Aravaca celebra las fiestas en honor a su patrona del de viernes 4 a martes 8 de septiembre con actividades tradicionales, cultura y grandes conciertos al aire libre. El escenario acoger\u00e1 las actuaciones estelares del grupo Avenida el de viernes 4 de septiembre y de Siempre As\u00ed el de s\u00e1bado 5 de septiembre.<\/p>\n<p>Toda la informaci\u00f3n disponible en el <a href=\"https:\/\/diario.madrid.es\/moncloa-aravaca\/2026\/08\/31\/aravaca-celebra-a-su-patrona-con-musica-tradicion-y-cultura\/\" target=\"_blank\" rel=\"noopener\">portal oficial de Moncloa-Aravaca<\/a>.<\/p>\n\n<h3 id=\"vallecas\">Fiestas de la Virgen de la Torre en Villa de Vallecas<\/h3>\n<p>Villa de Vallecas despliega una amplia agenda festiva del de viernes 4 a domingo 13 de septiembre. Para este primer fin de semana est\u00e1n programadas las actuaciones de la Orquesta Jaime Walker, un espectacular Tributo a Fito y los Fitipaldis y la propuesta familiar Diverl\u00edrica.<\/p>\n\n<p>Accede a la agenda completa en el <a href=\"https:\/\/diario.madrid.es\/blog\/2026\/08\/24\/villa-de-vallecas-celebra-las-fiestas-de-la-virgen-de-la-torre-2026-programa\/\" target=\"_blank\" rel=\"noopener\">diario oficial de Madrid<\/a>.<\/p>\n\n<h3 id=\"pardo\">Fiestas del Real Sitio de El Pardo<\/h3>\n<p>Celebradas durante todo el fin de semana, las Fiestas del Real Sitio de El Pardo ofrecen una propuesta repleta de pasacalles, espect\u00e1culos de fuegos artificiales, exposici\u00f3n de veh\u00edculos hist\u00f3ricos, sesiones de DJ y talleres para todas las edades.<\/p>\n<p>Toda la programaci\u00f3n se encuentra en el <a href=\"https:\/\/www.madrid.es\/portales\/munimadrid\/es\/Inicio\/Cultura-ocio-y-deporte\/Fiestas-en-los-distritos-y-barrios-de-Madrid\/Fiestas-del-Real-Sitio-de-El-Pardo-2026\/?vgnextfmt=default&#038;vgnextoid=8f00974071b4f910VgnVCM100000891ecb1aRCRD&#038;vgnextchannel=8ef1bbef60841810VgnVCM1000001d4a900aRCRD\" target=\"_blank\" rel=\"noopener\">portal web del Ayuntamiento de Madrid<\/a>.<\/p>\n\n<h3 id=\"elipa\">Fiestas de La Elipa &#8211; Ruta de la tapa<\/h3>\n<p>Como aperitivo al programa festivo principal, durante todo este fin de semana del de viernes 4 a domingo 6 de septiembre se celebra la tradicional Ruta de la Tapa en los establecimientos hosteleros del barrio de La Elipa.<\/p>\n<p>Puedes ver los bares participantes en su <a href=\"https:\/\/www.instagram.com\/p\/Dcizg-WClfY\/\" target=\"_blank\" rel=\"noopener\">cuenta oficial de Instagram<\/a>.<\/p>\n\n<h2 id=\"festivales\">Festivales<\/h2>\n\n<h3 id=\"piano\">II Festival Internacional de Piano Madrid a Tempo<\/h3>\n<p>El festival llena de m\u00fasica pian\u00edstica diferentes rincones emblem\u00e1ticos de la capital. El de s\u00e1bado 5 de septiembre se podr\u00e1 disfrutar de la iniciativa Open Piano D11 en el Puente de Toledo en horario de 19:00 a 21:00 horas, mientras que el de domingo 6 de septiembre el Centro Cultural Casa de Vacas acoger\u00e1 un gran concierto matinal de 12:00 a 14:00 horas.<\/p>\n<p>M\u00e1s informaci\u00f3n en el perfil de <a href=\"https:\/\/www.instagram.com\/p\/DbnHd32CEE9\/?img_index=1\" target=\"_blank\" rel=\"noopener\">Instagram del festival<\/a>.<\/p>\n\n<h3 id=\"cocacola\">Coca-Cola Music Experience 2026<\/h3>\n<p>El de viernes 4 y de s\u00e1bado 5 de septiembre el Recinto Iberdrola Music se convierte en el epicentro musical para el p\u00fablico joven. Un festival que combina gastronom\u00eda, experiencias inmersivas y directos multitudinarios de artistas como Melendi, Wisin, Milo J, Dellafuente, Deiv o Omar Montes, entre muchos otros.<\/p>\n<p>Consigue tus entradas y consulta el cartel en la <a href=\"https:\/\/www.coca-cola.com\/es\/es\/offerings\/musica\" target=\"_blank\" rel=\"noopener\">web de Coca-Cola Music Experience<\/a>.<\/p>\n\n<h2 id=\"exposiciones\">Nuevas exposiciones<\/h2>\n\n<h3 id=\"flach\">Emociones en peligro. Fotograf\u00edas de Tim Flach<\/h3>\n<p>Ubicada al aire libre en el Paseo de Coches del Parque del Retiro, esta conmovedora muestra re\u00fane el trabajo fotogr\u00e1fico de Tim Flach enfocado en retratar especies en peligro de extinci\u00f3n y transmitir la urgencia de su conservaci\u00f3n de forma gratuita.<\/p>\n<p>Informaci\u00f3n de la exposici\u00f3n en <a href=\"https:\/\/www.afundacion.org\/es\/agenda\/evento\/exposicion-emociones-en-peligro-fotografias-de-tim-flach\/\" target=\"_blank\" rel=\"noopener\">AFundaci\u00f3n<\/a>.<\/p>\n\n<h3 id=\"detodalavida\">De toda la vida<\/h3>\n<p>Una exposici\u00f3n fotogr\u00e1fica al aire libre situada tambi\u00e9n en el Paseo de Coches del Parque del Retiro. La muestra rinde homenaje a los recuerdos entra\u00f1ables, las historias intergeneracionales y la memoria colectiva a trav\u00e9s de la lente de creadores contempor\u00e1neos.<\/p>\n<p>Lee la rese\u00f1a completa en <a href=\"https:\/\/culturainquieta.com\/arte\/fotografia\/una-exposicion-fotografica-al-aire-libre-celebra-los-recuerdos-de-toda-la-vida-en-madrid\/\" target=\"_blank\" rel=\"noopener\">Cultura Inquieta<\/a>.<\/p>\n\n<h3 id=\"pedrero\">Antonio Pedrero en Casa de Vacas<\/h3>\n<p>El Centro Cultural Casa de Vacas, en el Parque del Retiro, alberga una exposici\u00f3n monogr\u00e1fica dedicada a la obra art\u00edstica de Antonio Pedrero, ofreciendo un recorrido pict\u00f3rico lleno de maestr\u00eda y sensibilidad.<\/p>\n<p>Detalles en la <a href=\"https:\/\/www.madrid.es\/portales\/munimadrid\/es\/Inicio\/El-Ayuntamiento\/Retiro\/Programacion-cultural-de-Retiro\/Agenda-de-actividades-en-Retiro\/Antonio-Pedrero\/?vgnextfmt=default&#038;vgnextoid=822beadf2652a910VgnVCM200000f921e388RCRD&#038;vgnextchannel=3f4cedf006a51910VgnVCM1000001d4a900aRCRD\" target=\"_blank\" rel=\"noopener\">agenda cultural municipal de Retiro<\/a>.<\/p>\n\n<h3 id=\"modosdever\">Modos de ver (PHotoESPA\u00d1A)<\/h3>\n<p>Enmarcada dentro de la programaci\u00f3n oficial de PHotoESPA\u00d1A, el espacio C Arte C acoge esta exposici\u00f3n que plantea una reflexi\u00f3n sobre el lenguaje fotogr\u00e1fico y las m\u00faltiples miradas hacia la realidad contempor\u00e1nea.<\/p>\n<p>Toda la informaci\u00f3n en el <a href=\"https:\/\/phe.es\/exposicion\/modos-de-ver\/\" target=\"_blank\" rel=\"noopener\">sitio web de PHotoESPA\u00d1A<\/a>.<\/p>\n\n<h3 id=\"southsudan\">South Sudan, La piel de la tierra<\/h3>\n<p>La galer\u00eda PhotoTravel Gallery presenta una emotiva y profunda muestra fotogr\u00e1fica sobre Sud\u00e1n del Sur, profundizando en sus paisajes, la fuerza de su gente y las tradiciones arraigadas en su territorio.<\/p>\n<p>Consulta la ficha descriptiva en la <a href=\"https:\/\/docs.google.com\/document\/d\/13f70EwWe4GM42VUDtzp3RBKfxkxec6qMQMutPkolEL4\/edit?tab=t.0#heading=h.1bwmme7zodto\" target=\"_blank\" rel=\"noopener\">documentaci\u00f3n oficial de la muestra<\/a>.<\/p>\n\n<h3 id=\"pradodenoche\">El Prado de noche<\/h3>\n<p>El de s\u00e1bado 5 de septiembre vuelve la iniciativa especial que abre las puertas del Museo del Prado de forma gratuita en horario nocturno, de 20:30 a 23:30 horas, para disfrutar de sus emblem\u00e1ticas galer\u00edas bajo una iluminaci\u00f3n \u00fanica.<\/p>\n<p>Inscripciones y pases en la <a href=\"https:\/\/www.museodelprado.es\/actualidad\/actividad\/el-prado-de-noche-2026\/948271f2-336d-4a9c-b24a-55730c602644\" target=\"_blank\" rel=\"noopener\">web del Museo del Prado<\/a>.<\/p>\n\n<h2 id=\"mas-planes\">M\u00e1s planes<\/h2>\n\n<h3 id=\"dolly\">\u00abThank You Dolly\u00bb, homenaje a Dolly Parton<\/h3>\n<p>El de s\u00e1bado 5 de septiembre en el espacio Chit\u00f3n (cerca de la estaci\u00f3n de metro Col\u00f3n), se celebra una velada gastron\u00f3mica y musical muy especial. Este homenaje recorrer\u00e1 la trayectoria de la c\u00e9lebre cantante de country acompa\u00f1ada de una cena tem\u00e1tica con platos elaborados a partir de sus propias recetas publicadas.<\/p>\n\n<h3 id=\"imagineindia\">ImagineIndia International Film Festival<\/h3>\n<p>Hasta el de mi\u00e9rcoles 16 de septiembre se celebra una nueva edici\u00f3n de este festival de cine enfocado en la cinematograf\u00eda asi\u00e1tica. El espacio La Morada (metro Tribunal) albergar\u00e1 proyecciones semanales con largometrajes destacados procedentes de la India.<\/p>\n<p>Cartelera e informaci\u00f3n completa en <a href=\"https:\/\/imagineindia.net\/\" target=\"_blank\" rel=\"noopener\">ImagineIndia oficial<\/a>.<\/p>\n\n<h3 id=\"padel\">Madrid Premier Padel P1<\/h3>\n<p>El Movistar Arena recibe la gran cita del p\u00e1del internacional, reuniendo a las mejores palas del circuito mundial en una semana repleta de partidos de alta competici\u00f3n.<\/p>\n<p>Entradas disponibles en la <a href=\"https:\/\/www.madridpremierpadel.com\/\" target=\"_blank\" rel=\"noopener\">web de Madrid Premier Padel<\/a>.<\/p>\n\n<h2 id=\"mercados\">Mercados<\/h2>\n\n<h3 id=\"planetario\">Mercado Productores Planetario<\/h3>\n<p>El de domingo 6 de septiembre la Avenida Planetario acoge este mercado al aire libre donde peque\u00f1os productores locales ofrecen alimentos frescos, ecol\u00f3gicos y de cercan\u00eda directos al consumidor.<\/p>\n<p>M\u00e1s informaci\u00f3n en <a href=\"https:\/\/mercadoproductores.es\/mp-planetario\/\" target=\"_blank\" rel=\"noopener\">Mercado Productores<\/a>.<\/p>\n\n<h3 id=\"ranas\">Mercado de las Ranas<\/h3>\n<p>Como cada primer s\u00e1bado de mes, el de s\u00e1bado 5 de septiembre los comercios del Barrio de las Letras sacan su oferta a la calle Huertas en una jornada abierta de artesan\u00eda, moda y cultura.<\/p>\n<p>Detalles en la <a href=\"https:\/\/www.barrioletras.com\/mercado-de-las-ranas\/\" target=\"_blank\" rel=\"noopener\">p\u00e1gina del Barrio de las Letras<\/a>.<\/p>\n\n<h3 id=\"minas\">Mercadillo de minerales, f\u00f3siles y gemas de la Escuela de Minas<\/h3>\n<p>El de domingo 6 de septiembre la Escuela de Minas (calle R\u00edos Rosas, 21) abre su hist\u00f3rico patio para albergar la venta e intercambio de piezas de mineralog\u00eda, f\u00f3siles y gemas para coleccionistas y curiosos.<\/p>\n<p>Consulta los horarios en la <a href=\"https:\/\/mercadillominerales.es\/\" target=\"_blank\" rel=\"noopener\">web del Mercadillo de Minerales<\/a>.<\/p>\n\n<h3 id=\"juguete\">Mercado del Juguete de Madrid<\/h3>\n<p>El de s\u00e1bado 5 de septiembre el Centro Comercial Plaza de Aluche re\u00fane a expositores especializados en juguetes antiguos, figuras de colecci\u00f3n, mu\u00f1ecas y piezas de culto retro.<\/p>\n<p>Informaci\u00f3n en la <a href=\"https:\/\/www.juguetedemadrid.es\/\" target=\"_blank\" rel=\"noopener\">web del Mercado del Juguete<\/a>.<\/p>\n\n<h3 id=\"camara\">Mercado de la C\u00e1mara Agraria<\/h3>\n<p>El de s\u00e1bado 5 de septiembre en el Paseo Puerta del \u00c1ngel, 4 vuelve el D\u00eda de Mercado de la C\u00e1mara Agraria con especial protagonismo de los productos veraniegos como el mel\u00f3n, carnes, vinos y quesos madrile\u00f1os.<\/p>\n<p>Toda la oferta detallada en la <a href=\"https:\/\/www.comunidad.madrid\/actividades\/2026\/dia-mercado-camara-agraria-vuelve-rey-verano-melon\" target=\"_blank\" rel=\"noopener\">Comunidad de Madrid<\/a>.<\/p>\n\n<h3 id=\"salesas\">The Festival by Salesas<\/h3>\n<p>El de s\u00e1bado 5 de septiembre el coqueto barrio de Las Salesas celebra una nueva edici\u00f3n de su mercadillo urbano repleto de moda, arte, accesorios contempor\u00e1neos y gastronom\u00eda de autor.<\/p>\n<p>Novedades en el <a href=\"https:\/\/www.instagram.com\/p\/DctMG93qiuS\/?hl=es\" target=\"_blank\" rel=\"noopener\">Instagram de Salesas<\/a>.<\/p>\n\n<h2 id=\"teatro-danza\">Estrenos de teatro y danza<\/h2>\n\n<h3 id=\"conyugal\">Escenas de la vida conyugal<\/h3>\n<p>El Nuevo Teatro Alcal\u00e1 presenta la aclamada obra basada en la obra de Ingmar Bergman donde Juan y Mariana relatan una divertida y punzante secuencia de escenas sobre su matrimonio y posterior divorcio.<\/p>\n<p>Reserva de entradas en <a href=\"https:\/\/atgtickets.es\/espectaculo\/escenas-de-la-vida-conyugal-2\/\" target=\"_blank\" rel=\"noopener\">ATG Tickets<\/a>.<\/p>\n\n<h3 id=\"alienigenas\">Vendr\u00e1n los alien\u00edgenas y tendr\u00e1n tus ojos<\/h3>\n<p>Nave 10 Matadero acoge el estreno de este montaje que narra la conmovedora historia de una mujer que, al cumplir los 40 a\u00f1os, se siente completamente incapaz de afrontar una nueva experiencia amorosa.<\/p>\n<p>Compra de entradas en la <a href=\"https:\/\/www.nave10matadero.es\/prensa\/vendran-los-alienigenas-y-tendran-tus-ojos\" target=\"_blank\" rel=\"noopener\">p\u00e1gina de Nave 10 Matadero<\/a>.<\/p>\n\n<h3 id=\"guerrero\">C\u00f3digos de Eduardo Guerrero<\/h3>\n<p>El bailaor gaditano irrumpe en el Teatro F\u00edgaro con su nuevo montaje de flamenco contempor\u00e1neo en el que se cuestiona cu\u00e1les son los c\u00f3digos que sostienen su universo art\u00edstico personal.<\/p>\n<p>Venta de entradas en <a href=\"https:\/\/gruposmedia.com\/cartelera\/eduardo-guerrero-codigos\/\" target=\"_blank\" rel=\"noopener\">Grupo Smedia<\/a>.<\/p>\n\n<h3 id=\"todaslasmujeres\">Todas las mujeres que habito<\/h3>\n<p>El Teatro Infanta Isabel estrena esta propuesta esc\u00e9nica que explora la complejidad femenina a trav\u00e9s de m\u00faltiples vivencias emocionales y personales.<\/p>\n<p>Entradas disponibles en la <a href=\"https:\/\/www.teatroinfantaisabel.es\/obra\/todas-las-mujeres-que-habito\/\" target=\"_blank\" rel=\"noopener\">web del Teatro Infanta Isabel<\/a>.<\/p>\n\n<h3 id=\"liliana\">El invencible verano de Liliana<\/h3>\n<p>El Centro Cultural Condeduque acoge la adaptaci\u00f3n esc\u00e9nica basada en la sobrecogedora obra de Cristina Rivera Garza sobre la memoria y la justicia.<\/p>\n<p>M\u00e1s informaci\u00f3n en <a href=\"https:\/\/www.condeduquemadrid.es\/actividades\/el-invencible-verano-de-liliana\" target=\"_blank\" rel=\"noopener\">Condeduque Madrid<\/a>.<\/p>\n\n<h3 id=\"irresponsables\">Las irresponsables<\/h3>\n<p>El Teatro Maravillas estrena esta comedia negra que aborda los l\u00edmites de la amistad, las decisiones intempestivas y las consecuencias de salirse de las normas.<\/p>\n<p>Entradas en la <a href=\"https:\/\/gruposmedia.com\/cartelera\/las-irresponsables\/\" target=\"_blank\" rel=\"noopener\">web oficial de Smedia<\/a>.<\/p>\n\n<h3 id=\"leonora\">Leonora<\/h3>\n<p>El Teatro de la Abad\u00eda lleva a sus tablas esta obra inspirada en la fascinante e indomable vida de la artista surrealista Leonora Carrington.<\/p>\n<p>Reserva en la <a href=\"https:\/\/www.teatroabadia.com\/espectaculo\/leonora\/\" target=\"_blank\" rel=\"noopener\">p\u00e1gina del Teatro Abad\u00eda<\/a>.<\/p>\n\n<h3 id=\"locosvalencia\">Los locos de Valencia<\/h3>\n<p>Teatros del Canal albergan la cl\u00e1sica pieza de Lope de Vega, una loca comedia de enredos ambientada en un hospital de enfermos mentales.<\/p>\n<p>Entradas directas en <a href=\"https:\/\/www.teatroscanal.com\/espectaculo\/lope-de-vega-los-locos-de-valencia\/\" target=\"_blank\" rel=\"noopener\">Teatros del Canal<\/a>.<\/p>\n\n<h3 id=\"maravillas\">El retablo de las maravillas<\/h3>\n<p>El Teatro Fern\u00e1n G\u00f3mez Centro Cultural de la Villa presenta este espect\u00e1culo que plantea variaciones contempor\u00e1neas sobre el cl\u00e1sico entrem\u00e9s de Miguel de Cervantes.<\/p>\n<p>Informaci\u00f3n y venta en la <a href=\"https:\/\/www.teatrofernangomez.es\/actividades\/el-retablo-de-las-maravillas-variaciones-contemporaneas-sobre-un-tema-de-cervantes\" target=\"_blank\" rel=\"noopener\">web del Teatro Fern\u00e1n G\u00f3mez<\/a>.<\/p>\n\n<h3 id=\"electra\">Electra Jonda<\/h3>\n<p>Teatros del Canal ofrecen esta versi\u00f3n tr\u00e1gica y flamenca ideada por Juan Guerrero Zamora y Manuel Canseco que a\u00fana la fuerza del mito cl\u00e1sico con el quej\u00edo flamenco.<\/p>\n<p>Venta de entradas en <a href=\"https:\/\/www.teatroscanal.com\/espectaculo\/electra-jonda-juan-guerrero-zamora-manuel-cansenco\/\" target=\"_blank\" rel=\"noopener\">Teatros del Canal<\/a>.<\/p>\n\n<h3 id=\"jalet\">Damien Jalet<\/h3>\n<p>El Centro de Danza Matadero presenta una serie de piezas internacionales de vanguardia firmadas por el aclamado core\u00f3grafo Damien Jalet.<\/p>\n<p>Detalles en la <a href=\"https:\/\/www.centrodanzamatadero.es\/ciclos\/damien-jalet\" target=\"_blank\" rel=\"noopener\">web del Centro de Danza Matadero<\/a>.<\/p>\n\n<h3 id=\"bailar\">Bailar &#8211; Compa\u00f1\u00eda Gabriel Mat\u00edas<\/h3>\n<p>Teatros del Canal reciben a la Compa\u00f1\u00eda Gabriel Mat\u00edas con su nueva creaci\u00f3n de danza flamenca que reivindica el acto puro de bailar como forma de expresi\u00f3n.<\/p>\n<p>Compra de localidades en <a href=\"https:\/\/www.teatroscanal.com\/espectaculo\/compania-gabriel-matias\/\" target=\"_blank\" rel=\"noopener\">Teatros del Canal<\/a>.<\/p>\n\n<h3 id=\"betapublica\">Certamen Beta Publica<\/h3>\n<p>El Centro Cultural Paco Rabal acoge la muestra coreogr\u00e1fica del Certamen Beta Publica, dando espacio al talento emergente y a la innovaci\u00f3n en la danza contempor\u00e1nea.<\/p>\n<p>Programa en la <a href=\"https:\/\/www.betapublica.org\/muestra-coreografica\/\" target=\"_blank\" rel=\"noopener\">p\u00e1gina oficial de Beta Publica<\/a>.<\/p>\n\n<h2 id=\"musica\">M\u00fasica<\/h2>\n\n<h3 id=\"lolaindigo\">Lola \u00cdndigo<\/h3>\n<p>El de s\u00e1bado 5 de septiembre la artista Lola \u00cdndigo ofrecer\u00e1 un multitudinario concierto repleto de baile y grandes \u00e9xitos dentro del ciclo Los Conciertos de la Muralla en Alcal\u00e1 de Henares.<\/p>\n<p>Entradas en la <a href=\"https:\/\/www.losconciertosdelamuralla.com\/lola-indigo-alcala-de-henares-5-de-septiembre\" target=\"_blank\" rel=\"noopener\">web de Los Conciertos de la Muralla<\/a>.<\/p>\n\n<h3 id=\"riobabel\">Las noches de R\u00edo Babel &#8211; Estelares<\/h3>\n<p>Dentro del ciclo Las Noches de R\u00edo Babel, la banda argentina Estelares ofrecer\u00e1 un directo \u00edntimo en la Sala Uni llenando la velada de pop rock mel\u00f3dico.<\/p>\n<p>Informaci\u00f3n del cartel en la <a href=\"https:\/\/festivalriobabel.com\/las-noches-de-rio-babel\/cartel\/\" target=\"_blank\" rel=\"noopener\">web de R\u00edo Babel<\/a>.<\/p>\n\n<h3 id=\"pagagnini\">PaGAGnini<\/h3>\n<p>El espect\u00e1culo ideado por Yllana aterriza en el Gran Teatro CaixaBank Pr\u00edncipe P\u00edo para ofrecer un genial repaso humor\u00edstico a la m\u00fasica cl\u00e1sica a trav\u00e9s del virtuosismo de cuatro m\u00fasicos.<\/p>\n<p>Reserva en <a href=\"https:\/\/www.atrapalo.com\/entradas\/pagagnini-yllana_e4919751\/?srsltid=AfmBOoqviQwTz1TGma7ZZoJudjTWBvcxULEUtFH5zo3o2mkX5r7h6AJs\" target=\"_blank\" rel=\"noopener\">Atr\u00e1palo<\/a>.<\/p>\n\n<h3 id=\"tombstone\">The Living Tombstone<\/h3>\n<p>El popular proyecto electr\u00f3nico originario de internet desembarca en la Sala Wagon para ofrecer una sesi\u00f3n repleta de sus temas virales e influencias del videojuego.<\/p>\n<p>M\u00e1s informaci\u00f3n en <a href=\"https:\/\/thelivingtombstone.com\/\" target=\"_blank\" rel=\"noopener\">The Living Tombstone<\/a>.<\/p>\n\n<h3 id=\"emanero\">Emanero<\/h3>\n<p>El reconocido artista urbano argentino repasar\u00e1 sus grandes \u00e9xitos y nuevas colaboraciones sobre el escenario de la c\u00e9ntrica Sala La Riviera.<\/p>\n<p>Venta de entradas en la <a href=\"https:\/\/salariviera.com\/event\/emanero\/\" target=\"_blank\" rel=\"noopener\">web de La Riviera<\/a>.<\/p>\n\n<h3 id=\"royalgag\">The Royal Gag Orchestra por Yllana<\/h3>\n<p>Un disparatado e hilarante concierto sinf\u00f3nico creado por la compa\u00f1\u00eda Yllana para re\u00edr a carcajadas en el Gran Teatro CaixaBank Pr\u00edncipe P\u00edo.<\/p>\n<p>Compra tu entrada en <a href=\"https:\/\/www.atrapalo.com\/entradas\/the-royal-gag-orchesta-yllana_e4950289\/?srsltid=AfmBOorn2WtbxXiiUG44_MCR7w9DZdYtd8g6_OiGn5UClsgliAFhVqoR\" target=\"_blank\" rel=\"noopener\">Atr\u00e1palo<\/a>.<\/p>\n\n<h2 id=\"region\">Planes en la regi\u00f3n<\/h2>\n\n<h3 id=\"alcorcon\">Fiestas de Alcorc\u00f3n<\/h3>\n<p>El municipio madrile\u00f1o celebra sus fiestas patronales con un extenso programa lleno de actividades familiares, orquestas, casetas e importantes actuaciones musicales al aire libre.<\/p>\n<p>Descarga la <a href=\"https:\/\/drive.ayto-alcorcon.es\/s\/4RpFcseBZi9dnfP?dir=\/&#038;editing=false&#038;openfile=true\" target=\"_blank\" rel=\"noopener\">programaci\u00f3n oficial de Alcorc\u00f3n<\/a>.<\/p>\n\n<h3 id=\"arganda\">Fiestas de Arganda del Rey<\/h3>\n<p>Arganda del Rey da comienzo a sus Fiestas Patronales 2026 con encierros, actuaciones culturales, conciertos y verbenas para todos los vecinos y visitantes.<\/p>\n<p>Consulta el folleto en la <a href=\"https:\/\/www.argandadelrey.es\/Visorpdf\/web\/viewer.html?file=https:\/\/www.argandadelrey.es\/wp-content\/uploads\/2026\/08\/PROGRAMA-FIESTAS-PATRONALES-2026-1.pdf#magazineMode=true\" target=\"_blank\" rel=\"noopener\">p\u00e1gina oficial del Ayuntamiento de Arganda<\/a>.<\/p>\n\n<h3 id=\"buitrago\">XXVI Feria medieval de Buitrago del Lozoya<\/h3>\n<p>Buitrago del Lozoya viaja en el tiempo para celebrar la XXVI edici\u00f3n de su reconocida Feria Medieval dentro de su recinto amurallado, con puestos de artesan\u00eda, torneos, juglares y cetrer\u00eda.<\/p>\n<p>Toda la informaci\u00f3n en la <a href=\"https:\/\/feriamedievalbuitragodelozoya.com\/\" target=\"_blank\" rel=\"noopener\">web de la Feria Medieval de Buitrago<\/a>.<\/p>\n\n<h3 id=\"navalcarnero\">Fiestas de Navalcarnero<\/h3>\n<p>Las Fiestas Patronales de Navalcarnero traen un sinf\u00edn de festejos populares, mercadillos reales, conciertos de primer nivel y eventos tradicionales en la Plaza Pr\u00f3coro Brotherton y alrededores.<\/p>\n<p>Programa completo en la <a href=\"https:\/\/navalcarnero.es\/navalcarnero\/prensa\/programacion-fiestas-patronales-2026-2\/\" target=\"_blank\" rel=\"noopener\">web de Navalcarnero<\/a>.<\/p>\n\n<h3 id=\"valdemoro\">Fiestas de Valdemoro<\/h3>\n<p>Valdemoro vive sus d\u00edas grandes con conciertos gratuitos en la Plaza Mayor, actividades infantiles, pasacalles y espect\u00e1culos nocturnos.<\/p>\n<p>Revisa la agenda en su <a href=\"https:\/\/www.instagram.com\/p\/DON7k8EjCRc\/\" target=\"_blank\" rel=\"noopener\">perfil oficial de Instagram<\/a>.<\/p>\n\n<p>\u00bfQuieres recomendarnos un plan para el finde que viene? Escr\u00edbenos a <a href=\"mailto:info@vidademadrid.com\">info@vidademadrid.com<\/a> o <a href=\"mailto:publicidad@vidademadrid.com\">publicidad@vidademadrid.com<\/a><\/p>\n","protected":false},"excerpt":{"rendered":"<p>Fiestas de La Melonera, Coca-Cola Music Experience, II Festival de Piano Madrid a Tempo, el Prado de Noche y mucho m\u00e1s.<\/p>\n","protected":false},"author":1,"featured_media":61636,"comment_status":"open","ping_status":"open","sticky":false,"template":"","format":"standard","meta":{"footnotes":""},"categories":[187,194,119],"tags":[],"class_list":{"0":"post-61635","1":"post","2":"type-post","3":"status-publish","4":"format-standard","5":"has-post-thumbnail","7":"category-madrid-hoy","8":"category-planes-del-fin-de-semana-madrid","9":"category-portada"},"_links":{"self":[{"href":"https:\/\/www.vidademadrid.com\/es\/wp-json\/wp\/v2\/posts\/61635","targetHints":{"allow":["GET"]}}],"collection":[{"href":"https:\/\/www.vidademadrid.com\/es\/wp-json\/wp\/v2\/posts"}],"about":[{"href":"https:\/\/www.vidademadrid.com\/es\/wp-json\/wp\/v2\/types\/post"}],"author":[{"embeddable":true,"href":"https:\/\/www.vidademadrid.com\/es\/wp-json\/wp\/v2\/users\/1"}],"replies":[{"embeddable":true,"href":"https:\/\/www.vidademadrid.com\/es\/wp-json\/wp\/v2\/comments?post=61635"}],"version-history":[{"count":2,"href":"https:\/\/www.vidademadrid.com\/es\/wp-json\/wp\/v2\/posts\/61635\/revisions"}],"predecessor-version":[{"id":61640,"href":"https:\/\/www.vidademadrid.com\/es\/wp-json\/wp\/v2\/posts\/61635\/revisions\/61640"}],"wp:featuredmedia":[{"embeddable":true,"href":"https:\/\/www.vidademadrid.com\/es\/wp-json\/wp\/v2\/media\/61636"}],"wp:attachment":[{"href":"https:\/\/www.vidademadrid.com\/es\/wp-json\/wp\/v2\/media?parent=61635"}],"wp:term":[{"taxonomy":"category","embeddable":true,"href":"https:\/\/www.vidademadrid.com\/es\/wp-json\/wp\/v2\/categories?post=61635"},{"taxonomy":"post_tag","embeddable":true,"href":"https:\/\/www.vidademadrid.com\/es\/wp-json\/wp\/v2\/tags?post=61635"}],"curies":[{"name":"wp","href":"https:\/\/api.w.org\/{rel}","templated":true}]}}