{"id":61632,"date":"2026-09-01T17:17:03","date_gmt":"2026-09-01T15:17:03","guid":{"rendered":"https:\/\/www.vidademadrid.com\/es\/?p=61632"},"modified":"2026-09-01T17:17:07","modified_gmt":"2026-09-01T15:17:07","slug":"este-sabado-vuelve-el-prado-de-noche-con-apertura-gratuita-septiembre-2026","status":"publish","type":"post","link":"https:\/\/www.vidademadrid.com\/es\/61632\/este-sabado-vuelve-el-prado-de-noche-con-apertura-gratuita-septiembre-2026\/","title":{"rendered":"Este s\u00e1bado vuelve el Prado de Noche con apertura gratuita"},"content":{"rendered":"<p>El\u00a0<strong>Museo del Prado,\u00a0<\/strong>en colaboraci\u00f3n con Samsung y Radio 3, volver\u00e1 a abrir gratuitamente el s\u00e1bado por la noche de\u00a0<strong>20:30 a 23:30 horas.\u00a0<\/strong><\/p>\n<p>Este s\u00e1bado se podr\u00e1n visitar todas las salas del Edificio de Jer\u00f3nimos:<\/p>\n<ul>\n<li>Planta 0 &#8211; Salas A-B: Exposici\u00f3n temporal\u00a0<em>\u00abA la manera de Italia. Espa\u00f1a y el g\u00f3tico mediterr\u00e1neo (1320-1420)\u00bb<\/em><\/li>\n<li>Planta 1 &#8211; Salas C-D: Exposici\u00f3n temporal\u00a0<em>\u00abPrado. Siglo XXI\u00bb<\/em><\/li>\n<li>Planta 2 &#8211;\u00a0<em>Claustro.\u00a0<\/em><\/li>\n<\/ul>\n<h2>Visita nocturna al Museo del Prado<\/h2>\n<p>El horario de apertura ser\u00e1 de\u00a0<strong>20:30 a 23:30 horas<\/strong>\u00a0(\u00faltimo acceso a las 23:00 horas). La entrada ser\u00e1 por Puerta de Jer\u00f3nimos y es libre y gratuita hasta completar aforo.<\/p>\n","protected":false},"excerpt":{"rendered":"<p>Ser\u00e1 el s\u00e1bado 5 de septiembre. <\/p>\n","protected":false},"author":15,"featured_media":35067,"comment_status":"open","ping_status":"open","sticky":false,"template":"","format":"standard","meta":{"footnotes":""},"categories":[195],"tags":[],"class_list":{"0":"post-61632","1":"post","2":"type-post","3":"status-publish","4":"format-standard","5":"has-post-thumbnail","7":"category-cultura"},"_links":{"self":[{"href":"https:\/\/www.vidademadrid.com\/es\/wp-json\/wp\/v2\/posts\/61632","targetHints":{"allow":["GET"]}}],"collection":[{"href":"https:\/\/www.vidademadrid.com\/es\/wp-json\/wp\/v2\/posts"}],"about":[{"href":"https:\/\/www.vidademadrid.com\/es\/wp-json\/wp\/v2\/types\/post"}],"author":[{"embeddable":true,"href":"https:\/\/www.vidademadrid.com\/es\/wp-json\/wp\/v2\/users\/15"}],"replies":[{"embeddable":true,"href":"https:\/\/www.vidademadrid.com\/es\/wp-json\/wp\/v2\/comments?post=61632"}],"version-history":[{"count":1,"href":"https:\/\/www.vidademadrid.com\/es\/wp-json\/wp\/v2\/posts\/61632\/revisions"}],"predecessor-version":[{"id":61633,"href":"https:\/\/www.vidademadrid.com\/es\/wp-json\/wp\/v2\/posts\/61632\/revisions\/61633"}],"wp:featuredmedia":[{"embeddable":true,"href":"https:\/\/www.vidademadrid.com\/es\/wp-json\/wp\/v2\/media\/35067"}],"wp:attachment":[{"href":"https:\/\/www.vidademadrid.com\/es\/wp-json\/wp\/v2\/media?parent=61632"}],"wp:term":[{"taxonomy":"category","embeddable":true,"href":"https:\/\/www.vidademadrid.com\/es\/wp-json\/wp\/v2\/categories?post=61632"},{"taxonomy":"post_tag","embeddable":true,"href":"https:\/\/www.vidademadrid.com\/es\/wp-json\/wp\/v2\/tags?post=61632"}],"curies":[{"name":"wp","href":"https:\/\/api.w.org\/{rel}","templated":true}]}}