{"id":61617,"date":"2026-08-31T16:18:07","date_gmt":"2026-08-31T14:18:07","guid":{"rendered":"https:\/\/www.vidademadrid.com\/es\/?p=61617"},"modified":"2026-08-31T16:18:11","modified_gmt":"2026-08-31T14:18:11","slug":"vuelve-bienvenidos-al-palacio-con-visitas-gratuitas-a-los-palacios-de-madrid-fechas-e-inscripciones","status":"publish","type":"post","link":"https:\/\/www.vidademadrid.com\/es\/61617\/vuelve-bienvenidos-al-palacio-con-visitas-gratuitas-a-los-palacios-de-madrid-fechas-e-inscripciones\/","title":{"rendered":"Vuelve \u00ab\u00a1Bienvenidos al Palacio!\u00bb con visitas gratuitas a los palacios de Madrid: fechas e inscripciones"},"content":{"rendered":"<p class=\"p1\">El programa de la\u00a0<b>Comunidad de Madrid \u2018\u00a1Bienvenidos a Palacio!\u2019\u00a0<\/b>vuelve este oto\u00f1o con una nueva temporada de visitas gratuitas a\u00a0<b>palacios,\u00a0<\/b>muchos de ellos se encuentran normalmente cerrados al p\u00fablico. Te contamos toda la informaci\u00f3n en este art\u00edculo.<span class=\"Apple-converted-space\">\u00a0<\/span><\/p>\n<h2>\u00a1Bienvenidos a Palacio! 2026<\/h2>\n<p class=\"p1\"><b>\u00a1Bienvenidos a palacio!\u00a0<\/b>es una iniciativa de la\u00a0<b>Comunidad de Madrid\u00a0<\/b>que abre las puertas de los palacios m\u00e1s emblem\u00e1ticos de la regi\u00f3n, que fueron testigos de la historia madrile\u00f1a y fueron residencia de nobles, ministros y monarcas.<span class=\"Apple-converted-space\">\u00a0<\/span><\/p>\n<p class=\"p1\">En la 13\u00ba edici\u00f3n de <b>\u00a1Bienvenidos a palacio!\u00a0<\/b>se podr\u00e1 visitar con visita guiada una <b>veintena de palacios\u00a0<\/b>de forma gratuita as\u00ed como recorrer sus jardines, colecciones de arte, bibliotecas, salas de baile y m\u00e1s.<\/p>\n<p>Las visitas ser\u00e1n del 11 de septiembre al 1 de diciembre de 2026 y se podr\u00e1 asistir previa inscripci\u00f3n.<\/p>\n<h2>Inscripciones<\/h2>\n<p>Las inscripciones se abrir\u00e1n el <strong>2 de septiembre a las 10:00 horas<\/strong> en este <a href=\"https:\/\/actividadespatrimoniocm.es\/\">enlace<\/a>.<\/p>\n<p class=\"p1\">Se establecer\u00e1 un sistema de colla de espera virtual y se permitir\u00e1 la reserva de\u00a0<b>hasta dos plazas por inscripci\u00f3n.<span class=\"Apple-converted-space\">\u00a0<\/span><\/b><\/p>\n<p>Si has reservado en una visita guiada y finalmente no puedes acudir, se pide que canceles tu plaza, para que alguien m\u00e1s pueda disfrutarla.<\/p>\n<h2>Estos son los palacios que podr\u00e1s visitar en \u00a1Bienvenidos a palacio! 2026<\/h2>\n<ul>\n<li>Palacio del Duque de Abrantes (24 y 29 de septiembre; 1, 6, 8, 15, 27 y 29 de octubre)<\/li>\n<li>Palacio del Marqu\u00e9s de Amboage (20 de octubre)<\/li>\n<li>Palacete de Basilio Avial (26 de septiembre; 3, 17 y 24 de octubre; 14 y 28 de noviembre)<\/li>\n<li>Palacio de Buenavista (22 de septiembre; 6 y 20 de octubre; 3 y 17 de octubre; 1 de diciembre)<\/li>\n<li>Palacio de Fern\u00e1n N\u00fa\u00f1ez (15 y 16 de septiembre; 6, 7 y 27 de octubre; 4, 17, 18, 24 y 25 de noviembre)<\/li>\n<li>Palacio de Goyeneche (16, 23 y 30 de septiembre)<\/li>\n<li>Palacio de Liria (12 de noviembre)<\/li>\n<li>Palacio de la Duquesa de Parcent (18 y 25 de septiembre; 2, 9, 16, 23 y 30 de octubre; 6, 13, 20 y 27 de noviembre)<\/li>\n<li>Palacio de Santo\u00f1a (14 de septiembre)<\/li>\n<li>Palacio de los Marqueses de Santa Cruz (17 y 24 de septiembre; 1, 8, 15, 22 y 29 de octubre; 5, 12, 19 y 26 de noviembre)<\/li>\n<li>Palacete del Marqu\u00e9s de Rafal (16, 23 y 30 de noviembre)<\/li>\n<li>Palacio de Uceda (11 y 18 de septtiembre; 20 de noviembre)<\/li>\n<li>Palacio del Marqu\u00e9s de Villafranca (14, 15, 17 y 25 de septiembre; 1, 8, 15, 22 y 23 de octubre)<\/li>\n<li>Palacio de la Condesa de Adanero (2, 9, 23 y 30 de octubre)<\/li>\n<li>Palacio de Aldovea (7, 14, 21 y 28 de octubre)<\/li>\n<li>Palacio de Santa Coloma (30 de septiembre, 14 de octubre y 25 de noviembre)<\/li>\n<li>Palacio de Parque Florido (18 de septiembre; 2 y 16 de octubre; 6 y 27 de noviembre)<\/li>\n<li>Casa-palacio de Manuel Gonz\u00e1lez-Longoria (7 de octubre; 4 de noviembre)<\/li>\n<li>Casa-palacio de Pedro Luj\u00e1n (28 de septiembre)<\/li>\n<li>Palacio de Godoy (19 y 26 de octubre; 16 y 23 de noviembre)<\/li>\n<li>Palacio Infante Don Luis de Borb\u00f3n (13 de septiembre; 4 y 25 de octubre; 8 y 15 de noviembre)<\/li>\n<li>Palacio de la Infanta Isabel de Borb\u00f3n (11, 12 y 13 de septiembre; 13, 14 y 15 de noviembre)<\/li>\n<li>Palacete de Joaqu\u00edn de la Torre y Angulo (6 de noviembre)<\/li>\n<li>Palacio de Zurbano (16, 21, 22, 23, 28 y 29 de septiembre)<\/li>\n<\/ul>\n","protected":false},"excerpt":{"rendered":"<p>Las reservas abren el 2 de septiembre. <\/p>\n","protected":false},"author":15,"featured_media":61618,"comment_status":"open","ping_status":"open","sticky":false,"template":"","format":"standard","meta":{"footnotes":""},"categories":[195],"tags":[],"class_list":{"0":"post-61617","1":"post","2":"type-post","3":"status-publish","4":"format-standard","5":"has-post-thumbnail","7":"category-cultura"},"_links":{"self":[{"href":"https:\/\/www.vidademadrid.com\/es\/wp-json\/wp\/v2\/posts\/61617","targetHints":{"allow":["GET"]}}],"collection":[{"href":"https:\/\/www.vidademadrid.com\/es\/wp-json\/wp\/v2\/posts"}],"about":[{"href":"https:\/\/www.vidademadrid.com\/es\/wp-json\/wp\/v2\/types\/post"}],"author":[{"embeddable":true,"href":"https:\/\/www.vidademadrid.com\/es\/wp-json\/wp\/v2\/users\/15"}],"replies":[{"embeddable":true,"href":"https:\/\/www.vidademadrid.com\/es\/wp-json\/wp\/v2\/comments?post=61617"}],"version-history":[{"count":3,"href":"https:\/\/www.vidademadrid.com\/es\/wp-json\/wp\/v2\/posts\/61617\/revisions"}],"predecessor-version":[{"id":61621,"href":"https:\/\/www.vidademadrid.com\/es\/wp-json\/wp\/v2\/posts\/61617\/revisions\/61621"}],"wp:featuredmedia":[{"embeddable":true,"href":"https:\/\/www.vidademadrid.com\/es\/wp-json\/wp\/v2\/media\/61618"}],"wp:attachment":[{"href":"https:\/\/www.vidademadrid.com\/es\/wp-json\/wp\/v2\/media?parent=61617"}],"wp:term":[{"taxonomy":"category","embeddable":true,"href":"https:\/\/www.vidademadrid.com\/es\/wp-json\/wp\/v2\/categories?post=61617"},{"taxonomy":"post_tag","embeddable":true,"href":"https:\/\/www.vidademadrid.com\/es\/wp-json\/wp\/v2\/tags?post=61617"}],"curies":[{"name":"wp","href":"https:\/\/api.w.org\/{rel}","templated":true}]}}