{"id":61612,"date":"2026-08-31T12:48:34","date_gmt":"2026-08-31T10:48:34","guid":{"rendered":"https:\/\/www.vidademadrid.com\/es\/?p=61612"},"modified":"2026-08-31T13:18:05","modified_gmt":"2026-08-31T11:18:05","slug":"septiembre-2026-madrid-agenda-de-planes-y-evento","status":"publish","type":"post","link":"https:\/\/www.vidademadrid.com\/es\/61612\/septiembre-2026-madrid-agenda-de-planes-y-evento\/","title":{"rendered":"Qu\u00e9 hacer en septiembre 2026 en Madrid: agenda de planes y eventos del mes"},"content":{"rendered":"<p>Vuelve la agenda del mes de Vida de Madrid. Aqu\u00ed te contamos todo lo que hay qu\u00e9 hacer este mes de <strong>septiembre 2026 en Madrid<\/strong>: much\u00edsimos planes y eventos como el Gran Premio de F1, la nueva edici\u00f3n de BeerMad en nueva ubicaci\u00f3n, la Fashion Week y mucho m\u00e1s. Sigue leyendo para conocer el listado completo.<\/p>\n<div id=\"model-response-message-contentr_f28e04ca71559009\" class=\"markdown markdown-main-panel md-content enable-luminous-fast-follows enable-updated-hr-color stronger\" dir=\"ltr\" aria-busy=\"false\" aria-live=\"polite\">\n<div><\/div>\n<div>\ud83c\udfb9 1-6 sept: <i data-path-to-node=\"1\" data-index-in-node=\"13\">Festival Internacional de Piano Madrid a Tempo<\/i> en diferentes espacios de Madrid<\/div>\n<div>\ud83c\udfbe 1-6 sept: <i data-path-to-node=\"1\" data-index-in-node=\"106\">Madrid Premier Padel P1<\/i> en Movistar Arena<\/div>\n<div><strong>\ud83c\udfaa 1-9 sept: <i data-path-to-node=\"1\" data-index-in-node=\"324\">Fiestas de Aravaca<\/i> (Moncloa-Aravaca)<\/strong><\/div>\n<div>\ud83c\udfad 1-20 sept: <i data-path-to-node=\"1\" data-index-in-node=\"162\">Los locos de Valencia<\/i> en Teatros del Canal<\/div>\n<div><strong>\ud83c\udfaa 3-6 sept: <i data-path-to-node=\"1\" data-index-in-node=\"218\">Fiestas de La Melonera<\/i> (Arganzuela)<\/strong><\/div>\n<div>\ud83c\udfad 3-6 sept: <i data-path-to-node=\"1\" data-index-in-node=\"267\">Eduardo Guerrero \u2013 C\u00f3digos<\/i> en Teatro F\u00edgaro<\/div>\n<div>\ud83c\udfad 3-13 sept: <i data-path-to-node=\"1\" data-index-in-node=\"375\">Leonora<\/i> en Teatro de La Abad\u00eda<\/div>\n<div>\ud83c\udfad 3-13 sept: <i data-path-to-node=\"1\" data-index-in-node=\"420\">El invencible verano de Liliana<\/i> en Conde Duque<\/div>\n<div>\ud83c\udfad 3-13 sept: <i data-path-to-node=\"1\" data-index-in-node=\"481\">Escenas de la vida conyugal<\/i> en Nuevo Teatro Alcal\u00e1<\/div>\n<div>\ud83c\udfad 3-20 sept: <i data-path-to-node=\"1\" data-index-in-node=\"546\">Vendr\u00e1n los alien\u00edgenas y tendr\u00e1n tus ojos<\/i> en Nave 10 Matadero<\/div>\n<div>\ud83c\udfb5 4 sept: concierto <i data-path-to-node=\"1\" data-index-in-node=\"630\">The Living Tombstone<\/i> en Sala Wagon<\/div>\n<div><strong>\ud83c\udfaa 4-5 sept: festival <i data-path-to-node=\"1\" data-index-in-node=\"687\">Coca-Cola Music Experience 2026<\/i> en Recinto Iberdrola Music<\/strong><\/div>\n<div>\ud83c\udfbb 4-6 sept y 11-13 sept: <i data-path-to-node=\"1\" data-index-in-node=\"772\">The Royal Gag Orchestra<\/i> por Yllana en Gran Teatro CaixaBank Pr\u00edncipe P\u00edo<\/div>\n<div><strong>\ud83c\udfaa 4-8 sept: <i data-path-to-node=\"1\" data-index-in-node=\"858\">Fiestas de Canillejas<\/i> (San Blas-Canillejas)<\/strong><\/div>\n<div><strong>\ud83c\udfaa 4-13 sept: <i data-path-to-node=\"1\" data-index-in-node=\"916\">Fiestas de la Virgen de la Torre<\/i> (Villa de Vallecas)<\/strong><\/div>\n<div>\ud83c\udfad 4-27 sept: obra de teatro <i data-path-to-node=\"1\" data-index-in-node=\"998\">El retablo de las maravillas. Variaciones contempor\u00e1neas sobre un tema de Cervantes<\/i> de Els Joglars, dirigida por Albert Boadella en Fern\u00e1n G\u00f3mez Centro Cultural de la Villa (Sala Guirau)<\/div>\n<div>\ud83c\udfad 4-27 sept: <i data-path-to-node=\"1\" data-index-in-node=\"1199\">Todas las mujeres que habito<\/i> en Teatro Infanta Isabel<\/div>\n<div>\ud83c\udfb5 desde 4 sept (hasta el 13 nov): <i data-path-to-node=\"1\" data-index-in-node=\"1288\">Las noches de R\u00edo Babel<\/i> en diferentes salas de Madrid<\/div>\n<div><strong>\ud83c\udfa8 5 sept: <i data-path-to-node=\"1\" data-index-in-node=\"1353\">El Prado de noche<\/i> en Museo del Prado (primera jornada nocturna del mes)<\/strong><\/div>\n<div>\ud83e\uddf8 5 sept: <i data-path-to-node=\"1\" data-index-in-node=\"1436\">Mercado del Juguete de Madrid<\/i> en Plaza de Aluche<\/div>\n<div>\ud83e\udd55 5 sept: <i data-path-to-node=\"1\" data-index-in-node=\"1496\">D\u00eda de Mercado de la C\u00e1mara Agraria<\/i> en Casa de Campo<\/div>\n<div>\ud83c\udfb5 5 sept: concierto <i data-path-to-node=\"1\" data-index-in-node=\"1570\">Emanero<\/i> en La Riviera<\/div>\n<div><strong>\ud83c\udfaa 5-14 sept: <i data-path-to-node=\"1\" data-index-in-node=\"1606\">Fiestas de Ciudad Lineal<\/i>\u00a0<\/strong><\/div>\n<div>\ud83e\udd55 6 sept: Mercado Productores Planetario<\/div>\n<div>\ud83c\udfbc 6 sept: <i data-path-to-node=\"1\" data-index-in-node=\"1661\">PaGAGnini<\/i> en Gran Teatro CaixaBank Pr\u00edncipe P\u00edo<\/div>\n<div><strong>\ud83d\udc57 7-10 sept: <i data-path-to-node=\"1\" data-index-in-node=\"1723\">OMODA Madrid es Moda<\/i> en diferentes localizaciones de Madrid<\/strong><\/div>\n<div><strong>\ud83d\udc57 7-19 sept: <i data-path-to-node=\"1\" data-index-in-node=\"1797\">Semana de la Moda de Madrid<\/i> en diferentes espacios de la ciudad<\/strong><\/div>\n<div>\u26bd 7 sept: <i data-path-to-node=\"1\" data-index-in-node=\"1871\">Getafe CF \u2013 RC Celta<\/i> en el Coliseum<\/div>\n<div>\ud83c\udfad desde 8 sept: <i data-path-to-node=\"1\" data-index-in-node=\"2062\">El imitador<\/i> en Teatro Pav\u00f3n (hasta el 30 oct)<\/div>\n<div>\u2764\ufe0f desde 8 sept (hasta el 18 oct): <i data-path-to-node=\"1\" data-index-in-node=\"2143\">Las amistades peligrosas<\/i> en Teatro Marquina<\/div>\n<div><strong>\ud83c\udfaa 10-20 sept: <i data-path-to-node=\"1\" data-index-in-node=\"2201\">Fiestas de Nuestra Se\u00f1ora de la Soledad<\/i> (Barajas)<\/strong><\/div>\n<div><strong>\ud83d\udc60 10 sept (por confirmar): <em>Vogue Fashion Night Out 2026<\/em> en el barrio Salamanca<\/strong><\/div>\n<div>\ud83c\udfb5 10 sept: concierto <i data-path-to-node=\"1\" data-index-in-node=\"2273\">The Neighbourhood<\/i> en Palacio Vistalegre<\/div>\n<div>\ud83c\udfb5 10 sept: concierto <i data-path-to-node=\"1\" data-index-in-node=\"2335\">KARD<\/i> en Sala Wagon<\/div>\n<div><strong>\ud83c\udfa8 10-13 sept: <i data-path-to-node=\"1\" data-index-in-node=\"2369\">Apertura Madrid Gallery Weekend<\/i> en galer\u00edas y museos de Madrid<\/strong><\/div>\n<div><strong>\ud83c\udfce\ufe0f 11-13 sept: <i data-path-to-node=\"1\" data-index-in-node=\"2448\">Gran Premio de Espa\u00f1a de F\u00f3rmula 1\u00ae 2026<\/i> en Circuito de MADRING (IFEMA Madrid \/ Valdebebas)<\/strong><\/div>\n<div>\ud83c\udfb8 11-12 sept: concierto <i data-path-to-node=\"1\" data-index-in-node=\"2565\">Billy Corgan \u2013 A Night of Mellon Collie and Infinite Sadness<\/i> en Palacio Vistalegre<\/div>\n<div>\ud83c\udfb5 11 sept: concierto <i data-path-to-node=\"1\" data-index-in-node=\"2670\">Black Coffee<\/i> en Universidad Aut\u00f3noma de Madrid<\/div>\n<div><strong>\ud83c\udfb5 11, 12, 14 y 15 sept: conciertos de <i data-path-to-node=\"1\" data-index-in-node=\"2756\">Aitana<\/i> en Movistar Arena<\/strong><\/div>\n<div><strong>\ud83c\udfaa 11-21 sept (por confirmar): <i data-path-to-node=\"1\" data-index-in-node=\"2796\">Fiestas de Lucero<\/i> (Latina)<\/strong><\/div>\n<div>\ud83c\udfad desde 11 sept: <i data-path-to-node=\"1\" data-index-in-node=\"2925\">Los Miserables<\/i> en Teatro Apolo<\/div>\n<div>\ud83c\udf0c desde 11 sept: <i data-path-to-node=\"1\" data-index-in-node=\"2974\">Human Universe \u2013 The Experience<\/i> en Espacio Delicias<\/div>\n<div>\ud83c\udfaa 12-13 sept: <i data-path-to-node=\"1\" data-index-in-node=\"3041\">Freak Wars Madrid<\/i> en Pabell\u00f3n de Cristal de Casa de Campo<\/div>\n<div>\ud83d\udecd\ufe0f 12-13 sept: <i data-path-to-node=\"1\" data-index-in-node=\"3115\">Mercado de Motores<\/i> en Museo del Ferrocarril<\/div>\n<div>\ud83c\udfad 12-13 sept: <i data-path-to-node=\"1\" data-index-in-node=\"3174\">Guacamayo \u2013 Jos\u00e9 Maldonado<\/i> en Teatros del Canal<\/div>\n<div><strong>\ud83c\udfaa 12-13 sept (por confirmar): <i data-path-to-node=\"1\" data-index-in-node=\"3237\">Fiestas de La Ventilla<\/i> (Tetu\u00e1n \/ Parque Rodr\u00edguez Sahag\u00fan)<\/strong><\/div>\n<div><strong>\ud83c\udfaa 12-13 sept (por confirmar): <i data-path-to-node=\"1\" data-index-in-node=\"3311\">Fiestas de la Virgen de la Soledad<\/i> (Hortaleza)<\/strong><\/div>\n<div>\ud83c\udfb5 12 sept: concierto <i data-path-to-node=\"1\" data-index-in-node=\"3380\">Miguel R\u00edos<\/i> en Huerta del Obispo<\/div>\n<div>\ud83c\udfad desde 12 sept: show de comedia <i data-path-to-node=\"1\" data-index-in-node=\"3447\">Divorciada. Superviviente<\/i> en Peque\u00f1o Teatro Gran V\u00eda (hasta el 8 nov)<\/div>\n<div>\ud83c\udfad desde 12 sept: experiencia teatral <i data-path-to-node=\"1\" data-index-in-node=\"3555\">El misterio de Chamber\u00ed<\/i> en Espacio Alma (hasta el 30 sept)<\/div>\n<div>\ud83c\udfa4 desde 12 sept (hasta el 8 nov): <i data-path-to-node=\"1\" data-index-in-node=\"3649\">SIX, el musical<\/i> en Teatro Gran V\u00eda<\/div>\n<div>\ud83e\udd55 13 sept: Mercado Productores Alcobendas<\/div>\n<div><strong>\ud83d\udc57 14-19 sept: <i data-path-to-node=\"1\" data-index-in-node=\"3699\">Mercedes-Benz Fashion Week Madrid<\/i> (84\u00aa edici\u00f3n) en IFEMA Madrid y sedes de la ciudad<\/strong><\/div>\n<div><strong>\ud83c\udfac 14-20 sept: <i data-path-to-node=\"1\" data-index-in-node=\"3799\">Festival de Cine de Madrid FCM-PNR<\/i> en diferentes sedes<\/strong><\/div>\n<div>\ud83c\udfb5 15 sept: concierto <i data-path-to-node=\"1\" data-index-in-node=\"3876\">Jeanette<\/i> en Teatro Real<\/div>\n<div>\ud83d\udef8 16 y 18 sept: <i data-path-to-node=\"1\" data-index-in-node=\"3917\">DroneArt Show \u2013 Harry Potter\u2122<\/i> en Hip\u00f3dromo de la Zarzuela<\/div>\n<div>\ud83c\udfb5 16 sept: concierto <i data-path-to-node=\"1\" data-index-in-node=\"3997\">RaiNao<\/i> en Caf\u00e9 Berl\u00edn<\/div>\n<div>\ud83c\udfad desde 16 sept: <i data-path-to-node=\"1\" data-index-in-node=\"4037\">Que Dios nos pille confesados<\/i> en Teatro Mu\u00f1oz Seca<\/div>\n<div>\ud83c\udf77 17-27 sept: <i data-path-to-node=\"1\" data-index-in-node=\"4103\">Hotel Tapa Tour Madrid<\/i> en diferentes hoteles de Madrid<\/div>\n<div>\ud83c\udfb6 17 sept: <i data-path-to-node=\"1\" data-index-in-node=\"4170\">Gran Festival Musical de los Pueblos Ib\u00e9ricos<\/i> en Universidad Aut\u00f3noma de Madrid<\/div>\n<div>\ud83c\udfb5 desde 17 sept: <i data-path-to-node=\"1\" data-index-in-node=\"4268\">WAH Madrid<\/i> en IFEMA Madrid<\/div>\n<div>\ud83c\udfad desde 17 sept: musical <i data-path-to-node=\"1\" data-index-in-node=\"4321\">La vida en un segundo<\/i> en Teatro Arlequ\u00edn Gran V\u00eda (hasta el 15 oct)<\/div>\n<div><strong>\ud83d\udc83 desde 18 sept: gira de conciertos <i data-path-to-node=\"1\" data-index-in-node=\"4426\">Shakira \u2013 Las Mujeres Ya No Lloran World Tour<\/i> en Recinto Iberdrola Music<\/strong><\/div>\n<div>\ud83c\udfad desde 18 sept: musical <i data-path-to-node=\"1\" data-index-in-node=\"4525\">La Familia Addams<\/i> en Teatro Calder\u00f3n (hasta el 29 nov)<\/div>\n<div><strong>\ud83c\udf0c desde 18 sept: <i data-path-to-node=\"1\" data-index-in-node=\"4598\">La Odisea. El viaje inmersivo<\/i> en MAD \/ Madrid Artes Digitales (Matadero)<\/strong><\/div>\n<div><strong>\ud83c\udfb8 18-19 sept: Festival <i data-path-to-node=\"1\" data-index-in-node=\"4686\">Brava Madrid<\/i> en Caja M\u00e1gica<\/strong><\/div>\n<div><strong>\ud83c\udfb8 18-19 sept: Festival <i data-path-to-node=\"1\" data-index-in-node=\"4729\">Jard\u00edn de las Delicias <\/i>en Cantarranas (Universidad Complutense)<\/strong><\/div>\n<div>\ud83c\udfb5 18 sept: concierto <i data-path-to-node=\"1\" data-index-in-node=\"4824\">Mac DeMarco<\/i> en La Riviera<\/div>\n<div>\ud83c\udfb5 18 sept: concierto <i data-path-to-node=\"1\" data-index-in-node=\"4872\">M-Clan<\/i> en Huerta del Obispo<\/div>\n<div><strong>\ud83c\udfa8 desde 18 sept: inicio de la nueva temporada del programa cultural <i data-path-to-node=\"1\" data-index-in-node=\"4969\">21 DISTRITOS<\/i> con el espect\u00e1culo <i data-path-to-node=\"1\" data-index-in-node=\"5001\">SOLO<\/i> en Templo de Debod<\/strong><\/div>\n<div><strong>\ud83e\udd52 19 sept: <i data-path-to-node=\"1\" data-index-in-node=\"5037\">Gilda Fest by Rita&#8217;s<\/i> en Autocine Madrid<\/strong><\/div>\n<div>\ud83c\udfa4 19 sept: concierto <i data-path-to-node=\"1\" data-index-in-node=\"5099\">Antonio Orozco \u2013 La gira de tu vida<\/i> en Movistar Arena<\/div>\n<div>\ud83c\udfb5 19-20 sept: concierto <i data-path-to-node=\"1\" data-index-in-node=\"5178\">Ciro y los Persas<\/i> en La Riviera<\/div>\n<div>\ud83c\udfaa 19-21 sept: <i data-path-to-node=\"1\" data-index-in-node=\"5225\">Fiestas Colonia El Bosque<\/i> (Hortaleza)<\/div>\n<div>\ud83e\udd55 20 sept: Mercado Productores Planetario<\/div>\n<div>\u26bd 20 sept: <i data-path-to-node=\"1\" data-index-in-node=\"5274\">Atl\u00e9tico de Madrid \u2013 Real Madrid<\/i> en Estadio Riyadh Air Metropolitano<\/div>\n<div>\ud83c\udfb5 20 sept: concierto <i data-path-to-node=\"1\" data-index-in-node=\"5365\">Iv\u00e1n Ferreiro<\/i> en Movistar Arena<\/div>\n<div>\ud83c\udfa4 22-23 sept: conciertos de <i data-path-to-node=\"1\" data-index-in-node=\"5426\">La Oreja de Van Gogh<\/i> en Movistar Arena<\/div>\n<div>\ud83d\ude8c 22-24 sept: <i data-path-to-node=\"1\" data-index-in-node=\"5480\">FIAA \u2013 Feria Internacional del Autob\u00fas y el Autocar<\/i> en IFEMA Madrid<\/div>\n<div>\ud83c\udfe2 22-24 sept: <i data-path-to-node=\"1\" data-index-in-node=\"5563\">The District Show<\/i> en IFEMA Madrid<\/div>\n<div>\ud83c\udfad 23 sept-11 oct: <i data-path-to-node=\"1\" data-index-in-node=\"5616\">Manon Lescaut<\/i> en Teatro Real<\/div>\n<div>\ud83c\udfad desde 23 sept: comedia musical <i data-path-to-node=\"1\" data-index-in-node=\"5679\">La \u00f3pera de los tres centavos<\/i> en Teatro Infanta Isabel (hasta el 1 nov)<\/div>\n<div>\ud83c\udfad desde 23 sept: comedia <i data-path-to-node=\"1\" data-index-in-node=\"5777\">El amor y mucho MATCH!<\/i> en Teatro Arlequ\u00edn Gran V\u00eda (hasta el 4 nov)<\/div>\n<div>\ud83c\udfb5 24 sept: concierto <i data-path-to-node=\"1\" data-index-in-node=\"5867\">Soda Stereo<\/i> en Movistar Arena<\/div>\n<div>\ud83c\udfa8 24-27 sept: <i data-path-to-node=\"1\" data-index-in-node=\"5912\">Estampa Contemporary Art Fair<\/i> en IFEMA Madrid<\/div>\n<div>\ud83d\udd25 24-27 sept: <i data-path-to-node=\"1\" data-index-in-node=\"5973\">VI Suma Flamenca Joven<\/i> en Teatros del Canal<\/div>\n<div>\ud83c\udfb6 24-30 sept: <i data-path-to-node=\"1\" data-index-in-node=\"6032\">Madrid Live Experience<\/i> en Gran Teatro CaixaBank Pr\u00edncipe P\u00edo<\/div>\n<div>\ud83c\udfad desde 24 sept: obra <i data-path-to-node=\"1\" data-index-in-node=\"6116\">No todos los cuadros tienen la misma luz<\/i> en Teatro Lara (hasta el 12 nov)<\/div>\n<div>\ud83c\udfc0 24 sept: inicio de la <i data-path-to-node=\"1\" data-index-in-node=\"6215\">Euroliga 2026-27<\/i> (Real Madrid Baloncesto vs Dubai Basketball)<\/div>\n<div><strong>\ud83c\udf7a 25-27 sept: <i data-path-to-node=\"1\" data-index-in-node=\"6292\">BeerMad 2026<\/i> (XII Edici\u00f3n de la Feria de la Cerveza Artesana) en Avda. del Planetario (entrada libre)<\/strong><\/div>\n<div>\ud83c\udfa4 25-26 sept: <i data-path-to-node=\"1\" data-index-in-node=\"6409\">Madrid Salvaje<\/i> en Estadio Ontime Butarque (Legan\u00e9s)<\/div>\n<div>\ud83c\udfaa 25-27 sept (por confirmar): <i data-path-to-node=\"1\" data-index-in-node=\"6476\">Fiestas de San Vicente Pa\u00fal<\/i> (Carabanchel)<\/div>\n<div>\ud83c\udfaa 25-27 sept (por confirmar): <i data-path-to-node=\"1\" data-index-in-node=\"6533\">Fiestas de San Miguel<\/i> (Chamart\u00edn)<\/div>\n<div>\ud83c\udfad desde 25 sept: musical <i data-path-to-node=\"1\" data-index-in-node=\"6593\">Little Shop of Horrors<\/i> en Teatro Sanpol (hasta el 31 oct)<\/div>\n<div>\ud83c\udfb5 25 sept: concierto <i data-path-to-node=\"1\" data-index-in-node=\"6673\">Grupo Firme<\/i> en Movistar Arena<\/div>\n<div>\ud83c\udfb5 25 sept: concierto <i data-path-to-node=\"1\" data-index-in-node=\"6725\">Zucchero<\/i> en Madrid Live Experience (Gran Teatro CaixaBank Pr\u00edncipe P\u00edo)<\/div>\n<div>\ud83c\udf8c 26-27 sept: <i data-path-to-node=\"1\" data-index-in-node=\"6812\">Japan Weekend Madrid<\/i> en Estadio Riyadh Air Metropolitano<\/div>\n<div><strong>\ud83c\udf35 26 sept: <em>Pi\u00f1a Agavera 2026<\/em>, feria de destilados mexicanos en MEEU Chamart\u00edn<\/strong><\/div>\n<div>\ud83d\udc83 26 sept: <i data-path-to-node=\"1\" data-index-in-node=\"6881\">MAMBO SWING Ballroom Night<\/i> en L\u00edrico (Teatro Calder\u00f3n)<\/div>\n<div>\ud83c\udfb5 26 sept: concierto <i data-path-to-node=\"1\" data-index-in-node=\"6958\">Jorge Drexler<\/i> en Movistar Arena<\/div>\n<div>\ud83c\udfb5 26 sept: concierto <i data-path-to-node=\"1\" data-index-in-node=\"7012\">Anyma<\/i><\/div>\n<div>\ud83c\udfb5 26 sept: concierto <i data-path-to-node=\"1\" data-index-in-node=\"7040\">Ocean Colour Scene<\/i> en La Riviera<\/div>\n<div>\ud83c\udfc0 27 sept: inicio de la <i data-path-to-node=\"1\" data-index-in-node=\"7098\">Liga ACB 2026-27<\/i> (Real Madrid Baloncesto vs Unicaja Baloncesto) en Movistar Arena<\/div>\n<div>\ud83e\udd55 27 sept: <i data-path-to-node=\"1\" data-index-in-node=\"7192\">Mercado Productores Valdebebas<\/i> en Plaza Francisco de As\u00eds Cabrero<\/div>\n<div>\ud83c\udfb5 27 sept: concierto <i data-path-to-node=\"1\" data-index-in-node=\"7286\">The Damned<\/i> en Sala Wagon<\/div>\n<div>\ud83c\udfad desde 27 sept: espect\u00e1culo musical <i data-path-to-node=\"1\" data-index-in-node=\"7349\">Con la boca abierta<\/i> en Teatro Lara (hasta el 2 ene 2027)<\/div>\n<div>\ud83c\udfb5 28 sept: concierto <i data-path-to-node=\"1\" data-index-in-node=\"7428\">Rawayana<\/i> en Movistar Arena<\/div>\n<div>\ud83c\udfad 28 sept: concierto especial <i data-path-to-node=\"1\" data-index-in-node=\"7486\">Ger\u00f3nimo Rauch \u2013 26 a\u00f1os en escena<\/i> en Teatro Calder\u00f3n<\/div>\n<div>\ud83c\udfb5 29 sept: concierto <i data-path-to-node=\"1\" data-index-in-node=\"7562\">Perot\u00e1 Ching\u00f3<\/i> en Madrid Live Experience (Gran Teatro CaixaBank Pr\u00edncipe P\u00edo)<\/div>\n<div><strong>\ud83c\udfa8 desde 29 sept: exposici\u00f3n <em>Kenny Scharf<\/em>\u00a0en Museo Thyssen-Bornemisza (hasta 17\/1)<\/strong><\/div>\n<div>\ud83c\udfad desde 29 sept: obra <i data-path-to-node=\"1\" data-index-in-node=\"7662\">Villanas. Sin ser nada de eso nosotras<\/i> en Teatro Arlequ\u00edn Gran V\u00eda (hasta el 1 dic)<\/div>\n<div>\ud83c\udfb6 desde 29 sept (hasta el 22 dic): <i data-path-to-node=\"1\" data-index-in-node=\"7782\">Colores del Sonido<\/i> en Teatro Calder\u00f3n<\/div>\n<div>\ud83c\udfb5 30 sept: concierto <i data-path-to-node=\"1\" data-index-in-node=\"7842\">Zenet<\/i> en Madrid Live Experience (Gran Teatro CaixaBank Pr\u00edncipe P\u00edo)<\/div>\n<div>\ud83c\udfb5 30 sept: concierto <i data-path-to-node=\"1\" data-index-in-node=\"7933\">Sara Hebe<\/i> en Sala Caracol<\/div>\n<div>\ud83c\udfbc 30 sept-18 nov aprox.: <i data-path-to-node=\"1\" data-index-in-node=\"7985\">COMA&#8217;26 \u2013 Festival Internacional de M\u00fasica Contempor\u00e1nea de Madrid<\/i> en diferentes espacios<\/div>\n<\/div>\n","protected":false},"excerpt":{"rendered":"<p>El listado m\u00e1s completo de eventos en la ciudad<\/p>\n","protected":false},"author":1,"featured_media":61307,"comment_status":"open","ping_status":"open","sticky":false,"template":"","format":"standard","meta":{"footnotes":""},"categories":[193,119],"tags":[],"class_list":{"0":"post-61612","1":"post","2":"type-post","3":"status-publish","4":"format-standard","5":"has-post-thumbnail","7":"category-agenda-del-mes-madrid","8":"category-portada"},"_links":{"self":[{"href":"https:\/\/www.vidademadrid.com\/es\/wp-json\/wp\/v2\/posts\/61612","targetHints":{"allow":["GET"]}}],"collection":[{"href":"https:\/\/www.vidademadrid.com\/es\/wp-json\/wp\/v2\/posts"}],"about":[{"href":"https:\/\/www.vidademadrid.com\/es\/wp-json\/wp\/v2\/types\/post"}],"author":[{"embeddable":true,"href":"https:\/\/www.vidademadrid.com\/es\/wp-json\/wp\/v2\/users\/1"}],"replies":[{"embeddable":true,"href":"https:\/\/www.vidademadrid.com\/es\/wp-json\/wp\/v2\/comments?post=61612"}],"version-history":[{"count":4,"href":"https:\/\/www.vidademadrid.com\/es\/wp-json\/wp\/v2\/posts\/61612\/revisions"}],"predecessor-version":[{"id":61616,"href":"https:\/\/www.vidademadrid.com\/es\/wp-json\/wp\/v2\/posts\/61612\/revisions\/61616"}],"wp:featuredmedia":[{"embeddable":true,"href":"https:\/\/www.vidademadrid.com\/es\/wp-json\/wp\/v2\/media\/61307"}],"wp:attachment":[{"href":"https:\/\/www.vidademadrid.com\/es\/wp-json\/wp\/v2\/media?parent=61612"}],"wp:term":[{"taxonomy":"category","embeddable":true,"href":"https:\/\/www.vidademadrid.com\/es\/wp-json\/wp\/v2\/categories?post=61612"},{"taxonomy":"post_tag","embeddable":true,"href":"https:\/\/www.vidademadrid.com\/es\/wp-json\/wp\/v2\/tags?post=61612"}],"curies":[{"name":"wp","href":"https:\/\/api.w.org\/{rel}","templated":true}]}}