{"id":61216,"date":"2026-04-29T11:20:33","date_gmt":"2026-04-29T09:20:33","guid":{"rendered":"https:\/\/www.vidademadrid.com\/es\/?p=61216"},"modified":"2026-04-29T11:21:46","modified_gmt":"2026-04-29T09:21:46","slug":"mercado-productores-en-madrid-compras-tapeo-y-musica-en-planetario-valdebebas-y-alcobendas","status":"publish","type":"post","link":"https:\/\/www.vidademadrid.com\/es\/61216\/mercado-productores-en-madrid-compras-tapeo-y-musica-en-planetario-valdebebas-y-alcobendas\/","title":{"rendered":"Mercado Productores en Madrid: compras, tapeo y m\u00fasica en Planetario, Valdebebas y Alcobendas"},"content":{"rendered":"<p data-path-to-node=\"2\">El <strong>Mercado Productores<\/strong> se ha consolidado como uno de los planes m\u00e1s apetecibles para <strong>disfrutar del fin de semana en Madrid<\/strong>. Esta iniciativa, que acerca los alimentos artesanos y de proximidad directamente del campo a la ciudad, va mucho m\u00e1s all\u00e1 de hacer la compra diaria. Con sedes en diferentes puntos de Madrid, el evento se transforma al mediod\u00eda en un <strong>espacio de encuentro ideal para tomar el aperitivo al aire libre<\/strong>. Si buscas una propuesta diferente para tu tiempo libre, te contamos todo lo que necesitas saber para aprovechar las pr\u00f3ximas citas, empezando este mismo domingo en Planetario. Sigue leyendo y organiza tu visita.<\/p>\n<h2 data-path-to-node=\"3\">Compras sostenibles y de cercan\u00eda: alimentos ecol\u00f3gicos en Madrid<\/h2>\n<p data-path-to-node=\"4\">El principal atractivo de este mercado es su <strong>cuidada selecci\u00f3n de art\u00edculos frescos, ecol\u00f3gicos y artesanos<\/strong>. En sus decenas de puestos puedes encontrar <strong>frutas, verduras, quesos, embutidos, dulces y bebidas elaboradas por peque\u00f1os agricultores y ganaderos de la regi\u00f3n<\/strong>. El trato directo con los comerciantes permite conocer de primera mano el origen y los procesos de elaboraci\u00f3n de cada producto, fomentando un consumo mucho m\u00e1s consciente, apoyando la econom\u00eda local y llenando la despensa con g\u00e9nero de alta calidad.<\/p>\n<h2 data-path-to-node=\"5\">La hora del aperitivo: tapeo, m\u00fasica en vivo y vermut Zarro<\/h2>\n<p data-path-to-node=\"6\">Aunque la jornada comienza enfocada en las compras,<strong> a partir de las 12:00 el Mercado Productores da un giro y el ambiente se anima de forma especial<\/strong>. Los recintos cuentan con mesas altas repartidas por toda la zona, pensadas precisamente para que los asistentes puedan degustar in situ las delicias que acaban de adquirir, creando sus propias raciones combinando lo mejor de cada puesto.<\/p>\n<p data-path-to-node=\"7\">Es el momento de la hora del vermut, donde <strong>Vermut Zarro<\/strong> tiene un gran protagonismo, acompa\u00f1ando a la perfecci\u00f3n cualquier tapeo. A esto se le suma la <strong>m\u00fasica en vivo,<\/strong> que pone la banda sonora a un ambiente distendido y familiar, invitando a alargar la ma\u00f1ana del domingo de una forma muy agradable.<\/p>\n<h2 data-path-to-node=\"8\">Planetario, Valdebebas y Alcobendas: los tres escenarios del mercado<\/h2>\n<p data-path-to-node=\"9\">Para acercar los productos a diferentes p\u00fablicos,<strong> la iniciativa cuenta con tres ubicaciones clave que se van alternando durante el mes<\/strong>. <span class=\"citation-13 citation-end-13\">El <strong>mercado de Planetario<\/strong> es el pionero y el m\u00e1s conocido, situado bajo las cubiertas de la Avenida del Planetario, un espacio amplio y protegido de las inclemencias del tiempo.<\/span><\/p>\n<p data-path-to-node=\"9\">Tras su \u00e9xito, el proyecto se expandi\u00f3. <span class=\"citation-12 citation-end-12\">El Mercado Productores de <strong>Alcobendas<\/strong> se celebra en el c\u00e9ntrico Paseo de Valdelasfuentes, mientras que la edici\u00f3n de <strong>Valdebebas<\/strong> ocupa la extensa Plaza Francisco de As\u00eds Cabrero, dotando a estos barrios de una jornada festiva y gastron\u00f3mica muy esperada por los vecinos.<\/span><\/p>\n<h2 data-path-to-node=\"11\">Fechas confirmadas de esta edici\u00f3n antes del par\u00f3n de verano<\/h2>\n<p data-path-to-node=\"12\"><span class=\"citation-11 citation-end-11\">Los tres mercados hacen una pausa durante los meses de julio y agosto para evitar las altas temperaturas, por lo que nos encontramos en la recta final de la presente edici\u00f3n de primavera.<\/span> Todos ellos abren sus puertas en horario ininterrumpido de 10:00 a 15:00 horas (y en algunas ediciones hasta las 16:00).<\/p>\n<p data-path-to-node=\"13\">A continuaci\u00f3n, tienes el calendario completo con las fechas que quedan antes del descanso estival, inaugurando la ruta este domingo 3 de mayo de 2026:<\/p>\n<ul data-path-to-node=\"14\">\n<li>\n<p data-path-to-node=\"14,0,0\"><span class=\"citation-10 citation-end-10\">3 de mayo: Planetario (primer domingo de mes)<\/span><\/p>\n<\/li>\n<li>\n<p data-path-to-node=\"14,1,0\"><span class=\"citation-9 citation-end-9\">10 de mayo: Alcobendas (segundo domingo de mes)<\/span><\/p>\n<\/li>\n<li>\n<p data-path-to-node=\"14,2,0\">17 de mayo: Planetario (tercer domingo de mes)<\/p>\n<\/li>\n<li>\n<p data-path-to-node=\"14,3,0\"><span class=\"citation-8 citation-end-8\">24 de mayo: Valdebebas (cuarto domingo de mes)<\/span><\/p>\n<div class=\"source-inline-chip-container ng-star-inserted\"><\/div>\n<\/li>\n<\/ul>\n<p><strong>Las fechas de junio son por confirmar<\/strong>, ya que si suben mucho las temperatura el mercado se suspende:<\/p>\n<ul data-path-to-node=\"14\">\n<li>\n<p data-path-to-node=\"14,4,0\">7 de junio: Planetario (primer domingo de mes)<\/p>\n<\/li>\n<li>\n<p data-path-to-node=\"14,5,0\"><span class=\"citation-7 citation-end-7\">14 de junio: Alcobendas (segundo domingo de mes)<\/span><\/p>\n<\/li>\n<li>\n<p data-path-to-node=\"14,6,0\">21 de junio: Planetario (tercer domingo de mes)<\/p>\n<\/li>\n<li>\n<p data-path-to-node=\"14,7,0\">28 de junio: Valdebebas (cuarto domingo de mes)<\/p>\n<\/li>\n<\/ul>\n<p>&nbsp;<\/p>\n<p><em>Art\u00edculo en colaboraci\u00f3n con Mercado Productores. Reportaje completo en la cuenta IG de Vida de Madrid<\/em><\/p>\n","protected":false},"excerpt":{"rendered":"<p>Descubre alimentos ecol\u00f3gicos locales mientras disfrutas del vermut de fin de semana con gran ambiente.<\/p>\n","protected":false},"author":1,"featured_media":61218,"comment_status":"open","ping_status":"open","sticky":false,"template":"","format":"standard","meta":{"footnotes":""},"categories":[101],"tags":[],"class_list":{"0":"post-61216","1":"post","2":"type-post","3":"status-publish","4":"format-standard","5":"has-post-thumbnail","7":"category-ferias-fiestas-mercados-madrid"},"_links":{"self":[{"href":"https:\/\/www.vidademadrid.com\/es\/wp-json\/wp\/v2\/posts\/61216","targetHints":{"allow":["GET"]}}],"collection":[{"href":"https:\/\/www.vidademadrid.com\/es\/wp-json\/wp\/v2\/posts"}],"about":[{"href":"https:\/\/www.vidademadrid.com\/es\/wp-json\/wp\/v2\/types\/post"}],"author":[{"embeddable":true,"href":"https:\/\/www.vidademadrid.com\/es\/wp-json\/wp\/v2\/users\/1"}],"replies":[{"embeddable":true,"href":"https:\/\/www.vidademadrid.com\/es\/wp-json\/wp\/v2\/comments?post=61216"}],"version-history":[{"count":1,"href":"https:\/\/www.vidademadrid.com\/es\/wp-json\/wp\/v2\/posts\/61216\/revisions"}],"predecessor-version":[{"id":61217,"href":"https:\/\/www.vidademadrid.com\/es\/wp-json\/wp\/v2\/posts\/61216\/revisions\/61217"}],"wp:featuredmedia":[{"embeddable":true,"href":"https:\/\/www.vidademadrid.com\/es\/wp-json\/wp\/v2\/media\/61218"}],"wp:attachment":[{"href":"https:\/\/www.vidademadrid.com\/es\/wp-json\/wp\/v2\/media?parent=61216"}],"wp:term":[{"taxonomy":"category","embeddable":true,"href":"https:\/\/www.vidademadrid.com\/es\/wp-json\/wp\/v2\/categories?post=61216"},{"taxonomy":"post_tag","embeddable":true,"href":"https:\/\/www.vidademadrid.com\/es\/wp-json\/wp\/v2\/tags?post=61216"}],"curies":[{"name":"wp","href":"https:\/\/api.w.org\/{rel}","templated":true}]}}