{"id":61214,"date":"2026-04-29T10:29:47","date_gmt":"2026-04-29T08:29:47","guid":{"rendered":"https:\/\/www.vidademadrid.com\/es\/?p=61214"},"modified":"2026-04-29T10:29:51","modified_gmt":"2026-04-29T08:29:51","slug":"los-primeros-trenes-automaticos-de-la-linea-6-de-metro-circularan-a-principios-de-2027","status":"publish","type":"post","link":"https:\/\/www.vidademadrid.com\/es\/61214\/los-primeros-trenes-automaticos-de-la-linea-6-de-metro-circularan-a-principios-de-2027\/","title":{"rendered":"Los primeros trenes autom\u00e1ticos de la l\u00ednea 6 de Metro circular\u00e1n a principios de 2027"},"content":{"rendered":"<p>La\u00a0<strong>Comunidad de Madrid\u00a0<\/strong>ha dado a conocer que los primeros\u00a0<strong>trenes autom\u00e1ticos\u00a0<\/strong>de la l\u00ednea 6 de Metro llegar\u00e1n en el \u00faltimo semestre del a\u00f1o con la intenci\u00f3n de inaugurar la\u00a0<strong>primera l\u00ednea automatizada de la red\u00a0<\/strong>a principios del 2027.<\/p>\n<h2>Los primeros trenes autom\u00e1ticos circular\u00e1n por la L6 a inicios de 2027<\/h2>\n<p>El consejero de Vivienda, Transportes e Infraestructuras, Jorge Rodrigo, ha anunciado que actualmente se est\u00e1 llevando a cabo el paso previo para que comiencen a circular los trenes: la instalaci\u00f3n de las puertas de and\u00e9n.<\/p>\n<p>Los trenes autom\u00e1ticos llegar\u00e1n a Madrid a finales de 2026 y comenzar\u00e1n a circular a inicios de 2027, en seis estaciones de la red.<\/p>\n<h2>As\u00ed ser\u00e1n los trenes autom\u00e1ticos de la l\u00ednea 6<\/h2>\n<p>La principal caracter\u00edstica es la conducci\u00f3n semiautom\u00e1tica, sin cabina de conductor, de modo que en la cabecera habr\u00e1 un cristal panor\u00e1mico por el que los viajeros podr\u00e1n ver las v\u00edas y las estaciones.<\/p>\n<p>Cada uno de estos trenes tendr\u00e1n seis coches y estar\u00e1n dise\u00f1adas con disposici\u00f3n continua con pasillos de intercomunicaci\u00f3n entre los andenes y son m\u00e1s anchos, lo que permitir\u00e1 aumentar la capacidad de pasajeros de 1.200 a 1.385.<\/p>\n<p>Todas las unidades dispondr\u00e1n de espacios reservados para sillas de ruedas, \u00e1reas espec\u00edficas para bicicletas y cochecitos infantiles y contar\u00e1n con\u00a0<strong>aire acondicionado, videovigilancia y puntos de carga para dispositivos m\u00f3viles.\u00a0<\/strong><\/p>\n<h2>Puertas en los andenes de la L6 y trenes autom\u00e1ticos<\/h2>\n<p>En total se instalar\u00e1n 4 mil puertas en los 70 andenes. Estas puertas sirven para dividir el espacio de espera de los usuarios y la zona de circulaci\u00f3n de los trenes con el objetivo de garantizar la m\u00e1xima seguridad de los usuarios y permitir una velocidad superior de entrada de los trenes.<\/p>\n","protected":false},"excerpt":{"rendered":"<p>Llegar\u00e1n a Madrid en el \u00faltimo semestre del a\u00f1o. <\/p>\n","protected":false},"author":15,"featured_media":56970,"comment_status":"open","ping_status":"open","sticky":false,"template":"","format":"standard","meta":{"footnotes":""},"categories":[23],"tags":[],"class_list":{"0":"post-61214","1":"post","2":"type-post","3":"status-publish","4":"format-standard","5":"has-post-thumbnail","7":"category-transportes-huelgas-madrid"},"_links":{"self":[{"href":"https:\/\/www.vidademadrid.com\/es\/wp-json\/wp\/v2\/posts\/61214","targetHints":{"allow":["GET"]}}],"collection":[{"href":"https:\/\/www.vidademadrid.com\/es\/wp-json\/wp\/v2\/posts"}],"about":[{"href":"https:\/\/www.vidademadrid.com\/es\/wp-json\/wp\/v2\/types\/post"}],"author":[{"embeddable":true,"href":"https:\/\/www.vidademadrid.com\/es\/wp-json\/wp\/v2\/users\/15"}],"replies":[{"embeddable":true,"href":"https:\/\/www.vidademadrid.com\/es\/wp-json\/wp\/v2\/comments?post=61214"}],"version-history":[{"count":1,"href":"https:\/\/www.vidademadrid.com\/es\/wp-json\/wp\/v2\/posts\/61214\/revisions"}],"predecessor-version":[{"id":61215,"href":"https:\/\/www.vidademadrid.com\/es\/wp-json\/wp\/v2\/posts\/61214\/revisions\/61215"}],"wp:featuredmedia":[{"embeddable":true,"href":"https:\/\/www.vidademadrid.com\/es\/wp-json\/wp\/v2\/media\/56970"}],"wp:attachment":[{"href":"https:\/\/www.vidademadrid.com\/es\/wp-json\/wp\/v2\/media?parent=61214"}],"wp:term":[{"taxonomy":"category","embeddable":true,"href":"https:\/\/www.vidademadrid.com\/es\/wp-json\/wp\/v2\/categories?post=61214"},{"taxonomy":"post_tag","embeddable":true,"href":"https:\/\/www.vidademadrid.com\/es\/wp-json\/wp\/v2\/tags?post=61214"}],"curies":[{"name":"wp","href":"https:\/\/api.w.org\/{rel}","templated":true}]}}