{"id":61207,"date":"2026-04-28T23:26:56","date_gmt":"2026-04-28T21:26:56","guid":{"rendered":"https:\/\/www.vidademadrid.com\/es\/?p=61207"},"modified":"2026-04-28T23:32:16","modified_gmt":"2026-04-28T21:32:16","slug":"planes-finde-madrid-30-abril-1-2-3-mayo-2026-puente-de-mayo","status":"publish","type":"post","link":"https:\/\/www.vidademadrid.com\/es\/61207\/planes-finde-madrid-30-abril-1-2-3-mayo-2026-puente-de-mayo\/","title":{"rendered":"Los mejores planes para este finde en Madrid: 30 de abril, 1, 2 y 3 de mayo de 2026 (Especial Puente de Mayo)"},"content":{"rendered":"\n<p>Llega uno de los fines de semana m\u00e1s esperados del a\u00f1o en la capital: el Puente de Mayo. Madrid se viste de gala para celebrar su festividad auton\u00f3mica con una agenda repleta de actividades para todos los gustos y edades. Desde impresionantes recreaciones hist\u00f3ricas en pleno coraz\u00f3n de la ciudad hasta espect\u00e1culos de luces en el cielo, pasando por conciertos al aire libre, grandes ferias literarias y estrenos teatrales. Adem\u00e1s, si lo tuyo es disfrutar de la buena mesa, este puente viene cargado de planes gastron\u00f3micos irresistibles y mercados de productores locales. Prep\u00e1rate para exprimir al m\u00e1ximo tu tiempo libre, porque te traemos la gu\u00eda definitiva con los mejores planes (\u00a1y muchos de ellos gratis!) para disfrutar de Madrid del jueves 30 de abril al domingo 3 de mayo.<\/p>\n\n<div style=\"background-color: #f9f9f9; padding: 20px; border: 1px solid #e0e0e0; margin-bottom: 30px;\">\n    <h2>\u00cdndice de planes para este fin de semana<\/h2>\n    <ul>\n       \n        <li><a href=\"#especial-2-de-mayo\">Especial Fiestas del 2 de Mayo (Planes Gratis)<\/a>\n            <ul>\n                <li><a href=\"#recreacion-historica\">Recreaci\u00f3n hist\u00f3rica en Sol<\/a><\/li>\n                <li><a href=\"#espectaculo-drones\">Espect\u00e1culo de 1.000 drones en Latina<\/a><\/li>\n                <li><a href=\"#conciertos-puente-rey\">Conciertos en Puente del Rey<\/a><\/li>\n                <li><a href=\"#mas-planes-2-mayo\">Zarzuela, folclore y m\u00e1s tradiciones<\/a><\/li>\n            <\/ul>\n        <\/li>\n <li><a href=\"#mercado-planetario\">Plan Destacado: Mercado Productores Planetario<\/a><\/li>\n        <li><a href=\"#planes-foodie\">Planes Foodie y Restaurantes<\/a>\n            <ul>\n                <li><a href=\"#italian-cheese\">Italian Cheese Weeks en La Carbonera<\/a><\/li>\n                <li><a href=\"#casa-nokiate\">Casa Nokiate<\/a><\/li>\n                <li><a href=\"#celso-manolo\">Celso y Manolo<\/a><\/li>\n            <\/ul>\n        <\/li>\n        <li><a href=\"#eventos-region\">Eventos en la Regi\u00f3n de Madrid (Gratis)<\/a>\n            <ul>\n                <li><a href=\"#fiestas-mostoles\">Fiestas del 2 de Mayo de M\u00f3stoles<\/a><\/li>\n                <li><a href=\"#complutum-renacida\">Complutum Renacida en Alcal\u00e1<\/a><\/li>\n                <li><a href=\"#feria-el-alamo\">Gran feria medieval de El \u00c1lamo<\/a><\/li>\n            <\/ul>\n        <\/li>\n        <li><a href=\"#nuevas-exposiciones\">Nuevas Exposiciones<\/a>\n            <ul>\n                <li><a href=\"#museo-prado\">Museo del Prado<\/a><\/li>\n                <li><a href=\"#museo-reina-sofia\">Museo Reina Sof\u00eda<\/a><\/li>\n                <li><a href=\"#mas-exposiciones\">M\u00e1s estrenos en museos y centros culturales<\/a><\/li>\n            <\/ul>\n        <\/li>\n        <li><a href=\"#libros\">Planes para amantes de los libros (Gratis)<\/a>\n            <ul>\n                <li><a href=\"#feria-libro-antiguo\">48\u00aa Feria del Libro Antiguo y de Ocasi\u00f3n<\/a><\/li>\n                <li><a href=\"#bancos-libro\">\u00abBancos-libro\u00bb en las calles<\/a><\/li>\n            <\/ul>\n        <\/li>\n        <li><a href=\"#musica-y-teatro\">Estrenos de m\u00fasica y teatro<\/a><\/li>\n    <\/ul>\n<\/div>\n\n<h2 id=\"especial-2-de-mayo\">Especial Fiestas del 2 de Mayo (Planes Gratis)<\/h2>\n<p>Madrid celebra su d\u00eda grande, y lo hace tomando las calles con una programaci\u00f3n espectacular y gratuita para todos los p\u00fablicos. Toma nota de los platos fuertes:<\/p>\n\n<h3 id=\"recreacion-historica\">Recreaci\u00f3n hist\u00f3rica del 2 de Mayo en Puerta del Sol<\/h3>\n<p>El s\u00e1bado 2 de mayo, la emblem\u00e1tica Puerta del Sol acoger\u00e1 un espect\u00e1culo \u00fanico en la ciudad que recuerda el Levantamiento Popular de 1808. Cientos de personas vestidas de \u00e9poca, acompa\u00f1adas de carruajes y ca\u00f1ones, participar\u00e1n en esta impresionante recreaci\u00f3n fidedigna. El acto central tendr\u00e1 lugar de 13:00 a 13:45 horas en la plaza, pero la ambientaci\u00f3n comenzar\u00e1 un poco antes: de 12:00 a 12:30 horas, habr\u00e1 un gran pasacalles que recorrer\u00e1 el trayecto desde la estaci\u00f3n de metro Banco de Espa\u00f1a hasta llegar a Sol. Es una actividad de acceso gratuito. Tienes m\u00e1s informaci\u00f3n en la <a href=\"https:\/\/www.comunidad.madrid\/cultura\/oferta-cultural-ocio\/fiestas-2-mayo\" target=\"_blank\" rel=\"noopener\">web oficial de Cultura de la Comunidad de Madrid<\/a>.<\/p>\n\n<h3 id=\"espectaculo-drones\">Espect\u00e1culo de 1.000 drones en Latina<\/h3>\n<p>Para poner el broche de oro a las celebraciones del 2 de Mayo, el cielo de Madrid se iluminar\u00e1 con un espect\u00e1culo visual asombroso y sin precedentes. Una flota de 1.000 drones sincronizados proyectar\u00e1 en la noche diversas figuras inspiradas en la historia de la ciudad, as\u00ed como los s\u00edmbolos y los monumentos m\u00e1s emblem\u00e1ticos de la Comunidad de Madrid. La cita indispensable es el s\u00e1bado 2 de mayo a las 22:00 horas en el Parque de la Cu\u00f1a Verde del distrito de Latina (la parada de Metro m\u00e1s cercana es Laguna). El acceso es libre y gratuito.<\/p>\n\n<h3 id=\"conciertos-puente-rey\">Conciertos en Puente del Rey<\/h3>\n<p>La explanada de Puente del Rey, junto a Madrid R\u00edo (con f\u00e1cil acceso desde la estaci\u00f3n de Metro y Cercan\u00edas de Pr\u00edncipe P\u00edo), se convierte en el epicentro de la m\u00fasica en directo durante este puente, ofreciendo actuaciones de primer nivel con entrada gratuita. Los horarios son los siguientes:<\/p>\n<ul>\n    <li><strong>Viernes 1 de mayo:<\/strong> Bely Basarte actuar\u00e1 a las 19:30 horas y Judeline tomar\u00e1 el relevo a las 21:30 horas.<\/li>\n    <li><strong>S\u00e1bado 2 de mayo:<\/strong> El escenario ser\u00e1 para Joseluis a las 19:30 horas y, posteriormente, para el esperado concierto de Alcal\u00e1 Norte a las 21:30 horas.<\/li>\n<\/ul>\n\n<h3 id=\"mas-planes-2-mayo\">Zarzuela, folclore y m\u00e1s tradiciones<\/h3>\n<p>El esp\u00edritu festivo y castizo se extiende a lo largo de todo el puente con m\u00faltiples propuestas para conectar con las ra\u00edces madrile\u00f1as, todas ellas gratuitas:<\/p>\n<ul>\n    <li><strong>Gala de Zarzuela:<\/strong> El viernes 1 de mayo a las 12:30 horas, disfruta del g\u00e9nero chico por excelencia en el escenario de Puente del Rey.<\/li>\n    <li><strong>Danzas goyescas y folclore madrile\u00f1o con la Asociaci\u00f3n Arrabel:<\/strong> Habr\u00e1 varios pases el s\u00e1bado 2 de mayo. Por la ma\u00f1ana, en el Parque Santander a las 12:00 y a las 12:30 horas. Por la tarde, se trasladar\u00e1n a Puente del Rey con pases a las 17:00 y 17:30 horas.<\/li>\n    <li><strong>Recreaci\u00f3n hist\u00f3rica de la Defensa del Parque de Montele\u00f3n:<\/strong> Otra oportunidad de revivir la historia el s\u00e1bado 2 de mayo a las 18:00 horas en Puente del Rey.<\/li>\n    <li><strong>Concierto-ritual \u00abContrario a las agujas del reloj\u00bb:<\/strong> Una propuesta diferente programada para el s\u00e1bado 2 de mayo a las 20:00 horas en el Centro Cultural Pilar Mir\u00f3, en la Villa de Vallecas.<\/li>\n    <li><strong>Encuentro Nacional de Folclore:<\/strong> El folclore de distintos puntos se da cita el domingo 3 de mayo a las 12:00 horas en Puente del Rey.<\/li>\n    <li><strong>Pasacalles de Rondalla y proyecci\u00f3n cinematogr\u00e1fica:<\/strong> Para cerrar el fin de semana, el domingo 3 de mayo de 19:30 a 21:00 horas habr\u00e1 un pasacalles y la proyecci\u00f3n de la pel\u00edcula \u00abRondallas\u00bb en Puente del Rey.<\/li>\n<\/ul>\n\n\n<h2 id=\"mercado-planetario\">Plan Destacado: Mercado Productores Planetario<\/h2>\n<p><em>(Plan en colaboraci\u00f3n)<\/em> Vuelve el mercado de referencia para los amantes del buen producto de proximidad. Con un total de 36 productores artesanos y ecol\u00f3gicos, se instalar\u00e1 bajo las cubiertas de la Avenida Planetario esquina con la calle Meneses (muy cerca de la parada de Metro M\u00e9ndez \u00c1lvaro) el domingo 3 de mayo en horario de ma\u00f1ana, de 10:00 a 15:00 horas. Adem\u00e1s, te recomendamos acercarte a partir de las 12:00 horas para disfrutar de la tradicional \u00abhora del vermut\u00bb, que estar\u00e1 amenizada con m\u00fasica en vivo para crear el mejor ambiente. El acceso es totalmente gratuito. Puedes conocer de antemano a todos los productores participantes visitando la <a href=\"https:\/\/mercadoproductores.es\/\" target=\"_blank\" rel=\"noopener\">p\u00e1gina web oficial de Mercado Productores<\/a>.<\/p>\n\n\n<h2 id=\"planes-foodie\">Planes Foodie y Restaurantes para el finde<\/h2>\n\n<h3 id=\"italian-cheese\">Italian Cheese Weeks en La Carbonera<\/h3>\n<p>Un planazo gastron\u00f3mico imperdible, especialmente si eres amante del queso. Empieza el evento dedicado a la excelencia de cinco Quesos DOP (Denominaci\u00f3n de Origen Protegida) Italianos: Asiago DOP, Gorgonzola DOP, Pecorino Sardo DOP, Quartirolo Lombardo DOP y Taleggio DOP. Podr\u00e1s descubrirlos y disfrutarlos en el restaurante La Carbonera (situado cerca de la parada de Metro Noviciado), que durante estos d\u00edas ofrece catas maridaje diarias y ha dise\u00f1ado platos dedicados exclusivamente a ensalzar estos productos. La promoci\u00f3n estar\u00e1 disponible hasta el martes 26 de mayo. Puedes reservar tu mesa desde la <a href=\"https:\/\/lacarboneramadrid.com\/\" target=\"_blank\" rel=\"noopener\">web de La Carbonera<\/a>.<\/p>\n\n<h3 id=\"casa-nokiate\">Casa Nokiate<\/h3>\n<p>Ubicada en la zona de Chueca (Metro Chueca), Casa Nokiate se define como una peque\u00f1a neo-taberna contempor\u00e1nea que esconde un aut\u00e9ntico alma latina. Su propuesta se basa en platos fusionados con combinaciones sorprendentes que no te dejar\u00e1n indiferente. Como recomendaci\u00f3n absoluta, tienes que probar sus torreznos de Soria servidos sobre yucas revolconas. Tienes el reportaje completo en nuestras Stories destacadas.<\/p>\n\n<h3 id=\"celso-manolo\">Celso y Manolo<\/h3>\n<p>Tambi\u00e9n en Chueca, Celso y Manolo es una tasca imprescindible que mantiene la esencia tradicional con su emblem\u00e1tica barra de m\u00e1rmol de 8 metros de largo. Para esta temporada, celebran la llegada del tomate de primavera de Almer\u00eda con un monogr\u00e1fico muy especial y su famoso e ic\u00f3nico plato de chulet\u00f3n de tomate servido con seis cosas ricas. Tienes el reportaje completo en nuestras Stories destacadas y puedes consultar su carta en la <a href=\"https:\/\/celsoymanolo.es\/\" target=\"_blank\" rel=\"noopener\">web oficial de Celso y Manolo<\/a>.<\/p>\n\n<h2 id=\"eventos-region\">Eventos en la Regi\u00f3n de Madrid (Gratis)<\/h2>\n\n<h3 id=\"fiestas-mostoles\">Fiestas del 2 de Mayo de M\u00f3stoles<\/h3>\n<p>M\u00f3stoles vive sus d\u00edas m\u00e1s importantes con unas fiestas que est\u00e1n Declaradas de Inter\u00e9s Tur\u00edstico Nacional. La agenda es extensa y sumamente variada. Entre lo m\u00e1s destacable se encuentran los conciertos musicales, que este a\u00f1o cuentan con las actuaciones de David Otero, La Zowi y La Pegatina. Por supuesto, no faltar\u00e1n las tradicionales recreaciones hist\u00f3ricas de los hechos de 1808, el popular mercado goyesco y muchas m\u00e1s actividades. El acceso a los eventos es gratuito. Consulta la programaci\u00f3n detallada por d\u00edas en la <a href=\"https:\/\/www.mostoles.es\/\" target=\"_blank\" rel=\"noopener\">p\u00e1gina web del Ayuntamiento de M\u00f3stoles<\/a>.<\/p>\n\n<h3 id=\"complutum-renacida\">Complutum Renacida en Alcal\u00e1<\/h3>\n<p>Aprovechando el puente, la ciudad de Alcal\u00e1 de Henares propone un viaje en el tiempo fascinante. Durante este fin de semana, la localidad se transforma en la antigua Roma con el evento \u00abComplutum Renacida\u00bb. Las calles y recintos se llenar\u00e1n de puestos de artesan\u00eda, m\u00fasica de la \u00e9poca y elaboradas recreaciones hist\u00f3ricas que nos transportar\u00e1n directamente a la vida del Imperio Romano. La entrada a los recintos es libre. Encontrar\u00e1s toda la informaci\u00f3n pr\u00e1ctica en la web de <a href=\"https:\/\/www.turismoalcala.es\/\" target=\"_blank\" rel=\"noopener\">Turismo Alcal\u00e1<\/a>.<\/p>\n\n<h3 id=\"feria-el-alamo\">Gran feria medieval de El \u00c1lamo<\/h3>\n<p>Vuelve una de las citas ineludibles de la primavera: la gran feria medieval de El \u00c1lamo, que presume de ser la \u00fanica fiesta de tem\u00e1tica medieval en toda la regi\u00f3n madrile\u00f1a declarada de Inter\u00e9s Tur\u00edstico Regional. Las cifras de este a\u00f1o impresionan: m\u00e1s de 300 artistas involucrados y 30 compa\u00f1\u00edas diferentes de teatro, circo y m\u00fasica que animar\u00e1n de forma ininterrumpida las calles del municipio. Como siempre, el acceso para los visitantes es gratuito. Consulta mapas y horarios en la <a href=\"https:\/\/feriamedievalelalamo.es\/\" target=\"_blank\" rel=\"noopener\">web oficial de la feria medieval<\/a>.<\/p>\n\n<h2 id=\"nuevas-exposiciones\">Nuevas Exposiciones en Madrid<\/h2>\n\n<h3 id=\"museo-prado\">Museo del Prado: El a\u00f1o del hambre en Madrid<\/h3>\n<p>El Museo del Prado sigue innovando y estrena el formato expositivo titulado \u201cUna obra, una historia\u201d. Para esta primera edici\u00f3n, han seleccionado el imponente cuadro \u201cEl a\u00f1o del hambre en Madrid\u201d, obra del pintor Jos\u00e9 Aparicio. Llama la atenci\u00f3n por sus dimensiones monumentales (un lienzo de 315 x 437 cent\u00edmetros) y, curiosamente, es una pieza que hasta el d\u00eda de hoy resultaba muy desconocida para el gran p\u00fablico. Consigue tus pases en la <a href=\"https:\/\/www.museodelprado.es\/\" target=\"_blank\" rel=\"noopener\">taquilla online del Museo del Prado<\/a>.<\/p>\n\n<h3 id=\"museo-reina-sofia\">Museo Reina Sof\u00eda: Aur\u00e8lia Mu\u00f1oz. Entes<\/h3>\n<p>Si te apasiona el arte contempor\u00e1neo, el Museo Reina Sof\u00eda acaba de abrir las puertas de la exposici\u00f3n \u201cAur\u00e8lia Mu\u00f1oz. Entes\u201d. La muestra ha sido concebida para trazar un recorrido integral, profundo y detallado por la obra de esta creadora catalana, la cual es considerada por la cr\u00edtica como una figura absolutamente imprescindible en la comprensi\u00f3n de la evoluci\u00f3n y el desarrollo del arte textil contempor\u00e1neo. Organiza tu visita desde la <a href=\"https:\/\/www.museoreinasofia.es\/\" target=\"_blank\" rel=\"noopener\">web del Museo Reina Sof\u00eda<\/a>.<\/p>\n\n<h3 id=\"mas-exposiciones\">M\u00e1s estrenos en museos y centros culturales<\/h3>\n<p>La vibrante oferta cultural de Madrid se expande este fin de semana largo con un aluvi\u00f3n de aperturas interesantes que merece la pena anotar:<\/p>\n<ul>\n    <li><strong>Museo Cerralbo:<\/strong> Presenta la exposici\u00f3n \u00abObras de paso. Cerralbo y las mujeres protectoras del Patrimonio Cultural\u00bb. <a href=\"https:\/\/www.cultura.gob.es\/mcerralbo\/portada.html\" target=\"_blank\" rel=\"noopener\">Toda la informaci\u00f3n aqu\u00ed<\/a>.<\/li>\n    <li><strong>Instituto Cervantes:<\/strong> Inaugura la muestra literaria \u00abLas mejores letras en espa\u00f1ol\u00bb. <a href=\"https:\/\/cervantes.org\/\" target=\"_blank\" rel=\"noopener\">Toda la informaci\u00f3n aqu\u00ed<\/a>.<\/li>\n    <li><strong>Matadero Madrid:<\/strong> Acoge \u00ab(Super)Models\u00bb, que se consolida como la exposici\u00f3n central de la Bienal de Dise\u00f1o y Arquitectura de este a\u00f1o. <a href=\"https:\/\/www.mataderomadrid.org\/\" target=\"_blank\" rel=\"noopener\">Toda la informaci\u00f3n aqu\u00ed<\/a>.<\/li>\n    <li><strong>Jard\u00edn Banca March:<\/strong> Nuevo espacio al aire libre para disfrutar de \u00abThomas Houseago. Esculturas\u00bb. <a href=\"https:\/\/www.bancamarch.es\/\" target=\"_blank\" rel=\"noopener\">Toda la informaci\u00f3n aqu\u00ed<\/a>.<\/li>\n    <li><strong>Museo Nacional de Artes Decorativas:<\/strong> Invita a la reflexi\u00f3n con \u00abLas ingenieras dom\u00e9sticas y la revoluci\u00f3n de la casa\u00bb. <a href=\"https:\/\/www.cultura.gob.es\/mnartesdecorativas\/portada.html\" target=\"_blank\" rel=\"noopener\">Toda la informaci\u00f3n aqu\u00ed<\/a>.<\/li>\n    <li><strong>Sede Acci\u00f3n contra el Hambre:<\/strong> Muestra fotogr\u00e1fica y documental \u00abMadres. Impulsoras de la lucha contra el hambre\u00bb. <a href=\"https:\/\/www.accioncontraelhambre.org\/\" target=\"_blank\" rel=\"noopener\">Toda la informaci\u00f3n aqu\u00ed<\/a>.<\/li>\n    <li><strong>Instituto Cultural de M\u00e9xico en Espa\u00f1a:<\/strong> Estrena la exposici\u00f3n \u00abAm\u00e9rica. Visiones nuevas desde el viejo mundo\u00bb. <a href=\"https:\/\/icm.sre.gob.mx\/espana\/\" target=\"_blank\" rel=\"noopener\">Toda la informaci\u00f3n aqu\u00ed<\/a>.<\/li>\n<\/ul>\n\n<h2 id=\"libros\">Planes para amantes de los libros (Gratis)<\/h2>\n\n<h3 id=\"feria-libro-antiguo\">48\u00aa Feria del Libro Antiguo y de Ocasi\u00f3n<\/h3>\n<p>Los bibli\u00f3filos est\u00e1n de enhorabuena, porque el emblem\u00e1tico Paseo de Recoletos vuelve a instalar las casetas de esta esperad\u00edsima cita literaria en su 48\u00aa edici\u00f3n. Un total de 37 librer\u00edas especializadas participan este a\u00f1o, poniendo a la venta miles de ejemplares que esconden verdaderos tesoros. Hay opciones para todos los bolsillos: desde libros de segunda mano a partir de 1 euro, hasta aut\u00e9nticas joyas bibliogr\u00e1ficas para coleccionistas que alcanzan miles de euros. Estar\u00e1 abierta hasta el pr\u00f3ximo 17 de mayo en horario ininterrumpido de 11:00 a 21:00 horas. Es una feria de acceso libre. Puedes consultar el listado de librer\u00edas participantes en el sitio de la asociaci\u00f3n <a href=\"https:\/\/www.libris.es\/\" target=\"_blank\" rel=\"noopener\">Libris<\/a>.<\/p>\n\n<h3 id=\"bancos-libro\">\u00abBancos-libro\u00bb en las calles<\/h3>\n<p>Si sales a dar un paseo por Madrid durante estos d\u00edas, mant\u00e9n los ojos bien abiertos porque caminar tiene premio para los aficionados a la lectura. El Ayuntamiento ha desplegado una original iniciativa instalando 26 vistosos bancos con forma de libro gigante en pleno centro de la ciudad, adem\u00e1s de otros 7 bancos repartidos por diferentes distritos. Estos curiosos y llamativos asientos urbanos no solo est\u00e1n pensados para tomarse un descanso, sino que sirven para descubrir grandes e ic\u00f3nicas obras de la literatura cl\u00e1sica y contempor\u00e1nea. Adem\u00e1s, son interactivos: cuentan con un c\u00f3digo QR integrado en el dise\u00f1o que, al escanearlo, permite geolocalizar al instante las librer\u00edas independientes m\u00e1s cercanas a tu ubicaci\u00f3n. Un plan estupendo, cultural, al aire libre y totalmente gratuito.<\/p>\n\n<h2 id=\"musica-y-teatro\">Estrenos de m\u00fasica y teatro<\/h2>\n<p>Si buscas planes de ocio donde las artes esc\u00e9nicas y el ritmo sean los protagonistas, la cartelera madrile\u00f1a arranca el mes de mayo pisando fuerte con estos eventos y estrenos:<\/p>\n<p><strong>M\u00fasica:<\/strong><\/p>\n<ul>\n    <li><strong>Festival house-techno elrow Town:<\/strong> La marca de fiestas m\u00e1s colorida del mundo trae su espectacular montaje musical al recinto de Torrej\u00f3n de Ardoz. <a href=\"https:\/\/elrow.com\/es\/events\/elrow-town-madrid\" target=\"_blank\" rel=\"noopener\">Compra tus entradas aqu\u00ed<\/a>.<\/li>\n    <li><strong>D\u00eda Internacional del Jazz:<\/strong> En el marco de esta celebraci\u00f3n mundial, la m\u00fasica inundar\u00e1 diferentes salas y clubes ic\u00f3nicos de la capital con programaciones especiales a lo largo del puente.<\/li>\n    <li><strong>Blade Runner Live:<\/strong> Una experiencia inmersiva para los cin\u00e9filos y mel\u00f3manos. La inolvidable banda sonora de la pel\u00edcula de culto se interpretar\u00e1 en directo en los pabellones de Ifema. <a href=\"https:\/\/www.ifema.es\/\" target=\"_blank\" rel=\"noopener\">Consigue tus entradas aqu\u00ed<\/a>.<\/li>\n<\/ul>\n<p><strong>Teatro:<\/strong><\/p>\n<ul>\n    <li><strong>\u00abYo solo quiero irme a Francia\u00bb:<\/strong> La nueva propuesta que acoge el hist\u00f3rico Gran Teatro Pav\u00f3n. <a href=\"https:\/\/elgranpavon.com\/\" target=\"_blank\" rel=\"noopener\">Entradas disponibles aqu\u00ed<\/a>.<\/li>\n    <li><strong>\u00abUna noche sin luna\u00bb:<\/strong> El aclamado montaje regresa a las tablas del Teatro Espa\u00f1ol. <a href=\"https:\/\/www.teatroespanol.es\/\" target=\"_blank\" rel=\"noopener\">Entradas disponibles aqu\u00ed<\/a>.<\/li>\n    <li><strong>\u00abMedea\u00bb:<\/strong> La revisi\u00f3n del cl\u00e1sico llega a la programaci\u00f3n de los Teatros del Canal. <a href=\"https:\/\/www.teatroscanal.com\/\" target=\"_blank\" rel=\"noopener\">Entradas disponibles aqu\u00ed<\/a>.<\/li>\n    <li><strong>\u00abTravy\u00bb:<\/strong> Un homenaje a la esencia del escenario que podr\u00e1s ver en el Teatro de la Abad\u00eda. <a href=\"https:\/\/www.teatroabadia.com\/\" target=\"_blank\" rel=\"noopener\">Entradas disponibles aqu\u00ed<\/a>.<\/li>\n    <li><strong>\u00abTinieblas\u00bb:<\/strong> La obra que se estrena en el Centro Dram\u00e1tico Nacional, en la sede del Teatro Valle-Incl\u00e1n. <a href=\"https:\/\/dramatico.mcu.es\/\" target=\"_blank\" rel=\"noopener\">Entradas disponibles aqu\u00ed<\/a>.<\/li>\n<\/ul>\n\n<hr>\n\n<p>\u00bfQuieres recomendarnos un plan para el finde que viene? Escr\u00edbenos a <a href=\"mailto:info@vidademadrid.com\">info@vidademadrid.com<\/a> o <a href=\"mailto:publicidad@vidademadrid.com\">publicidad@vidademadrid.com<\/a><\/p>\n","protected":false},"excerpt":{"rendered":"<p>Celebra el Puente de Mayo con impresionantes recreaciones hist\u00f3ricas, espect\u00e1culos de drones, conciertos gratuitos, ferias medievales, nuevas exposiciones y nuestras mejores recomendaciones gastron\u00f3micas.<\/p>\n","protected":false},"author":1,"featured_media":61208,"comment_status":"open","ping_status":"open","sticky":false,"template":"","format":"standard","meta":{"footnotes":""},"categories":[187,194,119],"tags":[],"class_list":{"0":"post-61207","1":"post","2":"type-post","3":"status-publish","4":"format-standard","5":"has-post-thumbnail","7":"category-madrid-hoy","8":"category-planes-del-fin-de-semana-madrid","9":"category-portada"},"_links":{"self":[{"href":"https:\/\/www.vidademadrid.com\/es\/wp-json\/wp\/v2\/posts\/61207","targetHints":{"allow":["GET"]}}],"collection":[{"href":"https:\/\/www.vidademadrid.com\/es\/wp-json\/wp\/v2\/posts"}],"about":[{"href":"https:\/\/www.vidademadrid.com\/es\/wp-json\/wp\/v2\/types\/post"}],"author":[{"embeddable":true,"href":"https:\/\/www.vidademadrid.com\/es\/wp-json\/wp\/v2\/users\/1"}],"replies":[{"embeddable":true,"href":"https:\/\/www.vidademadrid.com\/es\/wp-json\/wp\/v2\/comments?post=61207"}],"version-history":[{"count":2,"href":"https:\/\/www.vidademadrid.com\/es\/wp-json\/wp\/v2\/posts\/61207\/revisions"}],"predecessor-version":[{"id":61210,"href":"https:\/\/www.vidademadrid.com\/es\/wp-json\/wp\/v2\/posts\/61207\/revisions\/61210"}],"wp:featuredmedia":[{"embeddable":true,"href":"https:\/\/www.vidademadrid.com\/es\/wp-json\/wp\/v2\/media\/61208"}],"wp:attachment":[{"href":"https:\/\/www.vidademadrid.com\/es\/wp-json\/wp\/v2\/media?parent=61207"}],"wp:term":[{"taxonomy":"category","embeddable":true,"href":"https:\/\/www.vidademadrid.com\/es\/wp-json\/wp\/v2\/categories?post=61207"},{"taxonomy":"post_tag","embeddable":true,"href":"https:\/\/www.vidademadrid.com\/es\/wp-json\/wp\/v2\/tags?post=61207"}],"curies":[{"name":"wp","href":"https:\/\/api.w.org\/{rel}","templated":true}]}}