{"id":61205,"date":"2026-04-28T10:07:52","date_gmt":"2026-04-28T08:07:52","guid":{"rendered":"https:\/\/www.vidademadrid.com\/es\/?p=61205"},"modified":"2026-04-28T10:07:55","modified_gmt":"2026-04-28T08:07:55","slug":"los-libros-gigantes-vuelven-a-llenar-las-calles-de-madrid-donde-estan-todos-los-bancos-y-hasta-cuando","status":"publish","type":"post","link":"https:\/\/www.vidademadrid.com\/es\/61205\/los-libros-gigantes-vuelven-a-llenar-las-calles-de-madrid-donde-estan-todos-los-bancos-y-hasta-cuando\/","title":{"rendered":"Los libros gigantes vuelven a llenar las calles de Madrid: d\u00f3nde est\u00e1n todos los bancos y hasta cuando"},"content":{"rendered":"<p>Las calles de Madrid se volver\u00e1n a llenar de\u00a0<strong>libros gigantes\u00a0<\/strong>con los bancos en forma de libros que animan a los madrile\u00f1os y visitantes a pararse y disfrutar de un rato de lectura y paz. Te contamos d\u00f3nde est\u00e1n y hasta cu\u00e1ndo.\u00a0<\/p>\n<h2>Libros gigantes en Madrid\u00a0<\/h2>\n<p>Un a\u00f1o m\u00e1s, se han instalado\u00a0<strong>26 bancos con forma de libros\u00a0<\/strong>por las calles de Madrid. Estos bancos representan libros enormes de\u00a0<strong>autores nacionales e internacionales,\u00a0<\/strong>tanto grandes \u00e9xitos de la literatura as\u00ed como cl\u00e1sicos.\u00a0<\/p>\n<p>El objetivo es que los viandantes conozcan las librer\u00edas de proximidad, las bibliotecas de barrio y disfruten un momento de lectura y paz. Bajo el lema &#8216;Tu pr\u00f3ximo libro est\u00e1 al alcance de tu mano&#8217;, los bancos estar\u00e1n en las calles de Madrid hasta <strong>el 14 de junio de 2026.<\/strong><\/p>\n<p>Cada uno de los &#8216;bancos-libros&#8217; incorpora un c\u00f3digo QR que permite acceder a la plataforma &#8216;Todo est\u00e1 en Madrid&#8217; desde la que los usuarios podr\u00e1n encontrar las librer\u00edas m\u00e1s cercanas o seguir una ruta que conecta con otros puntos de la campa\u00f1a.\u00a0<\/p>\n<h2>Aqu\u00ed est\u00e1n los bancos-libro de Madrid\u00a0<\/h2>\n<p>Los\u00a0<strong>26\u00a0<\/strong>bancos-libro inspirados en autores nacionales e internacionales est\u00e1n ubicados en las plazas y calles m\u00e1s emblem\u00e1ticas de\u00a0<strong>Centro, Retiro, Chamber\u00ed, Salamanca, Chamart\u00edn, Tetu\u00e1n, Fuencarral-El Pardo y Moncloa-Aravaca.\u00a0<\/strong><\/p>\n<p>&nbsp;<\/p>\n\n\n<figure class=\"wp-block-table\"><table class=\"has-fixed-layout\"><tbody><tr><td><strong>T\u00edtulo<\/strong><\/td><td><strong>Autor<\/strong><\/td><td><strong>Ubicaci\u00f3n <\/strong><\/td><\/tr><tr><td>Mentira<\/td><td>Juan G\u00f3mez-Jurado<\/td><td>Plaza de la Independencia (entrada del Parque del Retiro)<\/td><\/tr><tr><td>Una ni\u00f1a buena<\/td><td>Elisabet Benavent<\/td><td>Plaza de Callao<\/td><\/tr><tr><td>La asistenta <\/td><td>Freida McFadden<\/td><td>c\/Sevilla esq. c\/Alcal\u00e1 (frente al hotel Four Seasons)<\/td><\/tr><tr><td>Palomitas de marugada<\/td><td>Regina Rodr\u00edguez Sirvent<\/td><td>Edificio Metr\u00f3polis<\/td><\/tr><tr><td>La palabra m\u00e1gica<\/td><td>Isabel Allende<\/td><td>Plaza Col\u00f3n Biblioteca Nacional<\/td><\/tr><tr><td>La venganza del ap\u00f3stol<\/td><td>Isabel San Sebasti\u00e1n<\/td><td>Plaza de Espa\u00f1a<\/td><\/tr><tr><td>El juicio<\/td><td>Luis Zueco<\/td><td>Plaza Cibeles<\/td><\/tr><tr><td>Oscura (El Bosque Voraz 2)<\/td><td>Keri Lake<\/td><td>Princesa<\/td><\/tr><tr><td>Nunca estuviste solo<\/td><td>Albert Espinosa<\/td><td>Raimundo Fdez Villerde con Cuatro Caminos<\/td><\/tr><tr><td>El susurro del fuego<\/td><td>Javier Castillo<\/td><td>Entrada principal Feria del Libro de Madrid<\/td><\/tr><tr><td>Culpa vuestra<\/td><td>Mercedes Ron<\/td><td>Retiro cerca c\/IBiza<\/td><\/tr><tr><td>Los ecos de Jude<\/td><td>Joana Marc\u00fas<\/td><td>Plaza de Alonso Mart\u00ednez<\/td><\/tr><tr><td>As\u00ed es como lo ver\u00e1s ma\u00f1ana <\/td><td>Elizabeth Clap\u00e9s<\/td><td>Entrada CC Caleido<\/td><\/tr><tr><td>Misterio S.A. 1 &#8211; Los fantasmas no existen<\/td><td>JGJ + B\u00e1rbara<\/td><td>Plaza Felipe II<\/td><\/tr><tr><td>Rita Bumbum 1 &#8211; Rita Bumbum se cambia de cole<\/td><td>Miriam Tirado<\/td><td>Glorieta de Bilbao<\/td><\/tr><tr><td>El nuevo viaje del principito<\/td><td>Eloy Moreno<\/td><td>Gran V\u00eda, 29 (Casa del Libro) <\/td><\/tr><tr><td>Nos tratamos bien<\/td><td>Luc\u00eda Serrano<\/td><td>Fuencarral con Barcel\u00f3<\/td><\/tr><tr><td>Cazamisterios 1. Caso de las mascotas<\/td><td>Patricia Garc\u00eda-Rojo<\/td><td>Plaza de la Prosperidad <\/td><\/tr><tr><td>KPOP<\/td><td><\/td><td>Avda. Monforte de Lemos. Entrada del CC La Vaguada<\/td><\/tr><tr><td>Enviado especial<\/td><td>Arturo P\u00e9rez-Reverte <\/td><td>Plaza de Santa Ana<\/td><\/tr><tr><td>El amo <\/td><td>Santiago D\u00edaz<\/td><td>Cuesta de Moyano con c\/Atocha<\/td><\/tr><tr><td>La v\u00edspera<\/td><td>Manuel Jabois<\/td><td>Lateral Castellana a la altura de moda shopping<\/td><\/tr><tr><td>Han cantando bingo<\/td><td>Lana Corujo<\/td><td>Plaza de Matute en el Barrio de las Letras<\/td><\/tr><tr><td>Ox\u00edgeno<\/td><td>Marta Jim\u00e9nez Serrano<\/td><td>Puerta del Moro <\/td><\/tr><tr><td>Orgullo y prejuicio (Penguin Classics)<\/td><td>Jane Austen<\/td><td>Plaza de Cuzco<\/td><\/tr><tr><td>La chica del lago<\/td><td>Mikel Santiago<\/td><td>Plaza de Col\u00f3n con Jorge Juan<\/td><\/tr><\/tbody><\/table><\/figure>\n","protected":false},"excerpt":{"rendered":"<p>Estar\u00e1n instalados hasta el 14 de junio. <\/p>\n","protected":false},"author":15,"featured_media":56362,"comment_status":"open","ping_status":"open","sticky":false,"template":"","format":"standard","meta":{"footnotes":""},"categories":[195,119],"tags":[],"class_list":{"0":"post-61205","1":"post","2":"type-post","3":"status-publish","4":"format-standard","5":"has-post-thumbnail","7":"category-cultura","8":"category-portada"},"_links":{"self":[{"href":"https:\/\/www.vidademadrid.com\/es\/wp-json\/wp\/v2\/posts\/61205","targetHints":{"allow":["GET"]}}],"collection":[{"href":"https:\/\/www.vidademadrid.com\/es\/wp-json\/wp\/v2\/posts"}],"about":[{"href":"https:\/\/www.vidademadrid.com\/es\/wp-json\/wp\/v2\/types\/post"}],"author":[{"embeddable":true,"href":"https:\/\/www.vidademadrid.com\/es\/wp-json\/wp\/v2\/users\/15"}],"replies":[{"embeddable":true,"href":"https:\/\/www.vidademadrid.com\/es\/wp-json\/wp\/v2\/comments?post=61205"}],"version-history":[{"count":1,"href":"https:\/\/www.vidademadrid.com\/es\/wp-json\/wp\/v2\/posts\/61205\/revisions"}],"predecessor-version":[{"id":61206,"href":"https:\/\/www.vidademadrid.com\/es\/wp-json\/wp\/v2\/posts\/61205\/revisions\/61206"}],"wp:featuredmedia":[{"embeddable":true,"href":"https:\/\/www.vidademadrid.com\/es\/wp-json\/wp\/v2\/media\/56362"}],"wp:attachment":[{"href":"https:\/\/www.vidademadrid.com\/es\/wp-json\/wp\/v2\/media?parent=61205"}],"wp:term":[{"taxonomy":"category","embeddable":true,"href":"https:\/\/www.vidademadrid.com\/es\/wp-json\/wp\/v2\/categories?post=61205"},{"taxonomy":"post_tag","embeddable":true,"href":"https:\/\/www.vidademadrid.com\/es\/wp-json\/wp\/v2\/tags?post=61205"}],"curies":[{"name":"wp","href":"https:\/\/api.w.org\/{rel}","templated":true}]}}