{"id":61069,"date":"2026-04-13T11:33:06","date_gmt":"2026-04-13T09:33:06","guid":{"rendered":"https:\/\/www.vidademadrid.com\/es\/?p=61069"},"modified":"2026-04-13T13:41:57","modified_gmt":"2026-04-13T11:41:57","slug":"papa-leon-xiv-misa-corpus-christi-madrid","status":"publish","type":"post","link":"https:\/\/www.vidademadrid.com\/es\/61069\/papa-leon-xiv-misa-corpus-christi-madrid\/","title":{"rendered":"El papa Le\u00f3n XIV oficiar\u00e1 la misa del Corpus Christi en Madrid el 7 de junio"},"content":{"rendered":"<p>Madrid se prepara para recibir al <strong>Papa Le\u00f3n XIV\u00a0<\/strong>en su primera visita a Espa\u00f1a durante los primeros d\u00edas del mes de junio.<\/p>\n<p>El\u00a0<strong>Papa Le\u00f3n XIV\u00a0<\/strong>llegar\u00e1 aMadrid el 6 de junio y visitar\u00e1 la Nunciatura y por la tarde tendr\u00e1 una vigilia con j\u00f3venes y familias. El <strong>7 de junio, <\/strong>el Pont\u00edfice celebrar\u00e1 la misa del Corpus Christi. Estar\u00e1 hasta el <strong>12 <\/strong><strong>de junio <\/strong>en Espa\u00f1a.<\/p>\n<h2>El Papa celebrar\u00e1 Corpus Christi en Madrid<\/h2>\n<p data-path-to-node=\"7\">El acto central de la visita del Papa a Madrid tendr\u00e1 lugar el <strong>domingo 7 de junio<\/strong>. El Pont\u00edfice celebrar\u00e1 la\u00a0<strong>misa oficial del Corpus Christi\u00a0<\/strong>en la capital.<\/p>\n<p data-path-to-node=\"7\">Con motivo de la IV Fiesta de la Resurrecci\u00f3n, celebrada en Cibeles el pasado 11 de abril, el Papa Le\u00f3n env\u00edo una carta a dirigida a los j\u00f3venes de Madrid en la que confirmaba un encuentro en\u00a0<strong>la plaza de Cibeles.\u00a0<\/strong><\/p>\n","protected":false},"excerpt":{"rendered":"<p>El Pont\u00edfice tambi\u00e9n tendr\u00e1 una vigilia con j\u00f3venes y familias. <\/p>\n","protected":false},"author":15,"featured_media":60801,"comment_status":"open","ping_status":"open","sticky":false,"template":"","format":"standard","meta":{"footnotes":""},"categories":[12,187],"tags":[],"class_list":{"0":"post-61069","1":"post","2":"type-post","3":"status-publish","4":"format-standard","5":"has-post-thumbnail","7":"category-actualidad-noticias-madrid","8":"category-madrid-hoy"},"_links":{"self":[{"href":"https:\/\/www.vidademadrid.com\/es\/wp-json\/wp\/v2\/posts\/61069","targetHints":{"allow":["GET"]}}],"collection":[{"href":"https:\/\/www.vidademadrid.com\/es\/wp-json\/wp\/v2\/posts"}],"about":[{"href":"https:\/\/www.vidademadrid.com\/es\/wp-json\/wp\/v2\/types\/post"}],"author":[{"embeddable":true,"href":"https:\/\/www.vidademadrid.com\/es\/wp-json\/wp\/v2\/users\/15"}],"replies":[{"embeddable":true,"href":"https:\/\/www.vidademadrid.com\/es\/wp-json\/wp\/v2\/comments?post=61069"}],"version-history":[{"count":5,"href":"https:\/\/www.vidademadrid.com\/es\/wp-json\/wp\/v2\/posts\/61069\/revisions"}],"predecessor-version":[{"id":61163,"href":"https:\/\/www.vidademadrid.com\/es\/wp-json\/wp\/v2\/posts\/61069\/revisions\/61163"}],"wp:featuredmedia":[{"embeddable":true,"href":"https:\/\/www.vidademadrid.com\/es\/wp-json\/wp\/v2\/media\/60801"}],"wp:attachment":[{"href":"https:\/\/www.vidademadrid.com\/es\/wp-json\/wp\/v2\/media?parent=61069"}],"wp:term":[{"taxonomy":"category","embeddable":true,"href":"https:\/\/www.vidademadrid.com\/es\/wp-json\/wp\/v2\/categories?post=61069"},{"taxonomy":"post_tag","embeddable":true,"href":"https:\/\/www.vidademadrid.com\/es\/wp-json\/wp\/v2\/tags?post=61069"}],"curies":[{"name":"wp","href":"https:\/\/api.w.org\/{rel}","templated":true}]}}