{"id":61059,"date":"2026-03-16T14:20:30","date_gmt":"2026-03-16T13:20:30","guid":{"rendered":"https:\/\/www.vidademadrid.com\/es\/?p=61059"},"modified":"2026-03-16T14:20:34","modified_gmt":"2026-03-16T13:20:34","slug":"eva-gevorgyan-concierto-madrid-2026-entradas","status":"publish","type":"post","link":"https:\/\/www.vidademadrid.com\/es\/61059\/eva-gevorgyan-concierto-madrid-2026-entradas\/","title":{"rendered":"Madrid acoger\u00e1 el concierto de una de las grandes promesas del piano: Eva Gevorgyan en el Ciclo de Grandes Int\u00e9rpretes"},"content":{"rendered":"<p><span style=\"font-weight: 400;\">El Ciclo de Grandes Int\u00e9rpretes de la Fundaci\u00f3n Scherzo presenta el concierto de <\/span><b>Eva Gevorgyan, <\/b><span style=\"font-weight: 400;\">una de las grandes promesas del piano de renombre internacional. Te contamos toda la informaci\u00f3n en este art\u00edculo.\u00a0<\/span><\/p>\n<h2><span style=\"font-weight: 400;\">Concierto de Eva Gevorgyan\u00a0<\/span><\/h2>\n<p><span style=\"font-weight: 400;\">Madrid acoger\u00e1 el concierto de una de las grandes promesas del piano. <\/span><b>Eva Gevorgyan <\/b><span style=\"font-weight: 400;\">es una pianista ruso-armenia que a sus 21 a\u00f1os cuenta con renombre internacional y ha participado como solista en orquestas de Europa, Asia y Am\u00e9rica. A lo largo de su carrera ha obtenido m\u00e1s de cincuenta premios.\u00a0<\/span><\/p>\n<p><span style=\"font-weight: 400;\">El concierto propone un recorrido por grandes momentos del repertorio pian\u00edstico europeo, desde el romanticismo hasta la creaci\u00f3n contempor\u00e1nea.\u00a0<\/span><\/p>\n<p><span style=\"font-weight: 400;\">El programa incluye:\u00a0<\/span><\/p>\n<p><b>C\u00e9sar Franck \u2013 Pr\u00e9lude, Choral et Fugue<\/b><\/p>\n<p><b>Sergu\u00e9i Rajm\u00e1ninov \u2013 \u00c9tudes-Tableaux, op. 33<\/b><\/p>\n<p><b>Sofia Gubaidulina \u2013 Chaconne<\/b><\/p>\n<p><b>Franz Liszt \u2013 Sposalizio<\/b><\/p>\n<p><b>Franz Liszt \u2013 Apr\u00e8s une lecture de Dante<\/b><\/p>\n<p><span style=\"font-weight: 400;\">El concierto ser\u00e1 en la Sala Sinf\u00f3nica <\/span><b>Auditorio Nacional <\/b><span style=\"font-weight: 400;\">(Metro Cruz del Rayo) el <\/span><b>7 de abril a las 19:30 horas. <\/b><span style=\"font-weight: 400;\">Las entradas van desde los 20 euros y <\/span><a href=\"https:\/\/fundacionscherzo.koobin.es\/gevorgyan26\"><b>se pueden comprar en este enlace<\/b><\/a><span style=\"font-weight: 400;\">.<\/span><\/p>\n<h2><span style=\"font-weight: 400;\">Ciclo de Grandes Int\u00e9rpretes 2025\/2026\u00a0<\/span><\/h2>\n<p><span style=\"font-weight: 400;\">Este recital forma parte de la <\/span><b>temporada 2025\/2026, <\/b><span style=\"font-weight: 400;\">la 31\u00b0 edici\u00f3n<\/span> <span style=\"font-weight: 400;\">del <\/span><b>Ciclo de Grandes Int\u00e9rpretes <\/b><span style=\"font-weight: 400;\">organizado por la Fundaci\u00f3n Scherzo. Este ciclo es uno de los proyectos m\u00e1s consolidados dedicados al piano en Europa y presenta en Madrid a los pianistas m\u00e1s influyentes del mundo, convirti\u00e9ndose en una referencia dentro de la programaci\u00f3n musical espa\u00f1ola.\u00a0<\/span><\/p>\n<p><span style=\"font-weight: 400;\">La programaci\u00f3n del <\/span><b>Ciclo de Grandes Int\u00e9rpretes <\/b><span style=\"font-weight: 400;\">combina recitales de pianistas consagrados con los de int\u00e9rpretes emergentes, convirti\u00e9ndose en una plataforma tanto para grandes maestros como para una nueva generaci\u00f3n de pianistas. Los conciertos son en el Auditorio Nacional.\u00a0<\/span><\/p>\n<p><span style=\"font-weight: 400;\">Los pr\u00f3ximos conciertos del ciclo ser\u00e1n:\u00a0<\/span><\/p>\n<ul>\n<li style=\"font-weight: 400;\" aria-level=\"1\"><span style=\"font-weight: 400;\">7 de abril &#8211; 19:30 horas: Eva Gevorgyan<\/span><\/li>\n<li style=\"font-weight: 400;\" aria-level=\"1\"><span style=\"font-weight: 400;\">6 de mayo &#8211; 19:30 horas: Nikolai Lugansky\u00a0<\/span><\/li>\n<li style=\"font-weight: 400;\" aria-level=\"1\"><span style=\"font-weight: 400;\">1 de junio &#8211; 19:30 horas: Arcadi Volodos\u00a0<\/span><\/li>\n<\/ul>\n<p>&nbsp;<\/p>\n<h2><span style=\"font-weight: 400;\">Fundaci\u00f3n Scherzo\u00a0<\/span><\/h2>\n<p><span style=\"font-weight: 400;\">La <\/span><b>Fundaci\u00f3n Scherzo <\/b><span style=\"font-weight: 400;\">es una instituci\u00f3n cultural dedicada a la promoci\u00f3n de la m\u00fasica, centrada especialmente en los conciertos de piano. Su labor se desarrolla a trav\u00e9s de la organizaci\u00f3n de conciertos y ciclos musicales que buscan acercar al p\u00fablico a los int\u00e9rpretes m\u00e1s relevantes de la escena nacional e internacional.\u00a0<\/span><\/p>\n<p><span style=\"font-weight: 400;\">La <\/span>Fundaci\u00f3n Scherzo<span style=\"font-weight: 400;\"> organiza, adem\u00e1s del Ciclo de Grandes Int\u00e9rpretes, el <strong>Ciclo Horizontes<\/strong>, con conciertos de m\u00fasica de piano de distintos g\u00e9neros como el flamenco, jazz, latino y m\u00e1s. La fundaci\u00f3n se ha consolidado como uno de los <\/span><b>principales ciclos de piano de Europa<\/b><span style=\"font-weight: 400;\">.\u00a0<\/span><\/p>\n<p><a href=\"https:\/\/fundacionscherzo.koobin.es\/gevorgyan26\"><img loading=\"lazy\" decoding=\"async\" class=\"aligncenter size-large wp-image-61061\" src=\"https:\/\/www.vidademadrid.com\/es\/wp-content\/uploads\/2026\/03\/image0-819x1024.jpeg\" alt=\"\" width=\"696\" height=\"870\" srcset=\"https:\/\/www.vidademadrid.com\/es\/wp-content\/uploads\/2026\/03\/image0-819x1024.jpeg 819w, https:\/\/www.vidademadrid.com\/es\/wp-content\/uploads\/2026\/03\/image0-240x300.jpeg 240w, https:\/\/www.vidademadrid.com\/es\/wp-content\/uploads\/2026\/03\/image0-768x960.jpeg 768w, https:\/\/www.vidademadrid.com\/es\/wp-content\/uploads\/2026\/03\/image0-696x870.jpeg 696w, https:\/\/www.vidademadrid.com\/es\/wp-content\/uploads\/2026\/03\/image0-336x420.jpeg 336w, https:\/\/www.vidademadrid.com\/es\/wp-content\/uploads\/2026\/03\/image0.jpeg 1024w\" sizes=\"auto, (max-width: 696px) 100vw, 696px\" \/><\/a><\/p>\n<p><a href=\"https:\/\/fundacionscherzo.koobin.es\/gevorgyan26\"><b>Compra entradas del concierto de Eva Gevorgyan aqu\u00ed<\/b><\/a><\/p>\n<p><b><i>*<\/i><\/b><i><span style=\"font-weight: 400;\">Plan en colaboraci\u00f3n con Fundaci\u00f3n Scherzo <\/span><\/i><\/p>\n","protected":false},"excerpt":{"rendered":"<p>Un recorrido por grandes momentos del repertorio pian\u00edstico europeo, desde el romanticismo hasta la creaci\u00f3n contempor\u00e1nea<\/p>\n","protected":false},"author":1,"featured_media":61060,"comment_status":"open","ping_status":"open","sticky":false,"template":"","format":"standard","meta":{"footnotes":""},"categories":[22,115,187,119],"tags":[],"class_list":{"0":"post-61059","1":"post","2":"type-post","3":"status-publish","4":"format-standard","5":"has-post-thumbnail","7":"category-conciertos-madrid","8":"category-planes-del-momento-madrid","9":"category-madrid-hoy","10":"category-portada"},"_links":{"self":[{"href":"https:\/\/www.vidademadrid.com\/es\/wp-json\/wp\/v2\/posts\/61059","targetHints":{"allow":["GET"]}}],"collection":[{"href":"https:\/\/www.vidademadrid.com\/es\/wp-json\/wp\/v2\/posts"}],"about":[{"href":"https:\/\/www.vidademadrid.com\/es\/wp-json\/wp\/v2\/types\/post"}],"author":[{"embeddable":true,"href":"https:\/\/www.vidademadrid.com\/es\/wp-json\/wp\/v2\/users\/1"}],"replies":[{"embeddable":true,"href":"https:\/\/www.vidademadrid.com\/es\/wp-json\/wp\/v2\/comments?post=61059"}],"version-history":[{"count":2,"href":"https:\/\/www.vidademadrid.com\/es\/wp-json\/wp\/v2\/posts\/61059\/revisions"}],"predecessor-version":[{"id":61063,"href":"https:\/\/www.vidademadrid.com\/es\/wp-json\/wp\/v2\/posts\/61059\/revisions\/61063"}],"wp:featuredmedia":[{"embeddable":true,"href":"https:\/\/www.vidademadrid.com\/es\/wp-json\/wp\/v2\/media\/61060"}],"wp:attachment":[{"href":"https:\/\/www.vidademadrid.com\/es\/wp-json\/wp\/v2\/media?parent=61059"}],"wp:term":[{"taxonomy":"category","embeddable":true,"href":"https:\/\/www.vidademadrid.com\/es\/wp-json\/wp\/v2\/categories?post=61059"},{"taxonomy":"post_tag","embeddable":true,"href":"https:\/\/www.vidademadrid.com\/es\/wp-json\/wp\/v2\/tags?post=61059"}],"curies":[{"name":"wp","href":"https:\/\/api.w.org\/{rel}","templated":true}]}}