{"id":61048,"date":"2026-03-12T16:39:26","date_gmt":"2026-03-12T15:39:26","guid":{"rendered":"https:\/\/www.vidademadrid.com\/es\/?p=61048"},"modified":"2026-03-13T22:43:18","modified_gmt":"2026-03-13T21:43:18","slug":"planes-finde-madrid-13-14-15-marzo-2026","status":"publish","type":"post","link":"https:\/\/www.vidademadrid.com\/es\/61048\/planes-finde-madrid-13-14-15-marzo-2026\/","title":{"rendered":"Los mejores planes para este finde en Madrid: 13, 14 y 15 de marzo de 2026"},"content":{"rendered":"\n<div style=\"background-color: #f9f9f9; padding: 15px; border: 1px solid #ccc; margin-bottom: 20px;\">\n<h2>Listado de planes para este fin de semana<\/h2>\n<ul>\n<li><a href=\"#luzmadrid\">1. LuzMadrid 2026<\/a><\/li>\n<li><a href=\"#semana-irlanda\">2. Semana de Irlanda y Desfile de San Patricio<\/a><\/li>\n<li><a href=\"#mas-planes\">3. M\u00e1s planes gratuitos (Madrid es Moda y 21 Distritos)<\/a><\/li>\n<li><a href=\"#nuevas-exposiciones\">4. Nuevas exposiciones<\/a><\/li>\n<li><a href=\"#teatro-estrenos\">5. Teatro, danza y m\u00e1s estrenos<\/a><\/li>\n<li><a href=\"#ultima-oportunidad\">6. \u00daltima oportunidad<\/a><\/li>\n<li><a href=\"#plan-foodie\">7. Plan Foodie: Luna &#038; Wanda<\/a><\/li>\n<\/ul>\n<\/div>\n\n<h2 id=\"luzmadrid\">1. LuzMadrid 2026<\/h2>\n<p>LuzMadrid 2026, el III Festival Internacional de Luz de Madrid, es un encuentro que ilumina la ciudad con obras de creadores nacionales e internacionales. Las instalaciones de luz transformar\u00e1n el espacio urbano en una experiencia art\u00edstica \u00fanica y compartida. Este fin de semana, LuzMadrid tendr\u00e1 15 obras (y 2 instituciones asociadas) que exploran la luz como lenguaje art\u00edstico. Es un plan totalmente gratuito que se podr\u00e1 disfrutar el viernes 13 y el s\u00e1bado 14 de marzo, en horario de 19:30 a 00:00 horas.<\/p>\n<p>Las obras y ubicaciones se dividen por zonas:<\/p>\n<ul>\n<li><strong>Centro:<\/strong> Firmamento en la Galer\u00eda de Cristal del Palacio de Cibeles; Terra en CentroCentro (solo el s\u00e1bado 14, desde las 20:00 horas); Homenaje al tri\u00e1ngulo de prevenci\u00f3n en la Fachada del C\u00edrculo de Bellas Artes; y Flux en la Plaza de la Villa.<\/li>\n<li><strong>Chamber\u00ed:<\/strong> Deriva T\u00e9rmica en el Front\u00f3n Beti Jai.<\/li>\n<li><strong>Legazpi\/Delicias:<\/strong> E.T.E.R.N.A. en la Fachada de la Casa del Reloj; Redentora en la Glorieta de San V\u00edctor; Paisajes tendidos en la Explanada Multiusos de Madrid R\u00edo; Nadar la noche en la Presa n\u00famero 8 de Madrid R\u00edo; y Blueprint en la Fachada del Complejo El \u00c1guila.<\/li>\n<li><strong>Interior Matadero Madrid (desde las 17:00 horas):<\/strong> Luces emergentes (4 obras) en la Central de Dise\u00f1o en Matadero; Cluster en la Nave Una Matadero; y Transit en la Nave de Terneras.<\/li>\n<li><strong>Embajadores:<\/strong> Soleil Nuit, Pers\u00e9e en el IES Cervantes.<\/li>\n<\/ul>\n<p>M\u00e1s informaci\u00f3n en la <a href=\"https:\/\/luzmadridfestival.com\/\" target=\"_blank\" rel=\"noopener\">web oficial de LuzMadrid<\/a>.<\/p>\n\n<h2 id=\"semana-irlanda\">2. Semana de Irlanda y Desfile de San Patricio<\/h2>\n<p>Para celebrar el D\u00eda de San Patricio habr\u00e1 actividades y conciertos durante todo el fin de semana por distintas ubicaciones de la ciudad, siendo el evento principal el gran desfile del s\u00e1bado.<\/p>\n<h3>Desfile de San Patricio<\/h3>\n<p>El gran desfile de San Patricio contar\u00e1 con la m\u00fasica de Bras Rodrigo junto a la Fundaci\u00f3n Banda de Gaitas de Corvera. Participar\u00e1n m\u00e1s de 600 gaiteros junto a grupos de danza, animadores y asociaciones. Tendr\u00e1 lugar el s\u00e1bado 14 a las 17:00 horas. El recorrido comenzar\u00e1 con la salida desde el Edificio Metr\u00f3polis, recorriendo la Gran V\u00eda hasta llegar a la Plaza de Espa\u00f1a. Es un evento gratuito.<\/p>\n<h3>M\u00e1s actividades de la Semana de Irlanda<\/h3>\n<ul>\n<li><strong>Viernes 13:<\/strong> Baile UCD Dance Society a las 18:00 horas en el Vest\u00edbulo de Metro de Gran V\u00eda. Explora Irlanda: exhibici\u00f3n y degustaci\u00f3n a las 19:00 horas en El Corte Ingl\u00e9s de Preciados-Callao (previa reserva).<\/li>\n<li><strong>S\u00e1bado 14:<\/strong> Guinness Sessions by Kiss FM de 11:00 a 13:00 horas en la Plaza del Callao. Baile UCD Dance Society de 12:00 a 13:00 horas en el Vest\u00edbulo de Metro de Gran V\u00eda. Coro de C\u00e1mara Opus 96 de Irlanda a las 19:30 horas en la Iglesia Anglicana San Jorge. Concierto Especial de San Patricio a las 20:00 horas en la Plaza del Callao.<\/li>\n<li><strong>Domingo 15:<\/strong> Carrera por el D\u00eda de San Patricio a las 10:45 horas en el Parque del Retiro. C\u00e9il\u00ed en Callao de 12:00 a 13:00 horas en la Plaza del Callao. Baile UCD Dance Society de 12:00 a 13:00 horas en el Vest\u00edbulo de Metro de Gran V\u00eda.<\/li>\n<\/ul>\n<p>M\u00e1s informaci\u00f3n en la <a href=\"https:\/\/turismomadrid.es\/es\/\" target=\"_blank\" rel=\"noopener\">p\u00e1gina de turismo de Madrid<\/a>.<\/p>\n\n<h2 id=\"mas-planes\">3. M\u00e1s planes gratuitos (Madrid es Moda y 21 Distritos)<\/h2>\n<h3>Madrid es Moda<\/h3>\n<p>Madrid es Moda tiene este a\u00f1o el lema \u00abEl futuro empieza aqu\u00ed\u00bb y contar\u00e1 con 18 desfiles y performances de destacadas firmas y creadores, adem\u00e1s de m\u00e1s actividades (la mayor\u00eda solo con invitaci\u00f3n). Una propuesta destacada abierta al p\u00fablico es la exposici\u00f3n de It-Spain en la Serrer\u00eda Belga, que se podr\u00e1 visitar el domingo 15 de 11:00 a 18:00 horas. Plan gratuito. <a href=\"https:\/\/madridesmoda.com\/\" target=\"_blank\" rel=\"noopener\">Toda la programaci\u00f3n en su web oficial<\/a>.<\/p>\n<h3>Espect\u00e1culos gratuitos 21 distritos<\/h3>\n<p>El programa 21 distritos ofrece espect\u00e1culos sin coste en diferentes centros culturales:<\/p>\n<ul>\n<li>Despierta al Rinoceronte: Viernes 13 a las 19:00 horas en el C.C. Santa Petronila y s\u00e1bado 14 a las 18:00 horas en el C.C. Fuente de San Pedro-Valderrivas.<\/li>\n<li>La int\u00e9rprete: Viernes 13 a las 19:00 horas en el C.C. Casa de Vacas.<\/li>\n<li>Veronika Silva y C\u00e9sar Angeleri: Viernes 13 a las 19:00 horas en el C.C. Antonio Machado.<\/li>\n<li>O Kwarteto: S\u00e1bado 14 a las 19:00 horas en el C.C. Zazuar.<\/li>\n<\/ul>\n<p>Consulta aforos y detalles en la <a href=\"https:\/\/21distritos.es\/\" target=\"_blank\" rel=\"noopener\">web de 21 distritos<\/a>.<\/p>\n\n<h2 id=\"nuevas-exposiciones\">4. Nuevas exposiciones<\/h2>\n<p>Las nuevas exposiciones de este fin de semana, con distintos precios (muchas de ellas gratuitas al ser en centros municipales o estatales), son:<\/p>\n<ul>\n<li><strong>Madrid resiliente:<\/strong> En la Monta\u00f1a de Gatos del Parque del Retiro. Disponible hasta el 30 de abril.<\/li>\n<li><strong>68 voces, 68 corazones:<\/strong> En el Museo de Am\u00e9rica. Disponible hasta el 12 de abril. <a href=\"https:\/\/www.cultura.gob.es\/museodeamerica\/inicio.html\" target=\"_blank\" rel=\"noopener\">Web del museo<\/a>.<\/li>\n<li><strong>Plaza Mayor de Madrid: miradas que la habitan:<\/strong> En la sede de la Imprenta Municipal-Artes del Libro. Disponible hasta el 12 de abril.<\/li>\n<li><strong>Epicentro: Mar\u00eda Oriza:<\/strong> En CentroCentro. Disponible hasta el 26 de abril. <a href=\"https:\/\/www.centrocentro.org\/\" target=\"_blank\" rel=\"noopener\">M\u00e1s info en CentroCentro<\/a>.<\/li>\n<li><strong>Fachadas de comercios centenarios del distrito de Centro:<\/strong> En el Centro Cultural Clara del Rey. Disponible hasta el 30 de abril.<\/li>\n<\/ul>\n\n<h2 id=\"teatro-estrenos\">5. Teatro, danza y m\u00e1s estrenos<\/h2>\n<h3>El escondido y la tapada<\/h3>\n<p>Esta obra de Pedro Calder\u00f3n de la Barca es una comedia que entreteje duelos de honor, identidades ocultas, confusiones, enredos amorosos y un humor vibrante que desborda el juego teatral. Se estrena este fin de semana en el Teatro de la Comedia y estar\u00e1 hasta el 26 de abril. Funciones el viernes 13, s\u00e1bado 14 y domingo 15 a las 20:00 horas. Entradas desde 6 euros. <a href=\"https:\/\/teatroclasico.mcu.es\/\" target=\"_blank\" rel=\"noopener\">Compra de entradas en la CNTC<\/a>.<\/p>\n<h3>Malquerida<\/h3>\n<p>Aitana S\u00e1nchez-Gij\u00f3n encabeza el reparto de la obra maestra de Jacinto Benavente: un drama intenso sobre el amor, el destino y las pasiones prohibidas, donde la fuerza de la tragedia se impone con una actualidad sorprendente. En el Teatro Espa\u00f1ol, estreno hasta el 26 de abril. Funciones el viernes 13, s\u00e1bado 14 y domingo 15 a las 19:00 horas. Entradas desde 6 euros. <a href=\"https:\/\/www.teatroespanol.es\/\" target=\"_blank\" rel=\"noopener\">Entradas en el Teatro Espa\u00f1ol<\/a>.<\/p>\n<h3>M\u00e1s estrenos<\/h3>\n<ul>\n<li><strong>ROM &#8211; Range of Motion:<\/strong> De la Compa\u00f1\u00eda Nacional de Danza en Teatros del Canal (solo este fin de semana). <a href=\"https:\/\/www.teatroscanal.com\/\" target=\"_blank\" rel=\"noopener\">Entradas aqu\u00ed<\/a>.<\/li>\n<li><strong>Prometeo de OtraDanza:<\/strong> En el Centro de Danza Matadero (solo este fin de semana). <a href=\"https:\/\/www.mataderomadrid.org\/\" target=\"_blank\" rel=\"noopener\">Web de Matadero<\/a>.<\/li>\n<li><strong>Chavela:<\/strong> En el Teatro Marquina (hasta el 5 de abril). <a href=\"https:\/\/www.gruposmedia.com\/teatro-marquina\/\" target=\"_blank\" rel=\"noopener\">Entradas en Grupo Smedia<\/a>.<\/li>\n<li><strong>Concierto N\u00d8GEN + S\u00dcNE:<\/strong> En la Sala El Sol el s\u00e1bado 14. <a href=\"https:\/\/salaelsol.com\/\" target=\"_blank\" rel=\"noopener\">Entradas Sala El Sol<\/a>.<\/li>\n<li><strong>Muestra Aet\u00e9rna de Cine Fant\u00e1stico de Madriz:<\/strong> En MK2 Cine Paz y MK2 Palacio de Hielo (solo este fin de semana). <a href=\"https:\/\/www.mk2cinepazmadrid.es\/\" target=\"_blank\" rel=\"noopener\">Web de MK2<\/a>.<\/li>\n<\/ul>\n\n<h2 id=\"ultima-oportunidad\">6. \u00daltima oportunidad<\/h2>\n<p>No dejes pasar estos planes que se despiden este domingo de la capital:<\/p>\n<ul>\n<li><strong>Exposici\u00f3n de Maruja Mallo:<\/strong> La obra de Maruja Mallo se presenta en esta exposici\u00f3n que aborda la universalidad de las aspiraciones humanas, m\u00e1s all\u00e1 de las diferencias raciales, econ\u00f3micas y de g\u00e9nero. En el Museo Reina Sof\u00eda. Horarios: Viernes 13 y s\u00e1bado 14 de 10:00 a 21:00 horas; domingo 15 de 10:00 a 14:30 horas. Entrada 12 euros. <a href=\"https:\/\/www.museoreinasofia.es\/\" target=\"_blank\" rel=\"noopener\">Entradas en la web del museo<\/a>.<\/li>\n<li><strong>Gala Internacional de Magia:<\/strong> Lo mejor de la magia internacional llega al Teatro Circo Price en un escenario \u00fanico en el que se presentar\u00e1n trucos alucinantes, ilusiones sorprendentes y momentos de pura fantas\u00eda. Funciones: Viernes 13 a las 20:00 horas; s\u00e1bado 14 a las 17:30 y 20:00 horas; domingo 15 a las 12:30 y 17:30 horas. Entradas desde 20 euros. <a href=\"https:\/\/www.teatrocircoprice.es\/\" target=\"_blank\" rel=\"noopener\">Entradas en Circo Price<\/a>.<\/li>\n<li><strong>Festival Ellas Crean:<\/strong> Este festival cuenta con propuestas de danza, m\u00fasica, teatro y poes\u00eda de j\u00f3venes creadoras que ofrecer\u00e1n una panor\u00e1mica sobre la actualidad de la creaci\u00f3n de las mujeres en estas disciplinas. Distintas ubicaciones y precios. <a href=\"https:\/\/ellascrean.com\/\" target=\"_blank\" rel=\"noopener\">Programa completo de Ellas Crean<\/a>.<\/li>\n<\/ul>\n\n<h2 id=\"plan-foodie\">7. Plan Foodie para el finde: Luna &#038; Wanda<\/h2>\n<p>Para este fin de semana te traemos un plan dulce. Hemos probado una de las famosas tartas de queso de Luna &#038; Wanda. Degustamos \u00abLa original\u00bb: cremosa por dentro y tostada por fuera, elaborada con tres tipos de queso (crema, azul y cabra) sobre una inconfundible base de galleta Mar\u00eda. Y si buscas probar algo diferente, acaban de estrenar como novedad \u00abLa italiana\u00bb, una deliciosa fusi\u00f3n con queso y tiramis\u00fa. Cuentan con tres tiendas f\u00edsicas en Madrid y servicio de delivery. Para ver nuestra experiencia completa, no te pierdas el reportaje en nuestras Stories Destacadas.<\/p>\n<p>Puedes hacer tus pedidos a trav\u00e9s de la <a href=\"https:\/\/lunaywanda.com\/\" target=\"_blank\" rel=\"noopener\">web de Luna &#038; Wanda<\/a>.<\/p>\n\n<p>\u00bfQuieres recomendarnos un plan para el finde que viene? Escr\u00edbenos a <a href=\"mailto:info@vidademadrid.com\">info@vidademadrid.com<\/a> o <a href=\"mailto:publicidad@vidademadrid.com\">publicidad@vidademadrid.com<\/a><\/p>\n","protected":false},"excerpt":{"rendered":"<p>LuzMadrid 2026 ilumina la ciudad, el gran desfile de San Patricio llega a Gran V\u00eda, nueva edici\u00f3n de Madrid es Moda y mucho m\u00e1s.<\/p>\n","protected":false},"author":1,"featured_media":61049,"comment_status":"open","ping_status":"open","sticky":false,"template":"","format":"standard","meta":{"footnotes":""},"categories":[187,194,119],"tags":[],"class_list":{"0":"post-61048","1":"post","2":"type-post","3":"status-publish","4":"format-standard","5":"has-post-thumbnail","7":"category-madrid-hoy","8":"category-planes-del-fin-de-semana-madrid","9":"category-portada"},"_links":{"self":[{"href":"https:\/\/www.vidademadrid.com\/es\/wp-json\/wp\/v2\/posts\/61048","targetHints":{"allow":["GET"]}}],"collection":[{"href":"https:\/\/www.vidademadrid.com\/es\/wp-json\/wp\/v2\/posts"}],"about":[{"href":"https:\/\/www.vidademadrid.com\/es\/wp-json\/wp\/v2\/types\/post"}],"author":[{"embeddable":true,"href":"https:\/\/www.vidademadrid.com\/es\/wp-json\/wp\/v2\/users\/1"}],"replies":[{"embeddable":true,"href":"https:\/\/www.vidademadrid.com\/es\/wp-json\/wp\/v2\/comments?post=61048"}],"version-history":[{"count":1,"href":"https:\/\/www.vidademadrid.com\/es\/wp-json\/wp\/v2\/posts\/61048\/revisions"}],"predecessor-version":[{"id":61050,"href":"https:\/\/www.vidademadrid.com\/es\/wp-json\/wp\/v2\/posts\/61048\/revisions\/61050"}],"wp:featuredmedia":[{"embeddable":true,"href":"https:\/\/www.vidademadrid.com\/es\/wp-json\/wp\/v2\/media\/61049"}],"wp:attachment":[{"href":"https:\/\/www.vidademadrid.com\/es\/wp-json\/wp\/v2\/media?parent=61048"}],"wp:term":[{"taxonomy":"category","embeddable":true,"href":"https:\/\/www.vidademadrid.com\/es\/wp-json\/wp\/v2\/categories?post=61048"},{"taxonomy":"post_tag","embeddable":true,"href":"https:\/\/www.vidademadrid.com\/es\/wp-json\/wp\/v2\/tags?post=61048"}],"curies":[{"name":"wp","href":"https:\/\/api.w.org\/{rel}","templated":true}]}}