{"id":61036,"date":"2026-03-09T10:16:27","date_gmt":"2026-03-09T09:16:27","guid":{"rendered":"https:\/\/www.vidademadrid.com\/es\/?p=61036"},"modified":"2026-03-14T22:36:00","modified_gmt":"2026-03-14T21:36:00","slug":"desfile-san-patricio-2026-fecha-hora-recorrido","status":"publish","type":"post","link":"https:\/\/www.vidademadrid.com\/es\/61036\/desfile-san-patricio-2026-fecha-hora-recorrido\/","title":{"rendered":"Desfile de San Patricio en Madrid 2026: fecha, hora y recorrido"},"content":{"rendered":"<p>El\u00a0<strong>desfile por San Patricio 2026\u00a0<\/strong>volver\u00e1 a te\u00f1ir el centro de\u00a0<strong>Madrid\u00a0<\/strong>de verde con su gran desfile y celebraciones multitudinarias de la Semana de Irlanda.\u00a0El desfile, que se celebrar\u00e1 por cuarto a\u00f1o consecutivo, tendr\u00e1 como escenario principal <strong>la Gran V\u00eda.\u00a0<\/strong><\/p>\n<h2>Desfile de San Patricio en Madrid 2026<\/h2>\n<p>El\u00a0<strong>gran desfile de San Patricio\u00a0<\/strong>se celebrar\u00e1 el\u00a0<strong>s\u00e1bado 14 de marzo\u00a0<\/strong>a partir de las\u00a0<strong>17 horas\u00a0<\/strong>y estar\u00e1 impulsado por el m\u00fasico\u00a0<strong>Bras Rodrigo\u00a0<\/strong>junto a la\u00a0<strong>Fundaci\u00f3n Banda de Gaitas de Corvera.\u00a0<\/strong><\/p>\n<p>El recorrido comenzar\u00e1 en el\u00a0<strong>edificio Metr\u00f3polis\u00a0<\/strong>y recorrer\u00e1 la\u00a0<strong>Gran V\u00eda\u00a0<\/strong>hasta la\u00a0<strong>Plaza de Espa\u00f1a.\u00a0<\/strong>En el pasacalles participar\u00e1n m\u00e1s de\u00a0<strong>600 gaiteros\u00a0<\/strong>procedentes de unas 40 bandas y agrupaciones junto a grupos de danza, animadores y asociaciones.<\/p>\n<p>Al terminar habr\u00e1 un\u00a0<strong>concierto gratuito en la plaza de Callao\u00a0<\/strong>que dar\u00e1 fin a la semana de Irlanda, que tendr\u00e1 celebraciones en distintos puntos de la ciudad del 10 al 17 de marzo.<\/p>\n<h2>Semana de Irlanda en Madrid 2026<\/h2>\n<p>Del\u00a0<strong>10 al 17 de marzo,\u00a0<\/strong>Madrid acoger\u00e1 la Semana de Irlanda en la que se podr\u00e1 disfrutar de\u00a0<strong>propuestas literarias, cinematogr\u00e1ficas y culturales\u00a0<\/strong>en espacios como Matadero, Lavapi\u00e9s, El Ateneo o el Cine Dor\u00e9.<\/p>\n<p>Tambi\u00e9n, para celebrar el\u00a0<strong>d\u00eda de San Patricio,\u00a0<\/strong>desde el 10 de marzo la estaci\u00f3n de Metro de\u00a0<strong>Gran V\u00eda\u00a0<\/strong>cambiar\u00e1 su nombre a &#8216;Green V\u00eda&#8217; y tendr\u00e1 ambientaci\u00f3n especial y actuaciones diarias de m\u00fasica y baile celta.<\/p>\n<p>&nbsp;<\/p>\n","protected":false},"excerpt":{"rendered":"<p>\u00a1Madrid se volver\u00e1 a pintar de verde! <\/p>\n","protected":false},"author":15,"featured_media":59027,"comment_status":"open","ping_status":"open","sticky":false,"template":"","format":"standard","meta":{"footnotes":""},"categories":[11],"tags":[],"class_list":{"0":"post-61036","1":"post","2":"type-post","3":"status-publish","4":"format-standard","5":"has-post-thumbnail","7":"category-eventos-madrid"},"_links":{"self":[{"href":"https:\/\/www.vidademadrid.com\/es\/wp-json\/wp\/v2\/posts\/61036","targetHints":{"allow":["GET"]}}],"collection":[{"href":"https:\/\/www.vidademadrid.com\/es\/wp-json\/wp\/v2\/posts"}],"about":[{"href":"https:\/\/www.vidademadrid.com\/es\/wp-json\/wp\/v2\/types\/post"}],"author":[{"embeddable":true,"href":"https:\/\/www.vidademadrid.com\/es\/wp-json\/wp\/v2\/users\/15"}],"replies":[{"embeddable":true,"href":"https:\/\/www.vidademadrid.com\/es\/wp-json\/wp\/v2\/comments?post=61036"}],"version-history":[{"count":1,"href":"https:\/\/www.vidademadrid.com\/es\/wp-json\/wp\/v2\/posts\/61036\/revisions"}],"predecessor-version":[{"id":61037,"href":"https:\/\/www.vidademadrid.com\/es\/wp-json\/wp\/v2\/posts\/61036\/revisions\/61037"}],"wp:featuredmedia":[{"embeddable":true,"href":"https:\/\/www.vidademadrid.com\/es\/wp-json\/wp\/v2\/media\/59027"}],"wp:attachment":[{"href":"https:\/\/www.vidademadrid.com\/es\/wp-json\/wp\/v2\/media?parent=61036"}],"wp:term":[{"taxonomy":"category","embeddable":true,"href":"https:\/\/www.vidademadrid.com\/es\/wp-json\/wp\/v2\/categories?post=61036"},{"taxonomy":"post_tag","embeddable":true,"href":"https:\/\/www.vidademadrid.com\/es\/wp-json\/wp\/v2\/tags?post=61036"}],"curies":[{"name":"wp","href":"https:\/\/api.w.org\/{rel}","templated":true}]}}