{"id":61029,"date":"2026-03-05T18:03:24","date_gmt":"2026-03-05T17:03:24","guid":{"rendered":"https:\/\/www.vidademadrid.com\/es\/?p=61029"},"modified":"2026-03-08T23:39:13","modified_gmt":"2026-03-08T22:39:13","slug":"planes-finde-madrid-6-7-8-marzo-2026","status":"publish","type":"post","link":"https:\/\/www.vidademadrid.com\/es\/61029\/planes-finde-madrid-6-7-8-marzo-2026\/","title":{"rendered":"Los mejores planes para este finde en Madrid: 6, 7 y 8 de marzo de 2026"},"content":{"rendered":"\n<div style=\"background-color: #f5f5f5; padding: 20px; border-radius: 5px; margin-bottom: 30px;\">\n    <h2>\u00cdndice de planes para este fin de semana<\/h2>\n    <ul>\n        <li><a href=\"#semana-del-arte\">Semana del Arte<\/a>\n            <ul>\n                <li><a href=\"#arco-madrid\">Arco Madrid<\/a><\/li>\n                <li><a href=\"#sam-salon-arte\">SAM Sal\u00f3n de Arte Moderno y Contempor\u00e1neo<\/a><\/li>\n                <li><a href=\"#hybrid-art-fair\">Hybrid Art Fair<\/a><\/li>\n                <li><a href=\"#art-madrid\">Art Madrid&#8217;26<\/a><\/li>\n                <li><a href=\"#mas-semana-arte\">M\u00e1s exposiciones y ferias de la Semana del Arte<\/a><\/li>\n            <\/ul>\n        <\/li>\n        <li><a href=\"#8m-2026\">D\u00eda de la Mujer (8M 2026)<\/a>\n            <ul>\n                <li><a href=\"#manifestaciones-8m\">Manifestaciones<\/a><\/li>\n                <li><a href=\"#ellas-crean\">Festival Ellas Crean<\/a><\/li>\n                <li><a href=\"#mas-actividades-8m\">M\u00e1s actividades por el 8M<\/a><\/li>\n            <\/ul>\n        <\/li>\n        <li><a href=\"#exposiciones\">Nuevas Exposiciones<\/a>\n            <ul>\n                <li><a href=\"#pedagogias-guerra\">Pedagog\u00edas de guerra en el Thyssen<\/a><\/li>\n                <li><a href=\"#ana-locking\">Ana Locking. Nostalgia \/ Utop\u00eda<\/a><\/li>\n                <li><a href=\"#ecos-moda-romantica\">Ecos de la moda rom\u00e1ntica<\/a><\/li>\n                <li><a href=\"#mas-exposiciones\">M\u00e1s estrenos de exposiciones y El Prado de Noche<\/a><\/li>\n            <\/ul>\n        <\/li>\n        <li><a href=\"#ferias-y-eventos\">Ferias y Eventos<\/a>\n            <ul>\n                <li><a href=\"#feria-esoterica\">Feria Esot\u00e9rica<\/a><\/li>\n                <li><a href=\"#forma-design-fair\">Forma Design Fair Madrid<\/a><\/li>\n            <\/ul>\n        <\/li>\n        <li><a href=\"#mas-estrenos\">M\u00e1s Estrenos (Teatro, Conciertos y Festivales)<\/a><\/li>\n        <li><a href=\"#restaurantes\">Restaurantes para el finde<\/a><\/li>\n    <\/ul>\n<\/div>\n\n<p>Marzo arranca con uno de los fines de semana m\u00e1s potentes del a\u00f1o en Madrid. La capital se inunda de cultura con la gran Semana del Arte, encabezada por ARCO y m\u00faltiples ferias paralelas. Adem\u00e1s, este domingo se celebra el D\u00eda Internacional de la Mujer con movilizaciones y festivales tem\u00e1ticos, y la agenda cultural nos trae grandes estrenos en museos y teatros. Aqu\u00ed te dejamos nuestra selecci\u00f3n completa para que no te pierdas nada los d\u00edas 6, 7 y 8 de marzo de 2026.<\/p>\n\n<h2 id=\"semana-del-arte\">Semana del Arte<\/h2>\n\n<h3 id=\"arco-madrid\">Arco Madrid<\/h3>\n<p>Arco, la Feria Internacional de Arte Contempor\u00e1neo de Espa\u00f1a, vuelve a Ifema (metro Feria de Madrid) reuniendo a 200 galer\u00edas y 1.300 artistas. Este a\u00f1o celebra su 45\u00ba edici\u00f3n con el proyecto especial ARCO2045 y tendr\u00e1 &#8216;El futuro, por ahora&#8217; como su tema central. Es la cita imprescindible del fin de semana para los amantes del arte contempor\u00e1neo.<\/p>\n<ul>\n    <li><strong>Fechas y horarios de apertura al p\u00fablico general:<\/strong> Viernes 6 de marzo de 15:00 a 20:00 horas; s\u00e1bado 7 de marzo de 12:00 a 20:00 horas; domingo 8 de marzo de 12:00 a 18:00 horas.<\/li>\n    <li><strong>Precios:<\/strong> 33 euros comprando en l\u00ednea y 52 euros en taquilla.<\/li>\n    <li><strong>Entradas e informaci\u00f3n:<\/strong> <a href=\"https:\/\/www.ifema.es\/arco\/madrid\" target=\"_blank\" rel=\"noopener\">Web oficial de IFEMA<\/a>.<\/li>\n<\/ul>\n\n<h3 id=\"sam-salon-arte\">SAM Sal\u00f3n de Arte Moderno y Contempor\u00e1neo<\/h3>\n<p>Ubicado en el C\u00edrculo de Bellas Artes (junto al metro Banco de Espa\u00f1a), este 2026 el SAM contar\u00e1 con la presencia de 17 galer\u00edas de arte de primer nivel. Adem\u00e1s, destaca una exposici\u00f3n especial dedicada a Fernando Botero, con una treintena de obras del c\u00e9lebre artista colombiano.<\/p>\n<ul>\n    <li><strong>Fechas y horarios:<\/strong> Viernes 6 y s\u00e1bado 7 de marzo de 10:30 a 20:00 horas; domingo 8 de marzo de 10:30 a 15:00 horas.<\/li>\n    <li><strong>Precios:<\/strong> 15 euros en l\u00ednea y 20 euros en taquilla.<\/li>\n    <li><strong>Entradas e informaci\u00f3n:<\/strong> <a href=\"https:\/\/feriasam.com\/\" target=\"_blank\" rel=\"noopener\">Web oficial de SAM<\/a>.<\/li>\n<\/ul>\n\n<h3 id=\"hybrid-art-fair\">Hybrid Art Fair<\/h3>\n<p>La feria m\u00e1s alternativa e inmersiva celebra su 10\u00ba aniversario en las habitaciones del Petit Palace Santa B\u00e1rbara (metro Alonso Mart\u00ednez). Esta feria desaf\u00eda los l\u00edmites del arte contempor\u00e1neo, permitiendo a los visitantes recorrer sus espacios para descubrir instalaciones, performances, videoarte y mucho m\u00e1s en un entorno at\u00edpico.<\/p>\n<ul>\n    <li><strong>Fechas y horarios:<\/strong> Viernes 6 de marzo de 11:00 a 21:00 horas; s\u00e1bado 7 de marzo de 11:00 a 21:30 horas; domingo 8 de marzo de 11:00 a 20:30 horas.<\/li>\n    <li><strong>Precios:<\/strong> 9 euros.<\/li>\n    <li><strong>Entradas e informaci\u00f3n:<\/strong> <a href=\"https:\/\/hybridart.es\/fair\/\" target=\"_blank\" rel=\"noopener\">Web oficial de Hybrid Art Fair<\/a>.<\/li>\n<\/ul>\n\n<h3 id=\"art-madrid\">Art Madrid&#8217;26<\/h3>\n<p>Bajo la impresionante Galer\u00eda de Cristal del Palacio de Cibeles (metro Banco de Espa\u00f1a), Art Madrid celebra su 21\u00ba edici\u00f3n. En ella se dar\u00e1n cita treinta y cinco galer\u00edas, tanto nacionales como internacionales, que presentar\u00e1n de primera mano las tendencias art\u00edsticas actuales.<\/p>\n<ul>\n    <li><strong>Fechas y horarios:<\/strong> Viernes 6 y s\u00e1bado 7 de marzo de 11:00 a 21:00 horas; domingo 8 de marzo de 11:00 a 20:00 horas.<\/li>\n    <li><strong>Precios:<\/strong> 19 euros.<\/li>\n    <li><strong>Entradas e informaci\u00f3n:<\/strong> <a href=\"https:\/\/www.art-madrid.com\/\" target=\"_blank\" rel=\"noopener\">Web oficial de Art Madrid<\/a>.<\/li>\n<\/ul>\n\n<h3 id=\"mas-semana-arte\">M\u00e1s exposiciones y ferias de la Semana del Arte<\/h3>\n<p>La ciudad entera se vuelca con el arte esta semana. Aqu\u00ed tienes otras citas destacadas para este fin de semana en diferentes ubicaciones (con distintos precios):<\/p>\n<ul>\n    <li><strong>CAN Art Fair Madrid:<\/strong> (Antes conocida como UVNT). Se celebra en Matadero Madrid celebrando su 10\u00ba aniversario y reuniendo a grandes artistas y galer\u00edas de \u00e1mbito nacional e internacional. <a href=\"https:\/\/canartfair.com\/\" target=\"_blank\" rel=\"noopener\">M\u00e1s informaci\u00f3n<\/a>.<\/li>\n    <li><strong>Artist 360:<\/strong> Ubicada en el Centro de Convenciones del Hotel Ilunion P\u00edo XII. Re\u00fane a artistas, galer\u00edas y colectivas que trabajan distintas disciplinas como la pintura, la escultura o el dibujo. <a href=\"https:\/\/artist360madrid.com\/\" target=\"_blank\" rel=\"noopener\">M\u00e1s informaci\u00f3n<\/a>.<\/li>\n    <li><strong>La Milla del Arte:<\/strong> En la calle Vel\u00e1zquez, 36. Ofrece m\u00e1s de 200 obras, entre las que destacan cinco piezas originales de Joan Mir\u00f3. Es de acceso gratuito y estar\u00e1 disponible hasta el 15 de marzo.<\/li>\n    <li><strong>Ciclo de cine especial de la Semana del Arte:<\/strong> En la Cineteca de Madrid (Matadero), con proyecciones especiales hasta el 12 de marzo. <a href=\"https:\/\/www.cinetecamadrid.com\/\" target=\"_blank\" rel=\"noopener\">Programaci\u00f3n en Cineteca<\/a>.<\/li>\n<\/ul>\n\n<hr>\n\n<h2 id=\"8m-2026\">D\u00eda de la Mujer (8M 2026)<\/h2>\n\n<h3 id=\"manifestaciones-8m\">Manifestaciones del domingo 8 de marzo<\/h3>\n<p>Este domingo, D\u00eda Internacional de la Mujer, habr\u00e1 dos marchas principales que recorrer\u00e1n el centro de la ciudad de Madrid a partir de las 12:00 horas:<\/p>\n<ul>\n    <li><strong>Comisi\u00f3n 8M:<\/strong> Comenzar\u00e1 a las 12:00 horas en Atocha. Su recorrido pasar\u00e1 por el Paseo del Prado, Cibeles, calle Alcal\u00e1 y finalizar\u00e1 en el Metro Sevilla.<\/li>\n    <li><strong>Movimiento Feminista de Madrid:<\/strong> Saldr\u00e1 a las 12:00 horas desde la plaza de Cibeles. El recorrido continuar\u00e1 por la calle Alcal\u00e1, Gran V\u00eda, Callao, hasta desembocar en la Plaza de Espa\u00f1a.<\/li>\n<\/ul>\n\n<h3 id=\"ellas-crean\">Festival Ellas Crean<\/h3>\n<p>Vuelve el Festival Ellas Crean, que estar\u00e1 en marcha hasta el 15 de marzo. Se trata de un encuentro multidisciplinar con propuestas de danza, m\u00fasica, teatro y poes\u00eda de j\u00f3venes creadoras. El objetivo es ofrecer una panor\u00e1mica real sobre la actualidad de la creaci\u00f3n de las mujeres en todas estas disciplinas art\u00edsticas. <a href=\"https:\/\/ellascrean.com\/\" target=\"_blank\" rel=\"noopener\">Consulta la programaci\u00f3n oficial<\/a>.<\/p>\n\n<h3 id=\"mas-actividades-8m\">M\u00e1s actividades<\/h3>\n<ul>\n    <li>35 salas de la asociaci\u00f3n Madrid en Vivo presentan el ciclo <strong>\u00abMujeres en vivo 2026\u00bb<\/strong>, ofreciendo un total de 60 conciertos hasta el 29 de marzo. (Distintos precios seg\u00fan la sala). <a href=\"https:\/\/madridenvivo.com\/\" target=\"_blank\" rel=\"noopener\">Cartel completo<\/a>.<\/li>\n    <li>El <strong>Ayuntamiento de Madrid<\/strong> organiza distintas actividades y encuentros (la gran mayor\u00eda gratuitos) en los diferentes Espacios de Igualdad y en numerosos centros municipales de los distritos. <a href=\"https:\/\/www.madrid.es\/\" target=\"_blank\" rel=\"noopener\">Agenda del Ayuntamiento<\/a>.<\/li>\n<\/ul>\n\n<hr>\n\n<h2 id=\"exposiciones\">Estrenos de exposiciones<\/h2>\n\n<h3 id=\"pedagogias-guerra\">Pedagog\u00edas de guerra<\/h3>\n<p>El Museo Thyssen-Bornemisza (metro Banco de Espa\u00f1a) estrena esta exposici\u00f3n de los artistas ucranianos Roman Khimei y Yarema Malashchuk. La muestra examina profundamente c\u00f3mo la violencia reconfigura la percepci\u00f3n humana, el comportamiento y la vida colectiva en tiempos de conflicto.<\/p>\n<ul>\n    <li><strong>Fechas y horarios:<\/strong> De viernes 6 a domingo 8 de marzo, de 10:00 a 19:00 horas. (La exposici\u00f3n durar\u00e1 hasta el 21 de junio).<\/li>\n    <li><strong>Precio:<\/strong> 14 euros.<\/li>\n    <li><strong>Entradas e informaci\u00f3n:<\/strong> <a href=\"https:\/\/www.museothyssen.org\/exposiciones\" target=\"_blank\" rel=\"noopener\">Web del Museo Thyssen<\/a>.<\/li>\n<\/ul>\n\n<h3 id=\"ana-locking\">Ana Locking. Nostalgia \/ Utop\u00eda<\/h3>\n<p>La Sala Canal de Isabel II (metro R\u00edos Rosas) presenta este gran estreno gratuito. La exposici\u00f3n re\u00fane dos d\u00e9cadas completas de creaci\u00f3n de la reconocida dise\u00f1adora Ana Locking. La muestra presenta la moda no solo como un dise\u00f1o est\u00e9tico, sino como algo que forma parte esencial de un lenguaje narrativo, emocional y pol\u00edtico.<\/p>\n<ul>\n    <li><strong>Fechas y horarios:<\/strong> Viernes 6 y s\u00e1bado 7 de marzo de 11:00 a 20:30 horas; domingo 8 de marzo de 11:00 a 20:30 horas. (Hasta el 12 de julio).<\/li>\n    <li><strong>Precio:<\/strong> Gratis.<\/li>\n    <li><strong>Informaci\u00f3n:<\/strong> <a href=\"https:\/\/www.comunidad.madrid\/centros\/sala-canal-isabel-ii\" target=\"_blank\" rel=\"noopener\">Web de la Sala Canal de Isabel II<\/a>.<\/li>\n<\/ul>\n\n<h3 id=\"ecos-moda-romantica\">Ecos de la moda rom\u00e1ntica<\/h3>\n<p>El Museo del Romanticismo (metro Alonso Mart\u00ednez) inaugura una fascinante muestra que re\u00fane m\u00e1s de 40 trajes de alta costura firmados por grandes maestros como Crist\u00f3bal Balenciaga, Manuel Pertegaz o Pedro Rodr\u00edguez. Las piezas dialogan directamente con las obras de la colecci\u00f3n permanente del museo, creando un precioso di\u00e1logo entre el pasado y el presente.<\/p>\n<ul>\n    <li><strong>Fechas y horarios:<\/strong> Viernes 6 y s\u00e1bado 7 de marzo de 09:30 a 18:30 horas; domingo 8 de marzo de 10:00 a 15:00 horas. (Hasta el 7 de junio).<\/li>\n    <li><strong>Precio:<\/strong> Gratis.<\/li>\n    <li><strong>Informaci\u00f3n:<\/strong> <a href=\"https:\/\/www.cultura.gob.es\/mromanticismo\/portada.html\" target=\"_blank\" rel=\"noopener\">Web del Museo del Romanticismo<\/a>.<\/li>\n<\/ul>\n\n<h3 id=\"mas-exposiciones\">M\u00e1s estrenos de exposiciones y El Prado de Noche<\/h3>\n<p>Si te quedas con ganas de m\u00e1s arte, este fin de semana empiezan otras exposiciones destacadas en diversas ubicaciones de Madrid (con distintos precios y muchas de ellas de acceso libre):<\/p>\n<ul>\n    <li><strong>La lechuza de Minerva:<\/strong> En el C\u00edrculo de Bellas Artes (hasta el 10 de mayo). <a href=\"https:\/\/www.circulobellasartes.com\/exposiciones\/\" target=\"_blank\" rel=\"noopener\">Info CBA<\/a>.<\/li>\n    <li><strong>Petrotuning:<\/strong> Instalaci\u00f3n gratuita ubicada en los Teatros del Canal. <a href=\"https:\/\/www.teatroscanal.com\/\" target=\"_blank\" rel=\"noopener\">Info Teatros del Canal<\/a>.<\/li>\n    <li><strong>Rebeld\u00edas vanguardias del siglo XX<\/strong> (hasta el 31 de mayo) y <strong>Adorado Barrag\u00e1n<\/strong> (hasta el 10 de mayo): Ambas en la Fundaci\u00f3n Casa de M\u00e9xico. <a href=\"https:\/\/www.casademexico.es\/exposiciones\/\" target=\"_blank\" rel=\"noopener\">Info Casa de M\u00e9xico<\/a>.<\/li>\n    <li><strong>Espacio y tiempo:<\/strong> En Casa de Am\u00e9rica (disponible hasta el 23 de mayo). <a href=\"https:\/\/www.casamerica.es\/exposiciones\" target=\"_blank\" rel=\"noopener\">Info Casa de Am\u00e9rica<\/a>.<\/li>\n    <li><strong>Paul McCarthy: A&#038;E, Adolf\/Adam &#038; Eva\/Eve:<\/strong> En la Cuesta de San Vicente, 36 (hasta el 16 de mayo).<\/li>\n    <li><strong>Gloria Fuertes:<\/strong> En la Casa del Lector (Matadero). <a href=\"https:\/\/casadellector.fundaciongsr.org\/\" target=\"_blank\" rel=\"noopener\">Info Casa del Lector<\/a>.<\/li>\n<\/ul>\n<p><strong>Vuelve El Prado de Noche:<\/strong> Adem\u00e1s, este fin de semana (solo el s\u00e1bado 7 de marzo), el Museo del Prado vuelve a abrir sus puertas en horario nocturno, desde las 20:30 hasta las 23:30 horas. La entrada es completamente gratuita. <a href=\"https:\/\/www.museodelprado.es\/\" target=\"_blank\" rel=\"noopener\">Reserva tu visita<\/a>.<\/p>\n\n<hr>\n\n<h2 id=\"ferias-y-eventos\">Ferias y Eventos<\/h2>\n\n<h3 id=\"feria-esoterica\">Feria Esot\u00e9rica<\/h3>\n<p>Las Salas DEMO 1 y 2 de la Estaci\u00f3n de Chamart\u00edn acoger\u00e1n una nueva edici\u00f3n de la Feria Esot\u00e9rica. Contar\u00e1 con la participaci\u00f3n de m\u00e1s de 70 expositores y los visitantes podr\u00e1n encontrar una amplia variedad de productos especializados, adem\u00e1s de poder asistir a conferencias y seminarios centrados en el mundo esot\u00e9rico y espiritual.<\/p>\n<ul>\n    <li><strong>Fechas y horarios:<\/strong> Viernes 6 y s\u00e1bado 7 de marzo de 10:30 a 20:30 horas; domingo 8 de marzo de 10:30 a 19:00 horas.<\/li>\n    <li><strong>Precio:<\/strong> Gratis.<\/li>\n    <li><strong>Informaci\u00f3n:<\/strong> <a href=\"https:\/\/feriaesoterica.com\/\" target=\"_blank\" rel=\"noopener\">Web de la Feria Esot\u00e9rica<\/a>.<\/li>\n<\/ul>\n\n<h3 id=\"forma-design-fair\">Forma Design Fair Madrid<\/h3>\n<p>Llega a Matadero Madrid (metro Legazpi) FORMA Design Fair, una nueva feria enfocada al dise\u00f1o contempor\u00e1neo que nace con la firme vocaci\u00f3n de fortalecer el mercado del dise\u00f1o. En sus pabellones se dar\u00e1n cita marcas consolidadas, estudios de dise\u00f1o emergentes, galer\u00edas y artesanos, entre otros.<\/p>\n<ul>\n    <li><strong>Fechas y horarios:<\/strong> Viernes 6 y s\u00e1bado 7 de marzo de 11:00 a 20:00 horas; domingo 8 de marzo de 11:00 a 14:00 horas.<\/li>\n    <li><strong>Precio:<\/strong> 21,10 euros.<\/li>\n    <li><strong>Entradas e informaci\u00f3n:<\/strong> <a href=\"https:\/\/formadesignfair.com\/\" target=\"_blank\" rel=\"noopener\">Web de Forma Design Fair<\/a>.<\/li>\n<\/ul>\n\n<hr>\n\n<h2 id=\"mas-estrenos\">M\u00e1s Estrenos<\/h2>\n<p>La cartelera madrile\u00f1a se renueva este fin de semana con propuestas de artes esc\u00e9nicas, m\u00fasica y festivales (en distintas ubicaciones y con distintos precios):<\/p>\n<ul>\n    <li><strong>1984:<\/strong> Nueva adaptaci\u00f3n teatral en el Teatro Fern\u00e1n G\u00f3mez. <a href=\"https:\/\/www.teatrofernangomez.es\/\" target=\"_blank\" rel=\"noopener\">Entradas<\/a>.<\/li>\n    <li><strong>Rompientes:<\/strong> Estreno en el Teatro de la Abad\u00eda. <a href=\"https:\/\/www.teatroabadia.com\/\" target=\"_blank\" rel=\"noopener\">Entradas<\/a>.<\/li>\n    <li><strong>Concierto de Ana Alcaide:<\/strong> Concierto gratuito en el Centro Cultural Casa de Vacas de El Retiro (Viernes 6 de marzo a las 19:00 horas).<\/li>\n    <li><strong>Casi ninguna verdad:<\/strong> Obra de teatro en el Teatro Valle-Incl\u00e1n del Centro Dram\u00e1tico Nacional. <a href=\"https:\/\/dramatico.mcu.es\/\" target=\"_blank\" rel=\"noopener\">Entradas<\/a>.<\/li>\n    <li><strong>Moreno Veloso y Domenico Lancellotti:<\/strong> Concierto gratuito en el Centro Cultural Alfredo Kraus (Viernes 6 de marzo a las 19:00 horas).<\/li>\n    <li><strong>Golem:<\/strong> Estreno en los Teatros del Canal. <a href=\"https:\/\/www.teatroscanal.com\/\" target=\"_blank\" rel=\"noopener\">Entradas<\/a>.<\/li>\n    <li><strong>Las almejas que hablan:<\/strong> Espect\u00e1culo gratuito en el Centro de Ocio y Asesoramiento Juvenil Pipo Velasco (S\u00e1bado 7 de marzo a las 19:00 horas).<\/li>\n    <li><strong>Festival Teatralia 2026:<\/strong> El gran festival de artes esc\u00e9nicas para la infancia y la juventud comienza en distintos teatros de toda la regi\u00f3n. <a href=\"https:\/\/www.madrid.org\/teatralia\/2026\/\" target=\"_blank\" rel=\"noopener\">Programaci\u00f3n<\/a>.<\/li>\n    <li><strong>Carreras de primavera:<\/strong> Comienza oficialmente la temporada de carreras en el Hip\u00f3dromo de la Zarzuela. <a href=\"https:\/\/www.hipodromodelazarzuela.es\/\" target=\"_blank\" rel=\"noopener\">Entradas<\/a>.<\/li>\n    <li><strong>Festival de Cine Fant\u00e1stico Europeo:<\/strong> Proyecciones en la Sala Berlanga. <a href=\"https:\/\/salaberlanga.com\/\" target=\"_blank\" rel=\"noopener\">Cartelera<\/a>.<\/li>\n<\/ul>\n\n<hr>\n\n<h2 id=\"restaurantes\">Restaurantes para el finde<\/h2>\n\n<h3>Casa Toro<\/h3>\n<p>Situada en Las Ventas, se trata de la nueva taberna de estilo castizo y andaluz que presume de unas inmejorables vistas a la Plaza de Toros de Las Ventas. Ofrece un ambientazo asegurado y, de jueves a s\u00e1bado, amenizan las veladas con m\u00fasica en directo, con especial protagonismo del flamenquito. Reportaje completo en nuestras Stories Destacadas. <a href=\"https:\/\/www.instagram.com\/casatoromadrid\/\" target=\"_blank\" rel=\"noopener\">Instagram Casa Toro<\/a>.<\/p>\n\n<h3>Lovo Cocktail Bar<\/h3>\n<p>Para los que buscan el plan perfecto de tardeo o noche, en pleno barrio de Las Letras (metro Sol) encontramos esta \u00abcocteler\u00eda emocional\u00bb. Presentan su nueva y cuidada carta bautizada como \u00abTribu, utop\u00eda cultural\u00bb, una propuesta l\u00edquida que celebra el sentido de pertenencia y la diversidad a trav\u00e9s de la mixolog\u00eda. Reportaje completo en nuestras Stories Destacadas. <a href=\"https:\/\/lovobar.com\/\" target=\"_blank\" rel=\"noopener\">Web Lovo Bar<\/a>.<\/p>\n\n<hr>\n\n<p>\u00bfQuieres recomendarnos un plan para el finde que viene? Escr\u00edbenos a <a href=\"mailto:info@vidademadrid.com\">info@vidademadrid.com<\/a> o <a href=\"mailto:publicidad@vidademadrid.com\">publicidad@vidademadrid.com<\/a><\/p>\n","protected":false},"excerpt":{"rendered":"<p>Llega la Semana del Arte con ARCO, las manifestaciones y actos del 8M, grandes estrenos de exposiciones, teatro y mucho m\u00e1s.<\/p>\n","protected":false},"author":1,"featured_media":61030,"comment_status":"open","ping_status":"open","sticky":false,"template":"","format":"standard","meta":{"footnotes":""},"categories":[194],"tags":[],"class_list":{"0":"post-61029","1":"post","2":"type-post","3":"status-publish","4":"format-standard","5":"has-post-thumbnail","7":"category-planes-del-fin-de-semana-madrid"},"_links":{"self":[{"href":"https:\/\/www.vidademadrid.com\/es\/wp-json\/wp\/v2\/posts\/61029","targetHints":{"allow":["GET"]}}],"collection":[{"href":"https:\/\/www.vidademadrid.com\/es\/wp-json\/wp\/v2\/posts"}],"about":[{"href":"https:\/\/www.vidademadrid.com\/es\/wp-json\/wp\/v2\/types\/post"}],"author":[{"embeddable":true,"href":"https:\/\/www.vidademadrid.com\/es\/wp-json\/wp\/v2\/users\/1"}],"replies":[{"embeddable":true,"href":"https:\/\/www.vidademadrid.com\/es\/wp-json\/wp\/v2\/comments?post=61029"}],"version-history":[{"count":1,"href":"https:\/\/www.vidademadrid.com\/es\/wp-json\/wp\/v2\/posts\/61029\/revisions"}],"predecessor-version":[{"id":61031,"href":"https:\/\/www.vidademadrid.com\/es\/wp-json\/wp\/v2\/posts\/61029\/revisions\/61031"}],"wp:featuredmedia":[{"embeddable":true,"href":"https:\/\/www.vidademadrid.com\/es\/wp-json\/wp\/v2\/media\/61030"}],"wp:attachment":[{"href":"https:\/\/www.vidademadrid.com\/es\/wp-json\/wp\/v2\/media?parent=61029"}],"wp:term":[{"taxonomy":"category","embeddable":true,"href":"https:\/\/www.vidademadrid.com\/es\/wp-json\/wp\/v2\/categories?post=61029"},{"taxonomy":"post_tag","embeddable":true,"href":"https:\/\/www.vidademadrid.com\/es\/wp-json\/wp\/v2\/tags?post=61029"}],"curies":[{"name":"wp","href":"https:\/\/api.w.org\/{rel}","templated":true}]}}