{"id":61022,"date":"2026-03-03T14:32:42","date_gmt":"2026-03-03T13:32:42","guid":{"rendered":"https:\/\/www.vidademadrid.com\/es\/?p=61022"},"modified":"2026-03-14T22:36:08","modified_gmt":"2026-03-14T21:36:08","slug":"plaza-espana-desfile-inaugural-semana-moda-madrid","status":"publish","type":"post","link":"https:\/\/www.vidademadrid.com\/es\/61022\/plaza-espana-desfile-inaugural-semana-moda-madrid\/","title":{"rendered":"La plaza de Espa\u00f1a acoger\u00e1 el desfile inaugural de la Semana de la Moda de Madrid 2026"},"content":{"rendered":"<p data-path-to-node=\"2\">Madrid se prepara para convertirse una vez m\u00e1s en el epicentro del dise\u00f1o con la celebraci\u00f3n de la Semana de la Moda de Madrid, que tendr\u00e1 lugar del<strong> 12 al 22 de marzo.<\/strong><\/p>\n<p data-path-to-node=\"2\">En esta ocasi\u00f3n, la emblem\u00e1tica plaza de Espa\u00f1a ha sido el escenario elegido para dar el pistoletazo de salida con un gran desfile inaugural que unir\u00e1 la vanguardia creativa con el patrimonio hist\u00f3rico de la ciudad.<\/p>\n<h2 data-path-to-node=\"2\">El desfile inaugural en plaza de Espa\u00f1a<\/h2>\n<p data-path-to-node=\"4\">La inauguraci\u00f3n oficial se celebrar\u00e1 el<strong> jueves 12 de marzo<\/strong> en la<strong> plaza de Espa\u00f1a<\/strong>. Este espacio toma el relevo de otros lugares ic\u00f3nicos de Madrid que han acogido el inicio del evento en ediciones anteriores, como la Puerta de Alcal\u00e1 o la plaza de Oriente.<\/p>\n<p data-path-to-node=\"4\">Con este acto, arranca un calendario lleno de presentaciones que buscan acercar la moda de autor a todos los ciudadanos, sacando las propuestas de los talleres para integrarlas en el paisaje urbano madrile\u00f1o.<\/p>\n<h2 data-path-to-node=\"5\">OMODA Madrid es Moda y el dise\u00f1o de autor<\/h2>\n<p data-path-to-node=\"6\">Del<strong> 12 al 17 de marzo,<\/strong> la iniciativa <strong>OMODA Madrid es Moda<\/strong> centrar\u00e1 su actividad en distintos puntos de la ciudad.<\/p>\n<p data-path-to-node=\"6\">En esta edici\u00f3n participan 32 dise\u00f1adores y firmas que ofrecer\u00e1n un total de 18 desfiles y actuaciones, adem\u00e1s de exposiciones y encuentros culturales. Entre los nombres destacados que presentar\u00e1n sus colecciones en estos primeros d\u00edas se encuentran Roberto Torretta, Duyos, Devota &amp; Lomba y Oteyza.<\/p>\n<p data-path-to-node=\"6\">Tambi\u00e9n habr\u00e1 una retrospectiva dedicada a Davidelfin y actividades abiertas al p\u00fablico en el denominado \u00abHUB\u00bb del evento.<\/p>\n<h2 data-path-to-node=\"7\">Mercedes-Benz Fashion Week Madrid e IFEMA<\/h2>\n<p data-path-to-node=\"8\">La segunda fase de la Semana de la Moda de Madrid llegar\u00e1 con la <strong>Mercedes-Benz Fashion Week Madrid<\/strong> (MBFWMadrid), que se extender\u00e1 del <strong>17 al 22 de marzo<\/strong>. Este a\u00f1o el modelo ser\u00e1 h\u00edbrido, combinando desfiles en espacios emblem\u00e1ticos con la actividad habitual en IFEMA Madrid.<\/p>\n<p data-path-to-node=\"8\">Entre las sedes destacadas fuera del recinto ferial se encuentran el C\u00edrculo de Bellas Artes, donde presentar\u00e1 su colecci\u00f3n la dise\u00f1adora internacional invitada Johanna Ortiz, la Galer\u00eda de Cristal del Palacio de Cibeles y el Teatro Infanta Isabel.<\/p>\n","protected":false},"excerpt":{"rendered":"<p>Plaza de Espa\u00f1a ser\u00e1 el escenario del evento inicial que abre diez d\u00edas de dise\u00f1o en la capital.<\/p>\n","protected":false},"author":15,"featured_media":61023,"comment_status":"open","ping_status":"open","sticky":false,"template":"","format":"standard","meta":{"footnotes":""},"categories":[11,187],"tags":[],"class_list":{"0":"post-61022","1":"post","2":"type-post","3":"status-publish","4":"format-standard","5":"has-post-thumbnail","7":"category-eventos-madrid","8":"category-madrid-hoy"},"_links":{"self":[{"href":"https:\/\/www.vidademadrid.com\/es\/wp-json\/wp\/v2\/posts\/61022","targetHints":{"allow":["GET"]}}],"collection":[{"href":"https:\/\/www.vidademadrid.com\/es\/wp-json\/wp\/v2\/posts"}],"about":[{"href":"https:\/\/www.vidademadrid.com\/es\/wp-json\/wp\/v2\/types\/post"}],"author":[{"embeddable":true,"href":"https:\/\/www.vidademadrid.com\/es\/wp-json\/wp\/v2\/users\/15"}],"replies":[{"embeddable":true,"href":"https:\/\/www.vidademadrid.com\/es\/wp-json\/wp\/v2\/comments?post=61022"}],"version-history":[{"count":1,"href":"https:\/\/www.vidademadrid.com\/es\/wp-json\/wp\/v2\/posts\/61022\/revisions"}],"predecessor-version":[{"id":61024,"href":"https:\/\/www.vidademadrid.com\/es\/wp-json\/wp\/v2\/posts\/61022\/revisions\/61024"}],"wp:featuredmedia":[{"embeddable":true,"href":"https:\/\/www.vidademadrid.com\/es\/wp-json\/wp\/v2\/media\/61023"}],"wp:attachment":[{"href":"https:\/\/www.vidademadrid.com\/es\/wp-json\/wp\/v2\/media?parent=61022"}],"wp:term":[{"taxonomy":"category","embeddable":true,"href":"https:\/\/www.vidademadrid.com\/es\/wp-json\/wp\/v2\/categories?post=61022"},{"taxonomy":"post_tag","embeddable":true,"href":"https:\/\/www.vidademadrid.com\/es\/wp-json\/wp\/v2\/tags?post=61022"}],"curies":[{"name":"wp","href":"https:\/\/api.w.org\/{rel}","templated":true}]}}