{"id":60897,"date":"2026-01-23T17:25:54","date_gmt":"2026-01-23T16:25:54","guid":{"rendered":"https:\/\/www.vidademadrid.com\/es\/?p=60897"},"modified":"2026-01-23T17:25:58","modified_gmt":"2026-01-23T16:25:58","slug":"misa-funeral-almudena-madrid-victimas-adamuz","status":"publish","type":"post","link":"https:\/\/www.vidademadrid.com\/es\/60897\/misa-funeral-almudena-madrid-victimas-adamuz\/","title":{"rendered":"La Catedral de la Almudena acoger\u00e1 un funeral para las v\u00edctimas de Adamuz"},"content":{"rendered":"<p data-path-to-node=\"5\">La <strong>Catedral de la Almudena<\/strong> ser\u00e1 el escenario de una <strong>misa funeral en memoria de las v\u00edctimas del accidente ferroviario de Adamuz<\/strong>. Este acto religioso busca ofrecer un espacio de recogimiento y homenaje en la capital, permitiendo a los ciudadanos y allegados mostrar su respeto.<\/p>\n<h2 data-path-to-node=\"5\">Funeral para las v\u00edctimas de Adamuz en Madrid<\/h2>\n<p data-path-to-node=\"7\">El funeral tendr\u00e1 lugar el pr\u00f3ximo<strong> jueves 29 de enero de 2026.<\/strong> Ser\u00e1 en la\u00a0 Catedral de Santa Mar\u00eda la Real de la Almudena. La ceremonia religiosa se celebrar\u00e1 a las 19 horas, facilitando la asistencia de quienes quieran participar en este \u00faltimo adi\u00f3s a las v\u00edctimas del siniestro ocurrido en C\u00f3rdoba.<\/p>\n<p data-path-to-node=\"11\">Para todos aquellos que planeen acudir a la<strong> Catedral de la Almudena el 29 de enero<\/strong>, se recomienda llegar con antelaci\u00f3n debido a la previsible afluencia de personas. <strong>El acceso ser\u00e1 libre hasta completar el aforo del templo.<\/strong><\/p>\n<h3 data-path-to-node=\"11\">Homenaje previo al funeral de Estado<\/h3>\n<p data-path-to-node=\"9\">Esta misa en la Almudena se adelanta a los actos oficiales programados por las instituciones. Seg\u00fan la informaci\u00f3n confirmada, el funeral de Estado se llevar\u00e1 a cabo d\u00edas despu\u00e9s de esta ceremonia religiosa. De este modo, el acto en la catedral madrile\u00f1a se constituye como el primer gran encuentro de despedida en Madrid, centrado en el acompa\u00f1amiento a las familias y el recuerdo de los fallecidos en el tr\u00e1gico suceso de Adamuz.<\/p>\n<h2 id=\"c\"><\/h2>\n","protected":false},"excerpt":{"rendered":"<p>Ser\u00e1 el 29 de enero. <\/p>\n","protected":false},"author":15,"featured_media":45622,"comment_status":"open","ping_status":"open","sticky":false,"template":"","format":"standard","meta":{"footnotes":""},"categories":[12],"tags":[],"class_list":{"0":"post-60897","1":"post","2":"type-post","3":"status-publish","4":"format-standard","5":"has-post-thumbnail","7":"category-actualidad-noticias-madrid"},"_links":{"self":[{"href":"https:\/\/www.vidademadrid.com\/es\/wp-json\/wp\/v2\/posts\/60897","targetHints":{"allow":["GET"]}}],"collection":[{"href":"https:\/\/www.vidademadrid.com\/es\/wp-json\/wp\/v2\/posts"}],"about":[{"href":"https:\/\/www.vidademadrid.com\/es\/wp-json\/wp\/v2\/types\/post"}],"author":[{"embeddable":true,"href":"https:\/\/www.vidademadrid.com\/es\/wp-json\/wp\/v2\/users\/15"}],"replies":[{"embeddable":true,"href":"https:\/\/www.vidademadrid.com\/es\/wp-json\/wp\/v2\/comments?post=60897"}],"version-history":[{"count":1,"href":"https:\/\/www.vidademadrid.com\/es\/wp-json\/wp\/v2\/posts\/60897\/revisions"}],"predecessor-version":[{"id":60898,"href":"https:\/\/www.vidademadrid.com\/es\/wp-json\/wp\/v2\/posts\/60897\/revisions\/60898"}],"wp:featuredmedia":[{"embeddable":true,"href":"https:\/\/www.vidademadrid.com\/es\/wp-json\/wp\/v2\/media\/45622"}],"wp:attachment":[{"href":"https:\/\/www.vidademadrid.com\/es\/wp-json\/wp\/v2\/media?parent=60897"}],"wp:term":[{"taxonomy":"category","embeddable":true,"href":"https:\/\/www.vidademadrid.com\/es\/wp-json\/wp\/v2\/categories?post=60897"},{"taxonomy":"post_tag","embeddable":true,"href":"https:\/\/www.vidademadrid.com\/es\/wp-json\/wp\/v2\/tags?post=60897"}],"curies":[{"name":"wp","href":"https:\/\/api.w.org\/{rel}","templated":true}]}}