{"id":60875,"date":"2026-01-16T17:54:10","date_gmt":"2026-01-16T16:54:10","guid":{"rendered":"https:\/\/www.vidademadrid.com\/es\/?p=60875"},"modified":"2026-01-18T21:20:44","modified_gmt":"2026-01-18T20:20:44","slug":"obras-metro-madrid-2026-lineas","status":"publish","type":"post","link":"https:\/\/www.vidademadrid.com\/es\/60875\/obras-metro-madrid-2026-lineas\/","title":{"rendered":"Metro de Madrid en 2026: gu\u00eda completa de obras y ampliaciones por l\u00edneas"},"content":{"rendered":"<p data-path-to-node=\"1\">El suburbano madrile\u00f1o afronta un 2026 clave en su proceso de modernizaci\u00f3n y expansi\u00f3n. Tras la reapertura de grandes tramos a principios de a\u00f1o, la red se encuentra en plena fase de transformaci\u00f3n con la llegada de nuevas tuneladoras, la automatizaci\u00f3n de trayectos y la creaci\u00f3n de estaciones en los nuevos barrios de la capital. Sigue leyendo para conocer c\u00f3mo afectan los trabajos a tus trayectos habituales y qu\u00e9 novedades llegan a cada l\u00ednea de Metro de Madrid.<\/p>\n<h2 data-path-to-node=\"2\">L\u00ednea 6: Puertas de and\u00e9n y nuevo horario<\/h2>\n<p data-path-to-node=\"3\">Tras la reapertura completa de la l\u00ednea circular el 1 de enero de 2026, los trabajos se centran ahora en la tecnolog\u00eda interior de las estaciones. Durante este a\u00f1o, Metro de Madrid comienza la instalaci\u00f3n de las puertas de and\u00e9n en las 28 estaciones de la l\u00ednea, un paso previo e indispensable para la futura conducci\u00f3n autom\u00e1tica.<\/p>\n<p data-path-to-node=\"4\">Aunque el servicio se ha retomado, los usuarios deben tener en cuenta que se ha establecido un nuevo horario de cierre adelantado de forma puntual en algunas estaciones para facilitar el montaje de estos sistemas de seguridad. Adem\u00e1s, a lo largo de 2026 se realizar\u00e1n las primeras pruebas din\u00e1micas con los nuevos trenes que circular\u00e1n sin conductor a partir del pr\u00f3ximo a\u00f1o.<\/p>\n<h2 data-path-to-node=\"5\">L\u00ednea 11: La tuneladora Mayrit inicia su camino<\/h2>\n<p data-path-to-node=\"6\">La esperada \u00abGran Diagonal\u00bb de Madrid vive su mayor impulso en 2026. A principios de este a\u00f1o, la tuneladora Mayrit ha comenzado a perforar el tramo entre Plaza El\u00edptica y Conde de Casal. Estos trabajos permitir\u00e1n la creaci\u00f3n de las nuevas estaciones de Comillas y Madrid R\u00edo, adem\u00e1s de facilitar la conexi\u00f3n con la L\u00ednea 1 en Atocha y la L\u00ednea 6 en el propio Conde de Casal.<\/p>\n<p data-path-to-node=\"7\">Paralelamente, durante 2026 avanzan los proyectos para el tramo sur, que conectar\u00e1 La Fortuna con Cuatro Vientos. Esta ampliaci\u00f3n es fundamental para mejorar la movilidad de los vecinos de Carabanchel y Legan\u00e9s, facilitando un acceso m\u00e1s directo al centro de Madrid sin necesidad de realizar varios trasbordos.<\/p>\n<h2 data-path-to-node=\"8\">L\u00ednea 5: Ampliaci\u00f3n hacia el Aeropuerto<\/h2>\n<p data-path-to-node=\"9\">Las obras para llevar la L\u00ednea 5 hasta las terminales T1, T2 y T3 del Aeropuerto Adolfo Su\u00e1rez Madrid-Barajas contin\u00faan a pleno rendimiento durante todo 2026. El proyecto, que consiste en prolongar el trazado desde la actual cabecera en Alameda de Osuna, tiene como objetivo facilitar el acceso directo de los usuarios al aer\u00f3dromo desde el centro de la ciudad. Aunque los trabajos de excavaci\u00f3n y estructura se desarrollan este a\u00f1o, la inauguraci\u00f3n de este nuevo tramo est\u00e1 prevista para el a\u00f1o 2027.<\/p>\n<h2 data-path-to-node=\"10\">L\u00edneas 9 y 10: Nuevas estaciones en los desarrollos urban\u00edsticos<\/h2>\n<p data-path-to-node=\"11\">El crecimiento de los nuevos barrios del sureste y del suroeste tambi\u00e9n trae novedades al Metro de Madrid en 2026:<\/p>\n<ul data-path-to-node=\"12\">\n<li>\n<p data-path-to-node=\"12,0,0\"><b data-path-to-node=\"12,0,0\" data-index-in-node=\"0\">L\u00ednea 9:<\/b> Se ha reactivado la licitaci\u00f3n para construir la nueva estaci\u00f3n de Los Ahijones-Berrocales, que dar\u00e1 servicio a las miles de viviendas proyectadas en esta zona. Se espera que el dise\u00f1o definitivo y los primeros trabajos de superficie sean visibles a lo largo de este a\u00f1o.<\/p>\n<\/li>\n<li>\n<p data-path-to-node=\"12,1,0\"><b data-path-to-node=\"12,1,0\" data-index-in-node=\"0\">L\u00ednea 10:<\/b> El proyecto de la nueva estaci\u00f3n en superficie de Campamento entra en fase de construcci\u00f3n. Esta parada facilitar\u00e1 la movilidad en la zona de la Operaci\u00f3n Campamento, conectando las nuevas \u00e1reas residenciales con el resto de la red.<\/p>\n<\/li>\n<li>\n<p data-path-to-node=\"12,2,0\"><b data-path-to-node=\"12,2,0\" data-index-in-node=\"0\">Madrid Nuevo Norte:<\/b> Durante 2026 se da el impulso final a la redacci\u00f3n de los proyectos de la nueva l\u00ednea automatizada que vertebrar\u00e1 el desarrollo del norte de la capital, con el objetivo de iniciar las obras principales a corto plazo.<\/p>\n<\/li>\n<\/ul>\n","protected":false},"excerpt":{"rendered":"<p>La red del suburbano madrile\u00f1o avanza este a\u00f1o con la tuneladora de la diagonal y nuevas estaciones.<\/p>\n","protected":false},"author":1,"featured_media":50694,"comment_status":"open","ping_status":"open","sticky":false,"template":"","format":"standard","meta":{"footnotes":""},"categories":[187,23],"tags":[],"class_list":{"0":"post-60875","1":"post","2":"type-post","3":"status-publish","4":"format-standard","5":"has-post-thumbnail","7":"category-madrid-hoy","8":"category-transportes-huelgas-madrid"},"_links":{"self":[{"href":"https:\/\/www.vidademadrid.com\/es\/wp-json\/wp\/v2\/posts\/60875","targetHints":{"allow":["GET"]}}],"collection":[{"href":"https:\/\/www.vidademadrid.com\/es\/wp-json\/wp\/v2\/posts"}],"about":[{"href":"https:\/\/www.vidademadrid.com\/es\/wp-json\/wp\/v2\/types\/post"}],"author":[{"embeddable":true,"href":"https:\/\/www.vidademadrid.com\/es\/wp-json\/wp\/v2\/users\/1"}],"replies":[{"embeddable":true,"href":"https:\/\/www.vidademadrid.com\/es\/wp-json\/wp\/v2\/comments?post=60875"}],"version-history":[{"count":1,"href":"https:\/\/www.vidademadrid.com\/es\/wp-json\/wp\/v2\/posts\/60875\/revisions"}],"predecessor-version":[{"id":60876,"href":"https:\/\/www.vidademadrid.com\/es\/wp-json\/wp\/v2\/posts\/60875\/revisions\/60876"}],"wp:featuredmedia":[{"embeddable":true,"href":"https:\/\/www.vidademadrid.com\/es\/wp-json\/wp\/v2\/media\/50694"}],"wp:attachment":[{"href":"https:\/\/www.vidademadrid.com\/es\/wp-json\/wp\/v2\/media?parent=60875"}],"wp:term":[{"taxonomy":"category","embeddable":true,"href":"https:\/\/www.vidademadrid.com\/es\/wp-json\/wp\/v2\/categories?post=60875"},{"taxonomy":"post_tag","embeddable":true,"href":"https:\/\/www.vidademadrid.com\/es\/wp-json\/wp\/v2\/tags?post=60875"}],"curies":[{"name":"wp","href":"https:\/\/api.w.org\/{rel}","templated":true}]}}