{"id":60863,"date":"2026-01-16T09:31:00","date_gmt":"2026-01-16T08:31:00","guid":{"rendered":"https:\/\/www.vidademadrid.com\/es\/?p=60863"},"modified":"2026-01-26T10:37:24","modified_gmt":"2026-01-26T09:37:24","slug":"fitur-madrid-2026-fechas-entradas-novedades","status":"publish","type":"post","link":"https:\/\/www.vidademadrid.com\/es\/60863\/fitur-madrid-2026-fechas-entradas-novedades\/","title":{"rendered":"Fitur vuelve a Madrid este 2026: fechas, entradas y novedades"},"content":{"rendered":"<p>La\u00a0<strong>Feria Internacional de Turismo (Fitur)\u00a0<\/strong>vuelve este 2026 y espera asistentes de <strong>161 pa\u00edses. <\/strong>Te contamos toda la informaci\u00f3n en este art\u00edculo.<\/p>\n<h2>Fitur 2026<\/h2>\n<p><strong>Fitur\u00a0<\/strong>celebrar\u00e1 su\u00a0<strong>46\u00ba edici\u00f3n <\/strong>este a\u00f1o y espera superar los 250 mil asistentes durante el fin de semana. Este a\u00f1o participar\u00e1n <strong>10 mil empresas<\/strong><strong> expositores, 156 pa\u00edses y 111 representaciones, <\/strong>diez\u00a0m\u00e1s que en la edici\u00f3n anterior.<\/p>\n<p>En\u00a0<strong>Fitur\u00a0<\/strong>se podr\u00e1 asistir a paneles, di\u00e1logos, presentaciones, ponencias y experiencias adem\u00e1s de recorrer los estands para descubrir los mejores destinos nacionales e internacionales.<\/p>\n<p>El pa\u00eds invitado de\u00a0<strong>Fitur 2026 <\/strong>es\u00a0<strong>M\u00e9xico,<\/strong> debido a su estrecha relaci\u00f3n tur\u00edstica, cultural y econ\u00f3mica con Madrid.<\/p>\n<h2>Nuevas secciones<\/h2>\n<p>Este a\u00f1o como novedad se incorpora el\u00a0<strong>Pabell\u00f3n del Conocimiento,\u00a0<\/strong>un espacio destinado a analizar los grandes retos del sector, compartir ideas y dibujar el futuro del turismo a escala global.<\/p>\n<h2>Fitur 2026: entradas<\/h2>\n<p><strong>Fitur 2026 <\/strong>ser\u00e1 del 21 al 25 de enero de 2026 en <strong>Ifema Madrid\u00a0<\/strong>(Metro Feria de Madrid). Se puede adquirir la\u00a0<strong>entrada general\u00a0<\/strong>(v\u00e1lidas para el s\u00e1bado 24 y domingo 25) en l\u00ednea por 14 euros. El precio en taquilla ser\u00e1 de 17 euros.<\/p>\n<p>Se pueden comprar las entradas en este\u00a0<a href=\"https:\/\/pretickets.ifema.es\/fitur\/webticket\/eventlist?fair_cod_fair_edition=ft26&amp;transaccionOrigen=original&amp;fair=fitur\">enlace<\/a>.<\/p>\n","protected":false},"excerpt":{"rendered":"<p>Ser\u00e1 del 21 al 25 de enero. <\/p>\n","protected":false},"author":15,"featured_media":38815,"comment_status":"open","ping_status":"open","sticky":false,"template":"","format":"standard","meta":{"footnotes":""},"categories":[195,11],"tags":[],"class_list":{"0":"post-60863","1":"post","2":"type-post","3":"status-publish","4":"format-standard","5":"has-post-thumbnail","7":"category-cultura","8":"category-eventos-madrid"},"_links":{"self":[{"href":"https:\/\/www.vidademadrid.com\/es\/wp-json\/wp\/v2\/posts\/60863","targetHints":{"allow":["GET"]}}],"collection":[{"href":"https:\/\/www.vidademadrid.com\/es\/wp-json\/wp\/v2\/posts"}],"about":[{"href":"https:\/\/www.vidademadrid.com\/es\/wp-json\/wp\/v2\/types\/post"}],"author":[{"embeddable":true,"href":"https:\/\/www.vidademadrid.com\/es\/wp-json\/wp\/v2\/users\/15"}],"replies":[{"embeddable":true,"href":"https:\/\/www.vidademadrid.com\/es\/wp-json\/wp\/v2\/comments?post=60863"}],"version-history":[{"count":1,"href":"https:\/\/www.vidademadrid.com\/es\/wp-json\/wp\/v2\/posts\/60863\/revisions"}],"predecessor-version":[{"id":60864,"href":"https:\/\/www.vidademadrid.com\/es\/wp-json\/wp\/v2\/posts\/60863\/revisions\/60864"}],"wp:featuredmedia":[{"embeddable":true,"href":"https:\/\/www.vidademadrid.com\/es\/wp-json\/wp\/v2\/media\/38815"}],"wp:attachment":[{"href":"https:\/\/www.vidademadrid.com\/es\/wp-json\/wp\/v2\/media?parent=60863"}],"wp:term":[{"taxonomy":"category","embeddable":true,"href":"https:\/\/www.vidademadrid.com\/es\/wp-json\/wp\/v2\/categories?post=60863"},{"taxonomy":"post_tag","embeddable":true,"href":"https:\/\/www.vidademadrid.com\/es\/wp-json\/wp\/v2\/tags?post=60863"}],"curies":[{"name":"wp","href":"https:\/\/api.w.org\/{rel}","templated":true}]}}