{"id":60855,"date":"2026-01-15T21:39:15","date_gmt":"2026-01-15T20:39:15","guid":{"rendered":"https:\/\/www.vidademadrid.com\/es\/?p=60855"},"modified":"2026-01-15T21:41:15","modified_gmt":"2026-01-15T20:41:15","slug":"planes-para-este-fin-de-semana-en-madrid-16-17-y-18-de-enero-de-2026","status":"publish","type":"post","link":"https:\/\/www.vidademadrid.com\/es\/60855\/planes-para-este-fin-de-semana-en-madrid-16-17-y-18-de-enero-de-2026\/","title":{"rendered":"Planes para este fin de semana en Madrid: 16, 17 y 18 de enero de 2026"},"content":{"rendered":"\n<p>\u00a1Ya est\u00e1 aqu\u00ed el fin de semana! Y viene cargado de tradiciones, estrenos culturales y mucho arte. Desde las cl\u00e1sicas <strong>Fiestas de San Ant\u00f3n<\/strong> hasta nuevas exposiciones que transforman el paisaje del Retiro, pasando por teatro, danza y planes para disfrutar en familia.<\/p>\n\n<p>Aqu\u00ed tienes nuestra selecci\u00f3n con <strong>los mejores planes del finde en Madrid: del viernes 16 al domingo 18 de enero de 2026<\/strong>.<\/p>\n\n<div style=\"background-color: #f4f4f4; padding: 20px; border: 1px solid #ddd; border-radius: 5px; margin-bottom: 30px;\">\n    <h3 style=\"margin-top: 0;\">\u00cdndice de planes<\/h3>\n    <ul>\n        <li><a href=\"#sananton\">Fiestas de San Ant\u00f3n 2026<\/a><\/li>\n        <li><a href=\"#exposiciones\">Exposiciones y Arte<\/a>\n            <ul>\n                <li><a href=\"#fardo\">Nueva intervenci\u00f3n \u00abFardo\u00bb en el Retiro<\/a><\/li>\n                <li><a href=\"#matadero\">\u00abExposici\u00f3n para jugar\u00bb en Matadero<\/a><\/li>\n                <li><a href=\"#jovellanos\">\u00abAeropuertos liminales\u00bb en Espacio Jovellanos<\/a><\/li>\n                <li><a href=\"#masarte\">M\u00e1s estrenos de exposiciones<\/a><\/li>\n            <\/ul>\n        <\/li>\n        <li><a href=\"#teatro\">Teatro<\/a><\/li>\n        <li><a href=\"#danza\">Danza<\/a><\/li>\n        <li><a href=\"#musicacine\">M\u00fasica y Cine<\/a><\/li>\n        <li><a href=\"#region\">Planes en la Regi\u00f3n (SanSe y Torrej\u00f3n)<\/a><\/li>\n        <li><a href=\"#ultima\">\u00daltima oportunidad<\/a><\/li>\n    <\/ul>\n<\/div>\n\n<hr \/>\n\n<h2 id=\"sananton\">Fiestas de San Ant\u00f3n 2026<\/h2>\n\n<p>Este fin de semana vuelven las tradicionales fiestas en honor al patr\u00f3n de los animales. La celebraci\u00f3n se divide principalmente en tres escenarios: el Palacio de Cibeles, la Iglesia de San Ant\u00f3n y la Plaza de Chueca.<\/p>\n\n<ul>\n    <li><strong>En el Palacio de Cibeles (Galer\u00eda de Cristal):<\/strong><br>\n    Este espacio acoger\u00e1 el grueso de las actividades institucionales y familiares. El viernes por la tarde destaca el preg\u00f3n a cargo de la ONCE y el concierto de <strong>Marilia<\/strong> (ex Ella Baila Sola). Durante el fin de semana podr\u00e1s ver exhibiciones de las unidades caninas de la Polic\u00eda Municipal, Nacional y Guardia Civil, adem\u00e1s de asistir a talleres para los m\u00e1s peque\u00f1os.<br>\n    <strong>Horarios:<\/strong> Viernes 16 (de 17:15 a 20:00 h), s\u00e1bado 17 (de 11:00 a 20:00 h) y domingo 18 (de 11:00 a 14:00 h).<br>\n    <strong>Palacio de Cibeles (Galer\u00eda de Cristal)<\/strong> | Metro: Banco de Espa\u00f1a<br>\n    <a href=\"https:\/\/www.esmadrid.com\/sites\/default\/files\/programa_fiestas_sananton_2026.pdf\" target=\"_blank\" rel=\"noopener\">Programa oficial en PDF<\/a><\/li>\n    \n    <li><strong>En la Iglesia de San Ant\u00f3n:<\/strong><br>\n    El punto m\u00e1s tradicional de la fiesta mantendr\u00e1 la venta de panecillos durante todos los d\u00edas (de 10:00 a 20:00 h). El d\u00eda grande, s\u00e1bado 17, se celebrar\u00e1 la <strong>Bendici\u00f3n de los animales<\/strong> ininterrumpida de 10:00 a 20:00 h, la Misa Mayor a las 12:00 h y las cl\u00e1sicas <strong>Vueltas de San Ant\u00f3n<\/strong> a partir de las 17:00 h.<br>\n    <strong>C\/ Hortaleza, 63<\/strong> | Metro: Chueca \/ Tribunal<br>\n    <a href=\"https:\/\/mensajerosdelapaz.com\/\" target=\"_blank\" rel=\"noopener\">Web de Mensajeros de la Paz<\/a><\/li>\n    \n    <li><strong>En la Plaza de Chueca:<\/strong><br>\n    El domingo 18 ser\u00e1 el turno del <strong>Desfile de mascotas<\/strong> y un mercadillo solidario que comenzar\u00e1 a las 13:00 h, cerrando as\u00ed las festividades.<br>\n    <strong>Plaza de Chueca<\/strong> | Metro: Chueca<\/li>\n<\/ul>\n\n<hr \/>\n\n<h2 id=\"exposiciones\">Exposiciones y Arte<\/h2>\n\n<h3 id=\"fardo\">Nueva intervenci\u00f3n en el Palacio de Cristal: \u00abFardo\u00bb<\/h3>\n<p>Una de las grandes novedades en el Retiro. La artista peruana <strong>Andrea Canepa<\/strong> presenta \u00abFardo\u00bb, una monumental intervenci\u00f3n que cubre el edificio aprovechando sus obras de restauraci\u00f3n. Inspirada en los textiles funerarios de la cultura Paracas, la obra convierte el palacio en un \u00abfardo oculto\u00bb mediante una lona gigante que genera un efecto \u00f3ptico de movimiento al rodearlo. Adem\u00e1s, es una instalaci\u00f3n ecol\u00f3gica realizada con tintas al agua.<\/p>\n<ul>\n    <li><strong>Fechas:<\/strong> Se inaugura esta semana y se mantendr\u00e1 hasta enero de 2027.<\/li>\n    <li><strong>Palacio de Cristal (Parque del Retiro)<\/strong> | Metro: Retiro \/ Ibiza<\/li>\n    <li><a href=\"https:\/\/www.museoreinasofia.es\/exposiciones\/andrea-canepa\" target=\"_blank\" rel=\"noopener\">Info completa en web Museo Reina Sof\u00eda<\/a><\/li>\n<\/ul>\n\n<h3 id=\"matadero\">\u00abExposici\u00f3n para jugar\u00bb en Matadero<\/h3>\n<p>Una propuesta inmersiva de <strong>Mar\u00eda Jerez<\/strong> titulada <em>Se necesita un pueblo para mover un desierto<\/em>. No es una exposici\u00f3n convencional, sino un paisaje que invita a los asistentes a mutar y convertirse en parte de \u00e9l: ser duna, viento o terremoto. Un espacio textil blando con dunas que crecen y soles gigantes pensada para todas las edades.<\/p>\n<ul>\n    <li><strong>Horarios:<\/strong> Viernes 16 (pases a las 17:00 y 18:30 h); s\u00e1bado 17 y domingo 18 (pases a las 10:30, 12:00, 13:30, 16:00 y 17:30 h).<\/li>\n    <li><strong>Precio:<\/strong> Gratis, pero requiere descarga previa de entrada.<\/li>\n    <li><strong>Nave 17, Matadero Madrid<\/strong> | Metro: Legazpi<\/li>\n    <li><a href=\"https:\/\/www.mataderomadrid.org\/programacion\/exposicion-para-jugar-de-maria-jerez\" target=\"_blank\" rel=\"noopener\">Descarga de entradas en web Matadero Madrid<\/a><\/li>\n<\/ul>\n\n<h3 id=\"jovellanos\">\u00abAeropuertos liminales\u00bb<\/h3>\n<p>El <strong>Espacio Jovellanos<\/strong> acoge una selecci\u00f3n del trabajo fotogr\u00e1fico de <strong>Cosme del Olmo<\/strong>. La muestra explora en blanco y negro la \u00abbelleza oculta\u00bb y la deshumanizaci\u00f3n de los aeropuertos, entendidos como \u00abno-lugares\u00bb de tr\u00e1nsito donde las emociones (despedidas, reencuentros) contrastan con la arquitectura fr\u00eda.<\/p>\n<ul>\n    <li><strong>Horario:<\/strong> De 11:00 a 14:00 y de 15:00 a 20:00 h (hasta el 22 de enero).<\/li>\n    <li><strong>C\/ Jovellanos, 6<\/strong> | Metro: Sevilla \/ Banco de Espa\u00f1a<\/li>\n<\/ul>\n\n<h3 id=\"masarte\">M\u00e1s estrenos de exposiciones<\/h3>\n<p>Este fin de semana tambi\u00e9n puedes visitar las nuevas inauguraciones en los museos estatales y centros culturales:<\/p>\n<ul>\n    <li><strong>Reflejos. En torno al imaginario de Iv\u00e1n Zulueta<\/strong><br>\n    <strong>Museo Nacional de Antropolog\u00eda<\/strong> | Metro: Atocha<br>\n    <a href=\"https:\/\/www.cultura.gob.es\/mnantropologia\/actividades\/exposiciones-temporales.html\" target=\"_blank\" rel=\"noopener\">Web del Museo<\/a><\/li>\n    \n    <li><strong>Entre Oriente y Occidente. Chipre, la isla de Afrodita<\/strong><br>\n    <strong>Museo Arqueol\u00f3gico Nacional<\/strong> | Metro: Serrano \/ Col\u00f3n<br>\n    <a href=\"https:\/\/www.man.es\/man\/exposicion\/exposiciones-temporales.html\" target=\"_blank\" rel=\"noopener\">Web del MAN<\/a><\/li>\n    \n    <li><strong>Comunidades originarias<\/strong><br>\n    <strong>Museo Misiones Salesianas (C\/ Lisboa, 4)<\/strong> | Metro: Arg\u00fcelles \/ Ventura Rodr\u00edguez<br>\n    <a href=\"https:\/\/misionessalesianas.org\/\" target=\"_blank\" rel=\"noopener\">Misiones Salesianas<\/a><\/li>\n    \n    <li><strong>Los sambenitos de Tui<\/strong><br>\n    <strong>Centro Sefarad Israel (C\/ Mayor, 69)<\/strong> | Metro: \u00d3pera \/ Sol<br>\n    <a href=\"https:\/\/www.sefarad-israel.es\/\" target=\"_blank\" rel=\"noopener\">Centro Sefarad<\/a><\/li>\n    \n    <li><strong>Fotos\u00edntesis atl\u00e1ntica<\/strong><br>\n    <strong>Real Jard\u00edn Bot\u00e1nico CSIC<\/strong> | Metro: Estaci\u00f3n del Arte<br>\n    <a href=\"https:\/\/rjb.csic.es\/\" target=\"_blank\" rel=\"noopener\">Agenda RJB<\/a><\/li>\n<\/ul>\n\n<hr \/>\n\n<h2 id=\"teatro\">Teatro<\/h2>\n\n<ul>\n    <li><strong>\u00abLa Verdad\u00bb con Joaqu\u00edn Reyes:<\/strong><br>\n    Esta comedia explora la hipocres\u00eda y las mentiras en las relaciones de pareja. \u00bfEs mejor decir siempre la verdad o a veces es necesaria la mentira para mantener la paz? Joaqu\u00edn Reyes protagoniza esta obra donde los personajes juegan al gato y al rat\u00f3n con la realidad.<br>\n    <strong>Funciones:<\/strong> Viernes, s\u00e1bado y domingo a las 19:00 h.<br>\n    <strong>Teatro Infanta Isabel<\/strong> | Metro: Chueca<br>\n    <a href=\"https:\/\/teatroinfantaisabel.es\/\" target=\"_blank\" rel=\"noopener\">Web Teatro Infanta Isabel<\/a><\/li>\n\n    <li><strong>\u00abE.A\u00bb:<\/strong><br>\n    Una comedia negra y esperp\u00e9ntica de <strong>Julio Fraga<\/strong>. La trama nos sit\u00faa en una capilla ardiente donde el propio difunto asiste a su entierro. Una reflexi\u00f3n ir\u00f3nica sobre la muerte, los ritos funerarios y lo que dejamos atr\u00e1s.<br>\n    <strong>Funci\u00f3n:<\/strong> \u00danica funci\u00f3n este s\u00e1bado 17 a las 21:30 h.<br>\n    <strong>Teatro Soho Madrid<\/strong> | Metro: Plaza de Espa\u00f1a<br>\n    <a href=\"https:\/\/teatrosohomadrid.com\/\" target=\"_blank\" rel=\"noopener\">Web del Teatro Soho<\/a><\/li>\n\n    <li><strong>\u00abLa Celestina\u00bb:<\/strong><br>\n    Una nueva versi\u00f3n del cl\u00e1sico de Fernando de Rojas, planteada desde una perspectiva \u00edntima y emocionante que pone a la mujer en el centro de la narrativa.<br>\n    <strong>Funci\u00f3n:<\/strong> S\u00e1bado 17 a las 13:00 h.<br>\n    <strong>Teatro Serrano (C\/ Serrano, 104)<\/strong> | Metro: Rub\u00e9n Dar\u00edo \/ N\u00fa\u00f1ez de Balboa<br>\n    <a href=\"https:\/\/www.entradas.com\/event\/la-celestina-teatro-serrano-18753291\/\" target=\"_blank\" rel=\"noopener\">Venta de entradas<\/a><\/li>\n<\/ul>\n\n<hr \/>\n\n<h2 id=\"danza\">Danza<\/h2>\n\n<ul>\n    <li><strong>Homenaje al Corral de la Morer\u00eda:<\/strong><br>\n    Los <strong>Teatros del Canal<\/strong> celebran el 70 aniversario del considerado \u00abmejor tablao flamenco del mundo\u00bb. Este fin de semana act\u00faan dos grandes figuras: <strong>Ana Morales<\/strong> (viernes 16) y <strong>Bel\u00e9n L\u00f3pez<\/strong> (s\u00e1bado 17).<br>\n    <strong>Hora:<\/strong> 21:30 h.<br>\n    <strong>Teatros del Canal (Sala de Cristal)<\/strong> | Metro: Canal<br>\n    <a href=\"https:\/\/www.teatroscanal.com\/espectaculo\/homenaje-al-corral-de-la-moreria\/\" target=\"_blank\" rel=\"noopener\">Web Teatros del Canal<\/a><\/li>\n\n    <li><strong>La Veronal:<\/strong><br>\n    La prestigiosa compa\u00f1\u00eda presenta un espect\u00e1culo de gran formato inspirado en la novela <em>La mort i la primavera<\/em> de Merc\u00e8 Rodoreda. Una fantas\u00eda visual llena de im\u00e1genes potentes y gestualidad precisa.<br>\n    <strong>Funciones:<\/strong> Viernes 16 y s\u00e1bado 17 (20:00 h), domingo 18 (19:00 h).<br>\n    <strong>Centro Danza Matadero (Nave 11)<\/strong> | Metro: Legazpi<br>\n    <a href=\"https:\/\/www.mataderomadrid.org\/programacion\/la-veronal\" target=\"_blank\" rel=\"noopener\">Web Matadero Madrid<\/a><\/li>\n<\/ul>\n\n<hr \/>\n\n<h2 id=\"musicacine\">M\u00fasica y Cine<\/h2>\n\n<ul>\n    <li><strong>Conciertos de Inverfest:<\/strong><br>\n    El festival de invierno de Madrid sigue llenando las salas. Este fin de semana podr\u00e1s ver a:<br>\n    &#8211; <strong>Viernes 16:<\/strong> La habitaci\u00f3n roja, Egon Soda, Pagafantas y Ran Son.<br>\n    &#8211; <strong>S\u00e1bado 17:<\/strong> Luz Casal, Ismael Serrano, J\u00falia Colom, Pipiolas + Ni\u00f1os Bravos, Ezezez + Silitia y Rosalinda Gal\u00e1n.<br>\n    &#8211; <strong>Domingo 18:<\/strong> Victor Coyote.<br>\n    <strong>Varios recintos<\/strong> (WiZink, La Riviera, Circo Price&#8230;)<br>\n    <a href=\"https:\/\/inverfest.com\/\" target=\"_blank\" rel=\"noopener\">Web oficial Inverfest<\/a><\/li>\n\n    <li><strong>Musical \u00abRa\u00edces\u00bb:<\/strong><br>\n    El violinista rebelde <strong>Strad<\/strong> presenta este espect\u00e1culo que es un viaje por la m\u00fasica y las emociones. Combina humor, puesta en escena y una fusi\u00f3n \u00fanica de ra\u00edces celtas y flamencas.<br>\n    <strong>Funci\u00f3n:<\/strong> Domingo 18 a las 12:00 h.<br>\n    <strong>Teatro EDP Gran V\u00eda<\/strong> | Metro: Santo Domingo \/ Callao<br>\n    <a href=\"https:\/\/gruposmedia.com\/cartelera\/strad-raices\/\" target=\"_blank\" rel=\"noopener\">Web del Teatro EDP Gran V\u00eda<\/a><\/li>\n\n    <li><strong>Cine documental \u00abImpares\u00bb:<\/strong><br>\n    Muestra organizada por la <strong>Fundaci\u00f3n Cotec<\/strong> que utiliza el cine para hablar de innovaci\u00f3n ante desaf\u00edos sociales como la vivienda, la juventud o el medio rural.<br>\n    <strong>Horario:<\/strong> S\u00e1bado 17 de 11:00 a 16:00 h.<br>\n    <strong>Cineteca Madrid (Matadero)<\/strong> | Metro: Legazpi<br>\n    <a href=\"https:\/\/www.cinetecamadrid.com\/\" target=\"_blank\" rel=\"noopener\">Web Cineteca Madrid<\/a><\/li>\n<\/ul>\n\n<hr \/>\n\n<h2 id=\"region\">Planes en la Regi\u00f3n<\/h2>\n\n<ul>\n    <li><strong>Encierros Blancos en SanSe:<\/strong><br>\n    <strong>San Sebasti\u00e1n de los Reyes<\/strong> celebra sus fiestas patronales de San Sebasti\u00e1n M\u00e1rtir con la tercera edici\u00f3n de sus famosos \u00abEncierros Blancos\u00bb. Una oportunidad para vivir la tradici\u00f3n taurina de la localidad en pleno invierno.<br>\n    <strong>Horario:<\/strong> S\u00e1bado 17 y domingo 18 a las 11:00 h.<br>\n    <strong>San Sebasti\u00e1n de los Reyes<\/strong> | Metro: Reyes Cat\u00f3licos \/ Baunatal<br>\n    <a href=\"https:\/\/www.ssreyes.org\/\" target=\"_blank\" rel=\"noopener\">Web Ayto. San Sebasti\u00e1n de los Reyes<\/a><\/li>\n\n    <li><strong>Mercado Medieval en Torrej\u00f3n de la Calzada:<\/strong><br>\n    La Plaza de Espa\u00f1a del municipio se transforma con m\u00e1s de 50 puestos de artesan\u00eda y gastronom\u00eda. Habr\u00e1 pasacalles, personajes como \u00abLa dama de la torre\u00bb o \u00abEl duende Puck\u00bb, m\u00fasica folk y espect\u00e1culos de fuego nocturnos.<br>\n    <strong>Horario:<\/strong> De viernes 16 a domingo 18.<br>\n    <strong>Plaza de Espa\u00f1a, Torrej\u00f3n de la Calzada<\/strong><br>\n    <a href=\"https:\/\/www.aytotorrejoncalzada.es\/\" target=\"_blank\" rel=\"noopener\">Web Torrej\u00f3n de la Calzada<\/a><\/li>\n<\/ul>\n\n<hr \/>\n\n<h2 id=\"ultima\">\u00daltima oportunidad<\/h2>\n\n<p>\u00a1Estos planes terminan ya, aprovecha antes de que sea tarde! \u00daltimo finde para ver:<\/p>\n\n<ul>\n    <li>Exposici\u00f3n <strong>Raimundo de Madrazo<\/strong> y <strong>Edward Weston<\/strong> en <strong>Fundaci\u00f3n Mapfre<\/strong>. Metro: Col\u00f3n. <a href=\"https:\/\/www.fundacionmapfre.org\/arte-y-cultura\/exposiciones\/\" target=\"_blank\" rel=\"noopener\">Entradas aqu\u00ed<\/a>.<\/li>\n    <li><strong>PrisionIA<\/strong>, el espect\u00e1culo del <strong>Circo de los Horrores<\/strong> en Puerta del \u00c1ngel. Metro: Puerta del \u00c1ngel. <a href=\"https:\/\/circodeloshorrores.com\/\" target=\"_blank\" rel=\"noopener\">Entradas aqu\u00ed<\/a>.<\/li>\n    <li><strong>Circlassica: Noel<\/strong> en el recinto de <strong>IFEMA Madrid<\/strong>. Metro: Feria de Madrid. <a href=\"https:\/\/circlassica.es\/\" target=\"_blank\" rel=\"noopener\">Entradas aqu\u00ed<\/a>.<\/li>\n    <li>Exposici\u00f3n <strong>Oro Tejido con Paja<\/strong> en <strong>La Casa Encendida<\/strong>. Metro: Embajadores. <a href=\"https:\/\/www.lacasaencendida.es\/\" target=\"_blank\" rel=\"noopener\">M\u00e1s info<\/a>.<\/li>\n    <li><strong>El arte de restaurar<\/strong> (Fundaci\u00f3n Callia) en la <strong>Academia de Bellas Artes de San Fernando<\/strong>. Metro: Sol \/ Sevilla. <a href=\"https:\/\/www.realacademiabellasartessanfernando.com\/\" target=\"_blank\" rel=\"noopener\">Web oficial<\/a>.<\/li>\n    <li>Obra de teatro <strong>Los duelistas<\/strong> en el <strong>Teatro Fern\u00e1n G\u00f3mez<\/strong>. Metro: Col\u00f3n. <a href=\"https:\/\/www.teatrofernangomez.es\/\" target=\"_blank\" rel=\"noopener\">Entradas aqu\u00ed<\/a>.<\/li>\n<\/ul>\n\n<div>\u00bfQuieres recomendarnos un plan para el finde que viene? Escr\u00edbenos a info@vidademadrid.com o publicidad@vidademadrid.com<\/Div>\n","protected":false},"excerpt":{"rendered":"<p>San Ant\u00f3n y mucho m\u00e1s: todas las novedades del finde<\/p>\n","protected":false},"author":1,"featured_media":60858,"comment_status":"open","ping_status":"open","sticky":false,"template":"","format":"standard","meta":{"footnotes":""},"categories":[187,194,119],"tags":[],"class_list":{"0":"post-60855","1":"post","2":"type-post","3":"status-publish","4":"format-standard","5":"has-post-thumbnail","7":"category-madrid-hoy","8":"category-planes-del-fin-de-semana-madrid","9":"category-portada"},"_links":{"self":[{"href":"https:\/\/www.vidademadrid.com\/es\/wp-json\/wp\/v2\/posts\/60855","targetHints":{"allow":["GET"]}}],"collection":[{"href":"https:\/\/www.vidademadrid.com\/es\/wp-json\/wp\/v2\/posts"}],"about":[{"href":"https:\/\/www.vidademadrid.com\/es\/wp-json\/wp\/v2\/types\/post"}],"author":[{"embeddable":true,"href":"https:\/\/www.vidademadrid.com\/es\/wp-json\/wp\/v2\/users\/1"}],"replies":[{"embeddable":true,"href":"https:\/\/www.vidademadrid.com\/es\/wp-json\/wp\/v2\/comments?post=60855"}],"version-history":[{"count":5,"href":"https:\/\/www.vidademadrid.com\/es\/wp-json\/wp\/v2\/posts\/60855\/revisions"}],"predecessor-version":[{"id":60862,"href":"https:\/\/www.vidademadrid.com\/es\/wp-json\/wp\/v2\/posts\/60855\/revisions\/60862"}],"wp:featuredmedia":[{"embeddable":true,"href":"https:\/\/www.vidademadrid.com\/es\/wp-json\/wp\/v2\/media\/60858"}],"wp:attachment":[{"href":"https:\/\/www.vidademadrid.com\/es\/wp-json\/wp\/v2\/media?parent=60855"}],"wp:term":[{"taxonomy":"category","embeddable":true,"href":"https:\/\/www.vidademadrid.com\/es\/wp-json\/wp\/v2\/categories?post=60855"},{"taxonomy":"post_tag","embeddable":true,"href":"https:\/\/www.vidademadrid.com\/es\/wp-json\/wp\/v2\/tags?post=60855"}],"curies":[{"name":"wp","href":"https:\/\/api.w.org\/{rel}","templated":true}]}}