{"id":60831,"date":"2026-01-09T16:21:25","date_gmt":"2026-01-09T15:21:25","guid":{"rendered":"https:\/\/www.vidademadrid.com\/es\/?p=60831"},"modified":"2026-01-11T22:50:23","modified_gmt":"2026-01-11T21:50:23","slug":"emt-madrid-rompe-record-viajeros-bus-bicimad","status":"publish","type":"post","link":"https:\/\/www.vidademadrid.com\/es\/60831\/emt-madrid-rompe-record-viajeros-bus-bicimad\/","title":{"rendered":"EMT Madrid rompe r\u00e9cord de viajeros en bus y bicimad"},"content":{"rendered":"<p>El\u00a0<strong>Ayuntamiento de Madrid\u00a0<\/strong>ha anunciado las cifras hist\u00f3ricas con las que la Empresa Municipal de Autobuses ha cerrado el a\u00f1o. Los\u00a0<strong>autobuses de la EMT\u00a0<\/strong>han registrado 512.028.994 viajeros a lo largo del a\u00f1o y\u00a0<strong>bicimad\u00a0<\/strong>ha alcanzado los 13.738.810 viajes durante el a\u00f1o pasado.<\/p>\n<h2>EMT Madrid cierra 2025 con cifras hist\u00f3ricas<\/h2>\n<p>El delegado de Urbanismo, Medio Ambiente y Movilidad del Ayuntamiento de Madrid, Borja Carabante, ha presentado las cifras del transporte p\u00fablico durante el 2025.<\/p>\n<p>El a\u00f1o pasado las cifras tuvieron un incremento significativo, a comparaci\u00f3n de 2024. El uso del autob\u00fas aumento un 7,96% y el uso del servicio de bicimad aumento en un 39,28%.<\/p>\n<h2>R\u00e9cords diarios<\/h2>\n<p>El d\u00eda con m\u00e1s usuarios de autob\u00fas en 2025 fue el\u00a0<strong>4 de junio\u00a0<\/strong>con 1.1951.608 usuarios. En el caso de bicimad, el d\u00eda que m\u00e1s usuarios se registraron fue el\u00a0<strong>8 de septiembre\u00a0<\/strong>con 66.605 viajes.<\/p>\n<p>&nbsp;<\/p>\n","protected":false},"excerpt":{"rendered":"<p>Cifras hist\u00f3ricas para EMT Madrid. <\/p>\n","protected":false},"author":15,"featured_media":53584,"comment_status":"open","ping_status":"open","sticky":false,"template":"","format":"standard","meta":{"footnotes":""},"categories":[119,23],"tags":[],"class_list":{"0":"post-60831","1":"post","2":"type-post","3":"status-publish","4":"format-standard","5":"has-post-thumbnail","7":"category-portada","8":"category-transportes-huelgas-madrid"},"_links":{"self":[{"href":"https:\/\/www.vidademadrid.com\/es\/wp-json\/wp\/v2\/posts\/60831","targetHints":{"allow":["GET"]}}],"collection":[{"href":"https:\/\/www.vidademadrid.com\/es\/wp-json\/wp\/v2\/posts"}],"about":[{"href":"https:\/\/www.vidademadrid.com\/es\/wp-json\/wp\/v2\/types\/post"}],"author":[{"embeddable":true,"href":"https:\/\/www.vidademadrid.com\/es\/wp-json\/wp\/v2\/users\/15"}],"replies":[{"embeddable":true,"href":"https:\/\/www.vidademadrid.com\/es\/wp-json\/wp\/v2\/comments?post=60831"}],"version-history":[{"count":1,"href":"https:\/\/www.vidademadrid.com\/es\/wp-json\/wp\/v2\/posts\/60831\/revisions"}],"predecessor-version":[{"id":60832,"href":"https:\/\/www.vidademadrid.com\/es\/wp-json\/wp\/v2\/posts\/60831\/revisions\/60832"}],"wp:featuredmedia":[{"embeddable":true,"href":"https:\/\/www.vidademadrid.com\/es\/wp-json\/wp\/v2\/media\/53584"}],"wp:attachment":[{"href":"https:\/\/www.vidademadrid.com\/es\/wp-json\/wp\/v2\/media?parent=60831"}],"wp:term":[{"taxonomy":"category","embeddable":true,"href":"https:\/\/www.vidademadrid.com\/es\/wp-json\/wp\/v2\/categories?post=60831"},{"taxonomy":"post_tag","embeddable":true,"href":"https:\/\/www.vidademadrid.com\/es\/wp-json\/wp\/v2\/tags?post=60831"}],"curies":[{"name":"wp","href":"https:\/\/api.w.org\/{rel}","templated":true}]}}