{"id":60826,"date":"2026-01-08T19:17:16","date_gmt":"2026-01-08T18:17:16","guid":{"rendered":"https:\/\/www.vidademadrid.com\/es\/?p=60826"},"modified":"2026-01-08T19:57:20","modified_gmt":"2026-01-08T18:57:20","slug":"planes-para-este-fin-de-semana-en-madrid-9-10-y-11-de-enero-de-2026","status":"publish","type":"post","link":"https:\/\/www.vidademadrid.com\/es\/60826\/planes-para-este-fin-de-semana-en-madrid-9-10-y-11-de-enero-de-2026\/","title":{"rendered":"Planes para este fin de semana en Madrid: 9, 10 y 11 de enero de 2026"},"content":{"rendered":"<p><span style=\"font-weight: 400;\">Como cada semana, os dejamos nuestro <\/span><b>MEGA POST DE PLANES<\/b><span style=\"font-weight: 400;\"> para este finde <strong>9, 10 y 11 de enero<\/strong> de\u00a0<\/span><b>2026 en Madrid. <\/b>Entre las actividades destacadas: nuevo espect\u00e1culo de luces inmersivo en Col\u00f3n, conciertos de Inverfest, rebajas en Plaza R\u00edo 2, planes culturales, de m\u00fasica, danza y teatro. Sigue leyendo para conocer todos los planes de este fin de semana (\u00a1muchos son gratuitos!).<\/p>\n<h2>Actividades destacadas<\/h2>\n<h3><span class=\"a_GcMg font-feature-liga-off font-feature-clig-off font-feature-calt-off text-decoration-none text-strikethrough-none\">Experiencia inmersiva \u00abFlow\u00bb<\/span><\/h3>\n<p><span class=\"a_GcMg font-feature-liga-off font-feature-clig-off font-feature-calt-off text-decoration-none text-strikethrough-none\">El nuevo <strong>espect\u00e1culo de luces inmersivo de Eonarium<\/strong> celebra la belleza de la naturaleza reinterpretando \u201cEl Moldava\u201d de Smetana a trav\u00e9s de la m\u00fasica cl\u00e1sica, proyecciones de luz y ritmos electr\u00f3nicos. Disponible a partir de este s\u00e1bado 10 en la <strong>Iglesia de la Comunidad Evang\u00e9liga de Habla Alemana<\/strong> (metro Col\u00f3n). Toda la info y entradas<a href=\"https:\/\/www.google.com\/aclk?sa=L&amp;pf=1&amp;ai=DChsSEwjwi977wfyRAxVBQUECHfSaPGoYACICCAEQABoCd3M&amp;co=1&amp;ase=2&amp;gclid=Cj0KCQiAyP3KBhD9ARIsAAJLnnYAxv6Wzt_ragBx5IrLsxc3J467-lg0Mp4wur2eYqWbcIVbmURfBJYaAm9jEALw_wcB&amp;cce=2&amp;category=acrcp_v1_32&amp;sig=AOD64_3ddQvlCweweGGuMOZhiimsF1x1CA&amp;q&amp;nis=4&amp;adurl=https:\/\/eonariumexperiences.com\/madrid\/flow?utm_source%3Dgoogle%26utm_medium%3Dsc_nbrand%26utm_campaign%3D502082_mad%26utm_content%3D786937648220%26utm_term%3Despectaculo%2520inmersivo_p%26gad_source%3D1%26gad_campaignid%3D23329317731%26gbraid%3D0AAAAADGO9U-u2qqb4jqavfgu_SXrlJ-eL%26gclid%3DCj0KCQiAyP3KBhD9ARIsAAJLnnYAxv6Wzt_ragBx5IrLsxc3J467-lg0Mp4wur2eYqWbcIVbmURfBJYaAm9jEALw_wcB&amp;ved=2ahUKEwjyy9f7wfyRAxUVnycCHfdBAHkQ0Qx6BAgOEAE\"> aqu\u00ed.\u00a0<\/a><\/span><\/p>\n<h3><span class=\"a_GcMg font-feature-liga-off font-feature-clig-off font-feature-calt-off text-decoration-none text-strikethrough-none\">Inverfest, el Festival de Invierno<\/span><\/h3>\n<p><span class=\"a_GcMg font-feature-liga-off font-feature-clig-off font-feature-calt-off text-decoration-none text-strikethrough-none\">Disfruta de los conciertos de <strong>Inverfest<\/strong>: <\/span><\/p>\n<ul>\n<li><span class=\"a_GcMg font-feature-liga-off font-feature-clig-off font-feature-calt-off text-decoration-none text-strikethrough-none\">Viernes 9<\/span><span class=\"a_GcMg font-feature-liga-off font-feature-clig-off font-feature-calt-off text-decoration-none text-strikethrough-none\">: Lady Banana, De Fem.\u00a0<\/span><\/li>\n<li><span class=\"a_GcMg font-feature-liga-off font-feature-clig-off font-feature-calt-off text-decoration-none text-strikethrough-none\">S\u00e1bado 10: <\/span><span class=\"a_GcMg font-feature-liga-off font-feature-clig-off font-feature-calt-off text-decoration-none text-strikethrough-none\">Le\u00f3n Benavente, Break The Senses. <\/span><\/li>\n<li><span class=\"a_GcMg font-feature-liga-off font-feature-clig-off font-feature-calt-off text-decoration-none text-strikethrough-none\">Domingo 11:<\/span><span class=\"a_GcMg font-feature-liga-off font-feature-clig-off font-feature-calt-off text-decoration-none text-strikethrough-none\"> Abraham Mateo, Estrella Fugaz.<\/span><\/li>\n<\/ul>\n<p>Toda la info y entradas <a href=\"https:\/\/inverfest.com\/\">aqu\u00ed.\u00a0<\/a><\/p>\n<h3 class=\"cvGsUA direction-ltr align-center para-style-body\"><span class=\"a_GcMg font-feature-liga-off font-feature-clig-off font-feature-calt-off text-decoration-none text-strikethrough-none\">Rebajas de enero <\/span><span class=\"a_GcMg font-feature-liga-off font-feature-clig-off font-feature-calt-off text-decoration-none text-strikethrough-none\">en Plaza R\u00edo 2<\/span><\/h3>\n<p><a href=\"https:\/\/www.vidademadrid.com\/es\/wp-content\/uploads\/2026\/01\/thumbnail_image-2.png\"><img loading=\"lazy\" decoding=\"async\" class=\"aligncenter size-full wp-image-60812\" src=\"https:\/\/www.vidademadrid.com\/es\/wp-content\/uploads\/2026\/01\/thumbnail_image-2.png\" alt=\"\" width=\"661\" height=\"370\" srcset=\"https:\/\/www.vidademadrid.com\/es\/wp-content\/uploads\/2026\/01\/thumbnail_image-2.png 661w, https:\/\/www.vidademadrid.com\/es\/wp-content\/uploads\/2026\/01\/thumbnail_image-2-300x168.png 300w\" sizes=\"auto, (max-width: 661px) 100vw, 661px\" \/><\/a><\/p>\n<p><span class=\"a_GcMg font-feature-liga-off font-feature-clig-off font-feature-calt-off text-decoration-none text-strikethrough-none\">Situado junto a Madrid R\u00edo y frente a Matadero Madrid, <strong>Plaza R\u00edo 2<\/strong> se ha consolidado como uno de los centros comerciales de referencia en Madrid durante el periodo de rebajas, gracias a la calidad de sus servicios, sus excelentes accesos y su <strong>amplia oferta comercial<\/strong>, con firmas como <\/span><span class=\"a_GcMg font-feature-liga-off font-feature-clig-off font-feature-calt-off text-decoration-none text-strikethrough-none\">Zara, Mango, H&amp;M, Massimo Dutti, Pull&amp;Bear, Bimba y Lola, Scalpers<\/span><span class=\"a_GcMg font-feature-liga-off font-feature-clig-off font-feature-calt-off text-decoration-none text-strikethrough-none\"> o <\/span><span class=\"a_GcMg font-feature-liga-off font-feature-clig-off font-feature-calt-off text-decoration-none text-strikethrough-none\">Armani Exchange<\/span><span class=\"a_GcMg font-feature-liga-off font-feature-clig-off font-feature-calt-off text-decoration-none text-strikethrough-none\">, entre muchas otras.<\/span><\/p>\n<p><span class=\"a_GcMg font-feature-liga-off font-feature-clig-off font-feature-calt-off text-decoration-none text-strikethrough-none\">Adem\u00e1s cuenta con la <\/span><strong><span class=\"a_GcMg font-feature-liga-off font-feature-clig-off font-feature-calt-off text-decoration-none text-strikethrough-none\">terraza de restauraci\u00f3n m\u00e1s grande de Madrid<\/span><\/strong><span class=\"a_GcMg font-feature-liga-off font-feature-clig-off font-feature-calt-off text-decoration-none text-strikethrough-none\">. Entre las<\/span> <span class=\"a_GcMg font-feature-liga-off font-feature-clig-off font-feature-calt-off text-decoration-none text-strikethrough-none\">nuevas aperturas destacan Popeyes, Burger King y Orijin Kebab, el nuevo proyecto impulsado por Omar Montes. M\u00e1s info en su <a href=\"https:\/\/www.plazario2.com\/\">p\u00e1gina oficial<\/a> o en <a href=\"https:\/\/www.vidademadrid.com\/es\/60803\/rebajas-de-enero-en-madrid-por-que-plaza-rio-2-es-uno-de-los-mejores-destinos-para-comprar\/\">nuestro art\u00edculo<\/a>.<\/span><\/p>\n<p><em>*Plan en colaboraci\u00f3n.\u00a0<\/em><\/p>\n<h2>Planes culturales<\/h2>\n<div class=\"_5kZSsQ\">\n<div>\n<div class=\"_2UyCZQ vkN2Cw\" lang=\"it-IT\">\n<h3 class=\"_28USrA AfeL7g XN6uKA _4N4NA\"><span class=\"a_GcMg\">M\u00e1quinas de habitar<\/span><\/h3>\n<\/div>\n<\/div>\n<\/div>\n<div>\n<div class=\"_pEcKA\">\n<div class=\"_0uHf0Q _5lhTAQ\" lang=\"it-IT\">\n<div class=\"notranslate ql-container\" translate=\"no\">\n<div class=\"ql-editor\" role=\"textbox\" contenteditable=\"true\" aria-multiline=\"true\">\n<p><span class=\"a_GcMg font-feature-liga-off font-feature-clig-off font-feature-calt-off text-decoration-none text-strikethrough-none\">Este ciclo de cine explora la relaci\u00f3n del cine con los espacios que habitamos y de qu\u00e9 manera las im\u00e1genes han contribuido a construir, iluminar y distorsionar los lugares de nuestra vida cotidiana. Disponible en la <strong>Cineteca de Madrid<\/strong>. M\u00e1s info: horarios y entradas <a href=\"https:\/\/www.cinetecamadrid.com\/ciclo\/maquinas-de-habitar\">aqu\u00ed.\u00a0<\/a><\/span><\/p>\n<h3><span class=\"a_GcMg font-feature-liga-off font-feature-clig-off font-feature-calt-off text-decoration-none text-strikethrough-none\">Taller de escritura de bibliotecas<\/span><\/h3>\n<p><span class=\"a_GcMg font-feature-liga-off font-feature-clig-off font-feature-calt-off text-decoration-none text-strikethrough-none\">Las bibliotecas de la Comunidad de Madrid ofrecen este finde los talleres \u201cEscritura creativa para j\u00f3venes\u201d y \u201cLos di\u00e1logos: escribir de o\u00eddo\u201d en la <strong>Biblioteca Elena Fort\u00fan (Retiro)<\/strong>; \u201cEjercicios de estilo\u201d y \u201cNueve aperturas: c\u00f3mo comenzar tu novela\u201d en la <strong>Biblioteca Jos\u00e9 Hierro (Usera)<\/strong>. M\u00e1s info e inscripciones <a href=\"https:\/\/www.comunidad.madrid\/actividades\/2023\/talleres-escritura-bibliotecas-publicas\">aqu\u00ed.\u00a0<\/a><\/span><\/p>\n<\/div>\n<\/div>\n<\/div>\n<\/div>\n<\/div>\n<h2>Planes de m\u00fasica y teatro<\/h2>\n<h3><span class=\"a_GcMg font-feature-liga-off font-feature-clig-off font-feature-calt-off text-decoration-none text-strikethrough-none\">Concierto Universitario de A\u00f1o Nuevo<\/span><\/h3>\n<p><span class=\"a_GcMg font-feature-liga-off font-feature-clig-off font-feature-calt-off text-decoration-none text-strikethrough-none\">La Joven Orquesta Sinf\u00f3nica de Valladolid protagoniza el <strong>primer Concierto Universitario de A\u00f1o Nuevo<\/strong> dirigido por Ernesto Monsalve. Disponible este s\u00e1bado 10 de enero a las 12h en el <strong>Auditorio Nacional de M\u00fasica<\/strong>. M\u00e1s info y entradas <a href=\"https:\/\/www.auditorionacional.mcu.es\/es\/programacion\/i-concierto-universitario-de-ano-nuevo-universidad-internacional-de-la-rioja-universidad-villanueva\">aqu\u00ed.\u00a0<\/a><\/span><\/p>\n<h3><span class=\"a_GcMg font-feature-liga-off font-feature-clig-off font-feature-calt-off text-decoration-none text-strikethrough-none\">Los acordes ocultos de los Iluminati<\/span><\/h3>\n<p><span class=\"a_GcMg font-feature-liga-off font-feature-clig-off font-feature-calt-off text-decoration-none text-strikethrough-none\">Los <strong>acordes ocultos de los Iluminati<\/strong> es una propuesta que permitir\u00e1 escuchar por primera vez en Espa\u00f1a doce canciones compuestas en 1786 por Johann Simon Mayr. Disponible solo este s\u00e1bado 10 a las 12h en el Ateneo de Madrid. Toda la info y entradas <a href=\"https:\/\/ateneodemadrid.com\/evento\/ciclo-matinales-amalgama-los-acordes-ocultos-de-los-illuminati\/\">aqu\u00ed.\u00a0<\/a><\/span><\/p>\n<h3><span class=\"a_GcMg font-feature-liga-off font-feature-clig-off font-feature-calt-off text-decoration-none text-strikethrough-none\">Una forma de vida en el Teatro Abad\u00eda<\/span><\/h3>\n<p><span class=\"a_GcMg font-feature-liga-off font-feature-clig-off font-feature-calt-off text-decoration-none text-strikethrough-none\">Una forma de vida es una reflexi\u00f3n sobre la monstruosidad que habita en nosotros mismos. Un di\u00e1logo sobre la creaci\u00f3n, el cuerpo y la necesidad del otro. M\u00e1s info <a href=\"https:\/\/www.teatroabadia.com\/espectaculo\/una-forma-de-vida\/\">aqu\u00ed.\u00a0<\/a><\/span><\/p>\n<h3><span class=\"a_GcMg font-feature-liga-off font-feature-clig-off font-feature-calt-off text-decoration-none text-strikethrough-none\">Todos los \u00e1ngeles alzaron el vuelo en Matadero<\/span><\/h3>\n<p><span class=\"a_GcMg font-feature-liga-off font-feature-clig-off font-feature-calt-off text-decoration-none text-strikethrough-none\">En esta obra Eusebio Calonge les da voz a los que no se oyen, y en escena est\u00e1n los marginados, geneste que no pertenece al estado de bienestar, que est\u00e1 a punto de desaparecer: la gente sin sitio. M\u00e1s info y entradas <a href=\"https:\/\/www.mataderomadrid.org\/programacion\/todos-los-angeles-alzaron-el-vuelo\">aqu\u00ed.\u00a0<\/a><\/span><\/p>\n<h3><span class=\"a_GcMg font-feature-liga-off font-feature-clig-off font-feature-calt-off text-decoration-none text-strikethrough-none\">Noche <\/span><span class=\"a_GcMg font-feature-liga-off font-feature-clig-off font-feature-calt-off text-decoration-none text-strikethrough-none\">en el Teatro Espa\u00f1ol\u00a0<\/span><\/h3>\n<p><span class=\"a_GcMg font-feature-liga-off font-feature-clig-off font-feature-calt-off text-decoration-none text-strikethrough-none\">La obra narra la historia de Don Francisco, un padre profundamente religioso que busca mantener el orden y la virtud en su hogar y su familia a trav\u00e9s de la represi\u00f3n y la fe. M\u00e1s info y entradas <a href=\"https:\/\/www.teatroespanol.es\/noche\">aqu\u00ed.\u00a0<\/a><\/span><\/p>\n<h2>Planes de danza<\/h2>\n<p><strong><span class=\"a_GcMg font-feature-liga-off font-feature-clig-off font-feature-calt-off text-decoration-none text-strikethrough-none\">Les Ballets Espagnols de \u00abLa Argentina\u00bb<\/span><\/strong><\/p>\n<p><span class=\"a_GcMg font-feature-liga-off font-feature-clig-off font-feature-calt-off text-decoration-none text-strikethrough-none\">Teatro musical de c\u00e1mara: Antonio Najarro recrea la singularidad visual y musical de los ballets de Antonia Merc\u00e9, La Argentina. Disponible s\u00e1bado y domingo en la <strong>Fundaci\u00f3n Juan March<\/strong>. Entradas gratuitas repartidas en taquilla una hora antes del acto. M\u00e1s info <a href=\"https:\/\/www.march.es\/es\/madrid\/concierto\/ballets-espagnols-argentina-ballets-julian-bautista-e-isaac-albeniz\">aqu\u00ed.\u00a0<\/a><\/span><\/p>\n<h3><span class=\"a_GcMg font-feature-liga-off font-feature-clig-off font-feature-calt-off text-decoration-none text-strikethrough-none\">Tantas flores\u00a0<\/span><\/h3>\n<p><span class=\"a_GcMg font-feature-liga-off font-feature-clig-off font-feature-calt-off text-decoration-none text-strikethrough-none\">Tantas flores habla de aquello que los hombres no (se) dicen porque les averg\u00fcenza y los debilita a los ojos del mundo y se llora y se r\u00ede a partes iguales. Disponible solo este fin de semana en<strong> Teatros del Canal.<\/strong> M\u00e1s info y entradas <a href=\"https:\/\/www.teatroscanal.com\/espectaculo\/chevi-muraday-alejandro-palomas-tc2526\/\">aqu\u00ed.\u00a0<\/a><\/span><\/p>\n<h3>Vortex<\/h3>\n<p><span class=\"a_GcMg font-feature-liga-off font-feature-clig-off font-feature-calt-off text-decoration-none text-strikethrough-none\">Para este espect\u00e1culo, Maliphant se inspira en el pintor Jackson Pollock para crear un viaje lleno de movimiento, luz y sombras. Disponible solo este fin de semana en <strong>Teatros del Canal.<\/strong> M\u00e1s info y entradas <a href=\"https:\/\/www.teatroscanal.com\/espectaculo\/vortex-russell-maliphant-tc2526\/\">aqu\u00ed.\u00a0<\/a><\/span><\/p>\n<h2><span class=\"a_GcMg font-feature-liga-off font-feature-clig-off font-feature-calt-off text-decoration-none text-strikethrough-none\">\u00daltima oportunidad para disfrutar de&#8230;<\/span><\/h2>\n<p class=\"cvGsUA direction-ltr align-start para-style-body\"><span class=\"a_GcMg font-feature-liga-off font-feature-clig-off font-feature-calt-off text-decoration-none text-strikethrough-none\">Los planes que terminan este fin de semana son:<\/span><\/p>\n<ul>\n<li><span class=\"a_GcMg font-feature-liga-off font-feature-clig-off font-feature-calt-off text-decoration-none text-strikethrough-none\"><strong>Madrid On Ice<\/strong> en el Riyadh Air Metropolitano. M\u00e1s info <a href=\"https:\/\/madridonice.com\/\">aqu\u00ed.\u00a0<\/a><\/span><\/li>\n<li><span class=\"a_GcMg font-feature-liga-off font-feature-clig-off font-feature-calt-off text-decoration-none text-strikethrough-none\"><strong>Exposici\u00f3n \u201cLeica. Un siglo de fotograf\u00eda\u201d<\/strong> en el Centro Cultural Fern\u00e1n G\u00f3mez. M\u00e1s info <a href=\"https:\/\/www.teatrofernangomez.es\/actividades\/leica-un-siglo-de-fotografia-1925-2025\">aqu\u00ed.\u00a0<\/a><\/span><\/li>\n<li><span class=\"a_GcMg font-feature-liga-off font-feature-clig-off font-feature-calt-off text-decoration-none text-strikethrough-none\"><strong>Exposici\u00f3n \u201cEcos del arte del Virreinato del Per\u00fa\u201d<\/strong> en la Casa Museo Lope de Vega. M\u00e1s info <a href=\"https:\/\/www.comunidad.madrid\/actividades\/2025\/exposicion-ecos-arte-virreinato-peru\">aqu\u00ed.\u00a0<\/a><\/span><\/li>\n<li><span class=\"a_GcMg font-feature-liga-off font-feature-clig-off font-feature-calt-off text-decoration-none text-strikethrough-none\"><strong>Exposici\u00f3n \u201cNuevos imaginarios\u201d<\/strong> en el Centro Condeduque. M\u00e1s info <a href=\"https:\/\/www.condeduquemadrid.es\/actividades\/nuevos-imaginarios\">aqu\u00ed.\u00a0<\/a><\/span><\/li>\n<\/ul>\n","protected":false},"excerpt":{"rendered":"<p>Nuevo espect\u00e1culo de luces inmersivo en Col\u00f3n, conciertos de Inverfest, rebajas en Plaza R\u00edo 2, planes culturales, de m\u00fasica, danza y teatro.<\/p>\n","protected":false},"author":13,"featured_media":58724,"comment_status":"open","ping_status":"open","sticky":false,"template":"","format":"standard","meta":{"footnotes":""},"categories":[194,119],"tags":[],"class_list":{"0":"post-60826","1":"post","2":"type-post","3":"status-publish","4":"format-standard","5":"has-post-thumbnail","7":"category-planes-del-fin-de-semana-madrid","8":"category-portada"},"_links":{"self":[{"href":"https:\/\/www.vidademadrid.com\/es\/wp-json\/wp\/v2\/posts\/60826","targetHints":{"allow":["GET"]}}],"collection":[{"href":"https:\/\/www.vidademadrid.com\/es\/wp-json\/wp\/v2\/posts"}],"about":[{"href":"https:\/\/www.vidademadrid.com\/es\/wp-json\/wp\/v2\/types\/post"}],"author":[{"embeddable":true,"href":"https:\/\/www.vidademadrid.com\/es\/wp-json\/wp\/v2\/users\/13"}],"replies":[{"embeddable":true,"href":"https:\/\/www.vidademadrid.com\/es\/wp-json\/wp\/v2\/comments?post=60826"}],"version-history":[{"count":3,"href":"https:\/\/www.vidademadrid.com\/es\/wp-json\/wp\/v2\/posts\/60826\/revisions"}],"predecessor-version":[{"id":60829,"href":"https:\/\/www.vidademadrid.com\/es\/wp-json\/wp\/v2\/posts\/60826\/revisions\/60829"}],"wp:featuredmedia":[{"embeddable":true,"href":"https:\/\/www.vidademadrid.com\/es\/wp-json\/wp\/v2\/media\/58724"}],"wp:attachment":[{"href":"https:\/\/www.vidademadrid.com\/es\/wp-json\/wp\/v2\/media?parent=60826"}],"wp:term":[{"taxonomy":"category","embeddable":true,"href":"https:\/\/www.vidademadrid.com\/es\/wp-json\/wp\/v2\/categories?post=60826"},{"taxonomy":"post_tag","embeddable":true,"href":"https:\/\/www.vidademadrid.com\/es\/wp-json\/wp\/v2\/tags?post=60826"}],"curies":[{"name":"wp","href":"https:\/\/api.w.org\/{rel}","templated":true}]}}