{"id":60809,"date":"2026-01-07T02:42:41","date_gmt":"2026-01-07T01:42:41","guid":{"rendered":"https:\/\/www.vidademadrid.com\/es\/?p=60809"},"modified":"2026-01-07T16:49:29","modified_gmt":"2026-01-07T15:49:29","slug":"cierre-linea-6-a-las-23-horas-2026","status":"publish","type":"post","link":"https:\/\/www.vidademadrid.com\/es\/60809\/cierre-linea-6-a-las-23-horas-2026\/","title":{"rendered":"La L6 de Metro finalizar\u00e1 su servicio a las 23 horas a partir de este domingo"},"content":{"rendered":"<p>La\u00a0<strong>L\u00ednea 6 de Metro,\u00a0<\/strong>que volvi\u00f3 a brindar servicio el d\u00eda 20 de diciembre, modificar\u00e1 su horario habitual de servicio de\u00a0<strong>domingo a jueves\u00a0<\/strong>a partir del domingo 11 de enero.<\/p>\n<h2>La L6 modificar\u00e1 su horario y cerrar\u00e1 a las 23 horas<\/h2>\n<p>A partir del <strong>11 d<\/strong><strong>e enero de 2026<\/strong> la\u00a0<strong>l\u00ednea 6 de Metro\u00a0<\/strong>modificar\u00e1 su horario habitual de servicio y cerrar\u00e1 a las\u00a0<strong>23 horas\u00a0<\/strong>de\u00a0<strong>domingo a jueves.\u00a0<\/strong>El cierre se llevar\u00e1 a cabo para facilitar la instalaci\u00f3n de las puertas de and\u00e9n para la automatizaci\u00f3n integral de la l\u00ednea en 2027.<\/p>\n<p>Los\u00a0<strong>viernes y s\u00e1bados\u00a0<\/strong>se mantendr\u00e1 el horario habitual, coincidiendo con los tramos de mayor demanda. Durante este periodo, se activar\u00e1 un servicio gratuito de autobuses que cubrir\u00e1 el tramo de la L6 para garantizar la movilidad de los viajeros.<\/p>\n<h3>Servicio gratuito de autobuses<\/h3>\n<p>Durante este periodo, se activar\u00e1 un servicio gratuito de <strong>autobuses\u00a0<\/strong>que realizar\u00e1n el recorrido en superficie entre las\u00a0<strong>23.00 y la 1.30 horas\u00a0<\/strong>de domingo a jueves.<\/p>\n<h2>Segunda fase de obras de la L6<\/h2>\n<p>La segunda fase de las obras pasa por la instalaci\u00f3n progresiva de las\u00a0<strong>puertas autom\u00e1ticas de and\u00e9n\u00a0<\/strong>a lo largo de los 6,4 kil\u00f3metros de la l\u00ednea &#8216;Circular&#8217;. Se prev\u00e9 que este proceso comience a finales de enero y la primera estaci\u00f3n en la que se colocar\u00e1n estas puertas ser\u00e1 en la estaci\u00f3n de\u00a0<strong>Legazpi.\u00a0<\/strong><\/p>\n<p>Las nuevas puertas autom\u00e1ticas de and\u00e9n ser\u00e1n transparentes y servir\u00e1n para segregar el espacio de espera y la zona de circulaci\u00f3n de los trenes con el objetivo de garantizar la m\u00e1xima seguridad de los viajeros y permitir una velocidad superior de la entrada de los trenes.<\/p>\n<h2>Tercera fase de las obras de la &#8216;Circular&#8217;<\/h2>\n<p>La tercera fase de los trabajos de la L6 comenzar\u00e1 durante los meses de junio o julio con la llegada de los 40 nuevos trenes monotensi\u00f3n de g\u00e1libo ancho y electricidad a 1.500 Vcc.<\/p>\n<p>Se prev\u00e9 que comiencen a circular en fase de pruebas previsiblemente en julio de 2026 y comenzar\u00e1 a transportar pasajeros en 2027.<\/p>\n<p>Los nuevos trenes son de conducci\u00f3n semiautom\u00e1tica, sin cabina de conductor, de moda que en la cabecera habr\u00e1 un cristal panor\u00e1mico por el que los viajeros podr\u00e1n ver las v\u00edas y estaciones. Cada unidad estar\u00e1 compuesta por seis coches y tendr\u00e1 una capacidad de 1.385 pasajeros.<\/p>\n<p>Tambi\u00e9n, pueden llegar a una velocidad superior, con un aumento de 33%, hasta los 110 km\/h de modo que la frecuencia de paso ser\u00e1 cada dos minutos.<\/p>\n<p>&nbsp;<\/p>\n","protected":false},"excerpt":{"rendered":"<p>De domingo a jueves. <\/p>\n","protected":false},"author":15,"featured_media":58416,"comment_status":"open","ping_status":"open","sticky":false,"template":"","format":"standard","meta":{"footnotes":""},"categories":[23],"tags":[],"class_list":{"0":"post-60809","1":"post","2":"type-post","3":"status-publish","4":"format-standard","5":"has-post-thumbnail","7":"category-transportes-huelgas-madrid"},"_links":{"self":[{"href":"https:\/\/www.vidademadrid.com\/es\/wp-json\/wp\/v2\/posts\/60809","targetHints":{"allow":["GET"]}}],"collection":[{"href":"https:\/\/www.vidademadrid.com\/es\/wp-json\/wp\/v2\/posts"}],"about":[{"href":"https:\/\/www.vidademadrid.com\/es\/wp-json\/wp\/v2\/types\/post"}],"author":[{"embeddable":true,"href":"https:\/\/www.vidademadrid.com\/es\/wp-json\/wp\/v2\/users\/15"}],"replies":[{"embeddable":true,"href":"https:\/\/www.vidademadrid.com\/es\/wp-json\/wp\/v2\/comments?post=60809"}],"version-history":[{"count":2,"href":"https:\/\/www.vidademadrid.com\/es\/wp-json\/wp\/v2\/posts\/60809\/revisions"}],"predecessor-version":[{"id":60816,"href":"https:\/\/www.vidademadrid.com\/es\/wp-json\/wp\/v2\/posts\/60809\/revisions\/60816"}],"wp:featuredmedia":[{"embeddable":true,"href":"https:\/\/www.vidademadrid.com\/es\/wp-json\/wp\/v2\/media\/58416"}],"wp:attachment":[{"href":"https:\/\/www.vidademadrid.com\/es\/wp-json\/wp\/v2\/media?parent=60809"}],"wp:term":[{"taxonomy":"category","embeddable":true,"href":"https:\/\/www.vidademadrid.com\/es\/wp-json\/wp\/v2\/categories?post=60809"},{"taxonomy":"post_tag","embeddable":true,"href":"https:\/\/www.vidademadrid.com\/es\/wp-json\/wp\/v2\/tags?post=60809"}],"curies":[{"name":"wp","href":"https:\/\/api.w.org\/{rel}","templated":true}]}}