{"id":60797,"date":"2026-01-02T16:06:42","date_gmt":"2026-01-02T15:06:42","guid":{"rendered":"https:\/\/www.vidademadrid.com\/es\/?p=60797"},"modified":"2026-01-02T18:07:36","modified_gmt":"2026-01-02T17:07:36","slug":"autobuses-gratuitos-8-9-enero-madrid-2026","status":"publish","type":"post","link":"https:\/\/www.vidademadrid.com\/es\/60797\/autobuses-gratuitos-8-9-enero-madrid-2026\/","title":{"rendered":"Los autobuses de la EMT y Bicimad ser\u00e1n gratuitos el 8 y 9 de enero"},"content":{"rendered":"<p>Los autobuses de la EMT ser\u00e1n gratuitos durante 48 horas, los d\u00edas\u00a0<strong>8 y 9 de enero,\u00a0<\/strong>coincidiendo con el regreso a clases tras las vacaciones de Navidad. Te contamos toda la informaci\u00f3n en este art\u00edculo.<\/p>\n<h2>Autobuses gratuitos el 8 y 9 de enero<\/h2>\n<p>Los viajes en los autobuses la EMT volver\u00e1n a ser gratuitos. Los d\u00edas <strong>8 y 9<\/strong><strong> de enero<\/strong>, coincidiendo con el inicio de clases tras las vacaciones de Navidad, ser\u00e1n gratuitos los viajes desde las 00:00 horas del jueves 8 y hasta las 23:59 del viernes 9 de enero.<\/p>\n<p>Como en ediciones anteriores, los viajeros deber\u00e1n validar su t\u00edtulo de transporte; quienes no lo tengan, recibir\u00e1n un billete sencillo sin coste por parte del conductor.<\/p>\n<h2>Bicimad ser\u00e1 gratuito el 8 y 9 de enero<\/h2>\n<div class=\"td-pb-span8 td-main-content\" role=\"main\">\n<div class=\"td-ss-main-content\">\n<article id=\"post-60044\" class=\"post-60044 post type-post status-publish format-standard has-post-thumbnail category-madrid-hoy category-transportes-huelgas-madrid\">\n<div class=\"td-post-content tagdiv-type\">\n<p>El servicio de bicicleta el\u00e9ctrica,\u00a0<strong>Bicimad,\u00a0<\/strong>se suma a las jornadas gratuitas y todos los viajes de hasta 30 minutos de duraci\u00f3n ser\u00e1n gratuitos los d\u00edas\u00a0<strong>8 y 9 de enero.\u00a0<\/strong><\/p>\n<\/div>\n<\/article>\n<\/div>\n<\/div>\n<p>&nbsp;<\/p>\n","protected":false},"excerpt":{"rendered":"<p>Excepto la l\u00ednea Expr\u00e9s Aeropuerto. <\/p>\n","protected":false},"author":15,"featured_media":53990,"comment_status":"open","ping_status":"open","sticky":false,"template":"","format":"standard","meta":{"footnotes":""},"categories":[23],"tags":[],"class_list":{"0":"post-60797","1":"post","2":"type-post","3":"status-publish","4":"format-standard","5":"has-post-thumbnail","7":"category-transportes-huelgas-madrid"},"_links":{"self":[{"href":"https:\/\/www.vidademadrid.com\/es\/wp-json\/wp\/v2\/posts\/60797","targetHints":{"allow":["GET"]}}],"collection":[{"href":"https:\/\/www.vidademadrid.com\/es\/wp-json\/wp\/v2\/posts"}],"about":[{"href":"https:\/\/www.vidademadrid.com\/es\/wp-json\/wp\/v2\/types\/post"}],"author":[{"embeddable":true,"href":"https:\/\/www.vidademadrid.com\/es\/wp-json\/wp\/v2\/users\/15"}],"replies":[{"embeddable":true,"href":"https:\/\/www.vidademadrid.com\/es\/wp-json\/wp\/v2\/comments?post=60797"}],"version-history":[{"count":1,"href":"https:\/\/www.vidademadrid.com\/es\/wp-json\/wp\/v2\/posts\/60797\/revisions"}],"predecessor-version":[{"id":60798,"href":"https:\/\/www.vidademadrid.com\/es\/wp-json\/wp\/v2\/posts\/60797\/revisions\/60798"}],"wp:featuredmedia":[{"embeddable":true,"href":"https:\/\/www.vidademadrid.com\/es\/wp-json\/wp\/v2\/media\/53990"}],"wp:attachment":[{"href":"https:\/\/www.vidademadrid.com\/es\/wp-json\/wp\/v2\/media?parent=60797"}],"wp:term":[{"taxonomy":"category","embeddable":true,"href":"https:\/\/www.vidademadrid.com\/es\/wp-json\/wp\/v2\/categories?post=60797"},{"taxonomy":"post_tag","embeddable":true,"href":"https:\/\/www.vidademadrid.com\/es\/wp-json\/wp\/v2\/tags?post=60797"}],"curies":[{"name":"wp","href":"https:\/\/api.w.org\/{rel}","templated":true}]}}