{"id":60764,"date":"2025-12-26T08:33:00","date_gmt":"2025-12-26T07:33:00","guid":{"rendered":"https:\/\/www.vidademadrid.com\/es\/?p=60764"},"modified":"2025-12-31T16:04:18","modified_gmt":"2025-12-31T15:04:18","slug":"cabalgata-reyes-hortaleza-2026-fecha-hora-recorrido","status":"publish","type":"post","link":"https:\/\/www.vidademadrid.com\/es\/60764\/cabalgata-reyes-hortaleza-2026-fecha-hora-recorrido\/","title":{"rendered":"Cabalgata de Reyes de Hortaleza 2026: fecha, hora y recorrido"},"content":{"rendered":"<p>Los\u00a0<strong>Reyes Magos\u00a0<\/strong>recorrer\u00e1n el distrito de <strong>Hortaleza<\/strong><strong>\u00a0<\/strong>este 2026 para que peque\u00f1os y mayores disfruten la Cabalgata. Te contamos toda la informaci\u00f3n en este art\u00edculo.<\/p>\n<h2>Cabalgata de Reyes de Hortaleza 2026<\/h2>\n<p>La\u00a0<strong>Cabalgata de Reyes en Hortaleza\u00a0<\/strong>ser\u00e1 los d\u00edas\u00a0<strong>2 y 3 de enero de 2026\u00a0<\/strong>a las\u00a0<strong>18 horas.\u00a0<\/strong><\/p>\n<p>Una de ellas recorrer\u00e1\u00a0<strong>Valdebebas\u00a0<\/strong>y la otra\u00a0<strong>Sanchinarro.\u00a0<\/strong><\/p>\n<p>El\u00a0<strong>d\u00eda 5 de enero,\u00a0<\/strong>la tradicional\u00a0<strong>Cabalgata Participativa\u00a0<\/strong>recorrer\u00e1 las calles del distrito a las\u00a0<strong>18 horas.\u00a0<\/strong><\/p>\n<h3>Cabalgata de Valdebebas<\/h3>\n<p>La\u00a0<strong>Cabalgata de Valdebebas\u00a0<\/strong>ser\u00e1 el\u00a0<strong>2 de enero a las 18 horas.\u00a0<\/strong><\/p>\n<p>El recorrido iniciar\u00e1 en la cabalgada en Avenida de Secundino Zuazo, frente al Colegio Alfredo di Stefano, continuar\u00e1 hasta la calle de Mar\u00eda de las Mercedes de Borb\u00f3n, girar\u00e1 a la derecha hasta la calle de F\u00e9lix Candela y continuar\u00e1 hasta la calle de C\u00e9sar Cort Bot\u00ed. Volver\u00e1 a girar en la Avenida de Secundino Zuazuo hasta llegar frente al Colegio Alfredo di Stefano.<\/p>\n<h3>Cabalgata de Sanchinarro<\/h3>\n<p>La\u00a0<strong>Cabalgata de Sanchinarro\u00a0<\/strong>ser\u00e1 el\u00a0<strong>3 de enero a las 18 horas.\u00a0<\/strong><\/p>\n<p>El recorrido ser\u00e1 el siguiente: Salida desde Centro Cultural Sanchinarro hacia Plaza del Alcalde Moreno Torres, girar\u00e1 a la derecha en direcci\u00f3n Avenida de Francisco Pi y Margall. Subir\u00e1 por la Avenida de Francisco Pi y Margall, en direcci\u00f3n a carretera nacional A1. Girar\u00e1 a la derecha en calle de Mar\u00eda Tudor y despu\u00e9s volver\u00e1 a girar en direcci\u00f3n calle del Pr\u00edncipe Carlos. Girar\u00e1 a la derecha en avenida del Ingeniero Emilio Herrera y terminar\u00e1 en el Centro Cultural Sanchinarro.<\/p>\n<h3>Cabalgata Participativa de Hortaleza<\/h3>\n<p>El\u00a0<strong>5 de enero a las 18 horas\u00a0<\/strong>ser\u00e1 la tradicional <strong>Cabalgata Participativa de Hortaleza,\u00a0<\/strong>organizada por colectivos y el vecindario del barrio de Hortaleza.<\/p>\n<p>El recorrido ser\u00e1 el siguiente: salida de la Plaza Santos de la Humosa, calle del Mar Caspio, calle Mar de las Antillas, calle de Santa Adela, calle de Santa Susana, calle de Santa Virgilia, Avenida de Barranquilla, Glorieta Charal\u00e1, Parque Alfredo Kraus, Calle Mar Adri\u00e1tico, Glorieta Mar de Cristal, calle Emigrantes, rotonda Calle Emigrantes con la Carretera de Canillas y calle Mota del Cuervo.<\/p>\n","protected":false},"excerpt":{"rendered":"<p>Ser\u00e1n el 2 y 3 de enero. <\/p>\n","protected":false},"author":15,"featured_media":54269,"comment_status":"open","ping_status":"open","sticky":false,"template":"","format":"standard","meta":{"footnotes":""},"categories":[11],"tags":[],"class_list":{"0":"post-60764","1":"post","2":"type-post","3":"status-publish","4":"format-standard","5":"has-post-thumbnail","7":"category-eventos-madrid"},"_links":{"self":[{"href":"https:\/\/www.vidademadrid.com\/es\/wp-json\/wp\/v2\/posts\/60764","targetHints":{"allow":["GET"]}}],"collection":[{"href":"https:\/\/www.vidademadrid.com\/es\/wp-json\/wp\/v2\/posts"}],"about":[{"href":"https:\/\/www.vidademadrid.com\/es\/wp-json\/wp\/v2\/types\/post"}],"author":[{"embeddable":true,"href":"https:\/\/www.vidademadrid.com\/es\/wp-json\/wp\/v2\/users\/15"}],"replies":[{"embeddable":true,"href":"https:\/\/www.vidademadrid.com\/es\/wp-json\/wp\/v2\/comments?post=60764"}],"version-history":[{"count":2,"href":"https:\/\/www.vidademadrid.com\/es\/wp-json\/wp\/v2\/posts\/60764\/revisions"}],"predecessor-version":[{"id":60791,"href":"https:\/\/www.vidademadrid.com\/es\/wp-json\/wp\/v2\/posts\/60764\/revisions\/60791"}],"wp:featuredmedia":[{"embeddable":true,"href":"https:\/\/www.vidademadrid.com\/es\/wp-json\/wp\/v2\/media\/54269"}],"wp:attachment":[{"href":"https:\/\/www.vidademadrid.com\/es\/wp-json\/wp\/v2\/media?parent=60764"}],"wp:term":[{"taxonomy":"category","embeddable":true,"href":"https:\/\/www.vidademadrid.com\/es\/wp-json\/wp\/v2\/categories?post=60764"},{"taxonomy":"post_tag","embeddable":true,"href":"https:\/\/www.vidademadrid.com\/es\/wp-json\/wp\/v2\/tags?post=60764"}],"curies":[{"name":"wp","href":"https:\/\/api.w.org\/{rel}","templated":true}]}}