{"id":60732,"date":"2025-12-12T13:30:45","date_gmt":"2025-12-12T12:30:45","guid":{"rendered":"https:\/\/www.vidademadrid.com\/es\/?p=60732"},"modified":"2025-12-12T13:30:48","modified_gmt":"2025-12-12T12:30:48","slug":"ampliacion-servicio-estacionamiento-regulado-nuevos-distritos-2025","status":"publish","type":"post","link":"https:\/\/www.vidademadrid.com\/es\/60732\/ampliacion-servicio-estacionamiento-regulado-nuevos-distritos-2025\/","title":{"rendered":"Madrid ampliar\u00e1 el horario y los d\u00edas de estacionamiento regulado y llegar\u00e1 a dos nuevos distritos"},"content":{"rendered":"<p>La\u00a0<strong>Junta de Gobierno\u00a0<\/strong>del\u00a0<strong>Ayuntamiento de Madrid\u00a0<\/strong>ha anunciado la modificaci\u00f3n de la Ordenanza de Movilidad Sostenible. Una de las medidas que se modificar\u00e1n ser\u00e1 el Servicio de Estacionamiento Regulado (SER) y se ampliar\u00e1 el horario y los d\u00edas de aplicaci\u00f3n en zonas con\u00a0<strong>gran demanda de aparcamiento.\u00a0<\/strong><\/p>\n<h2>Cambios en el estacionamiento regulado: m\u00e1s horas y dos nuevos distritos<\/h2>\n<p>El Ayuntamiento de Madrid ha dado a conocer la posibilidad de ampliar el horario y los d\u00edas de aplicaci\u00f3n en zonas con gran demanda de aparcamiento. Este tipo de zonas ser\u00e1n \u00e1reas con una elevada demanda por concentrar \u00abintensa actividad comercial, cultural, deportiva, tur\u00edstica y de ocio\u00bb.<\/p>\n<p>La Junta de Gobierno podr\u00e1 acordar un horario extendido m\u00e1s all\u00e1 de las\u00a0<strong>21 horas de lunes a viernes laborables\u00a0<\/strong>y desde los 15 horas los\u00a0<strong>s\u00e1bados, domingos y festivos.\u00a0<\/strong>Este horario se mantendr\u00e1 mientras subsiste la situaci\u00f3n de alta demanda de estacionamiento.<\/p>\n<p>Esta medida pretende garantizar la disponibilidad de aparcamiento para residentes con la necesario rotaci\u00f3n en la v\u00eda p\u00fablica.<\/p>\n<h2>Ampliaci\u00f3n del SER: llega a dos nuevos distritos<\/h2>\n<p>El Servicio de Estacionamiento Regulado se ampliar\u00e1 a 22 barrios, 17 nuevos, de siete distritos. Por primera vez habr\u00e1 parqu\u00edmetros en\u00a0<strong>Puente de Vallecas y Moratalaz.\u00a0<\/strong><\/p>\n<p>La ampliaci\u00f3n se llevar\u00e1 a cabo de forma gradual, siempre que haya acuerdo favorable de la Junta de Distrito, previa consulta a vecinos y asociaciones.<\/p>\n<p class=\"\">Antes del 31 de diciembre de 2035, continuar\u00e1 la expansi\u00f3n para las nuevas \u00e1reas incluidas en el proyecto que se aprueba este jueves hasta sumar 66.120 nuevas plazas en Valverde (Fuencarral-El Pardo); Lucero, Aluche, Los C\u00e1rmenes y Puerta del \u00c1ngel (Latina); Puerta Bonita, Abrantes, San Isidro, Opa\u00f1el y Vista Alegre (Carabanchel); Zof\u00edo y Orcasur (Usera); Pueblo Nuevo, Quintana, Concepci\u00f3n (Ciudad Lineal); Marroquina, Fontarr\u00f3n, Vinateros y Media Legua (Moratalaz); y San Diego, Palomeras Bajas y Numancia (Puente de Vallecas).<\/p>\n<p>&nbsp;<\/p>\n<p>&nbsp;<\/p>\n","protected":false},"excerpt":{"rendered":"<p>Los nuevos distritos a los que llegar\u00e1 son Moratalaz y Puente de Vallecas. <\/p>\n","protected":false},"author":15,"featured_media":60733,"comment_status":"open","ping_status":"open","sticky":false,"template":"","format":"standard","meta":{"footnotes":""},"categories":[12],"tags":[],"class_list":{"0":"post-60732","1":"post","2":"type-post","3":"status-publish","4":"format-standard","5":"has-post-thumbnail","7":"category-actualidad-noticias-madrid"},"_links":{"self":[{"href":"https:\/\/www.vidademadrid.com\/es\/wp-json\/wp\/v2\/posts\/60732","targetHints":{"allow":["GET"]}}],"collection":[{"href":"https:\/\/www.vidademadrid.com\/es\/wp-json\/wp\/v2\/posts"}],"about":[{"href":"https:\/\/www.vidademadrid.com\/es\/wp-json\/wp\/v2\/types\/post"}],"author":[{"embeddable":true,"href":"https:\/\/www.vidademadrid.com\/es\/wp-json\/wp\/v2\/users\/15"}],"replies":[{"embeddable":true,"href":"https:\/\/www.vidademadrid.com\/es\/wp-json\/wp\/v2\/comments?post=60732"}],"version-history":[{"count":1,"href":"https:\/\/www.vidademadrid.com\/es\/wp-json\/wp\/v2\/posts\/60732\/revisions"}],"predecessor-version":[{"id":60734,"href":"https:\/\/www.vidademadrid.com\/es\/wp-json\/wp\/v2\/posts\/60732\/revisions\/60734"}],"wp:featuredmedia":[{"embeddable":true,"href":"https:\/\/www.vidademadrid.com\/es\/wp-json\/wp\/v2\/media\/60733"}],"wp:attachment":[{"href":"https:\/\/www.vidademadrid.com\/es\/wp-json\/wp\/v2\/media?parent=60732"}],"wp:term":[{"taxonomy":"category","embeddable":true,"href":"https:\/\/www.vidademadrid.com\/es\/wp-json\/wp\/v2\/categories?post=60732"},{"taxonomy":"post_tag","embeddable":true,"href":"https:\/\/www.vidademadrid.com\/es\/wp-json\/wp\/v2\/tags?post=60732"}],"curies":[{"name":"wp","href":"https:\/\/api.w.org\/{rel}","templated":true}]}}