{"id":60705,"date":"2025-12-10T11:09:46","date_gmt":"2025-12-10T10:09:46","guid":{"rendered":"https:\/\/www.vidademadrid.com\/es\/?p=60705"},"modified":"2025-12-10T11:09:48","modified_gmt":"2025-12-10T10:09:48","slug":"nueva-estacion-linea-10-metro-de-madrid","status":"publish","type":"post","link":"https:\/\/www.vidademadrid.com\/es\/60705\/nueva-estacion-linea-10-metro-de-madrid\/","title":{"rendered":"La l\u00ednea 10 de Metro de Madrid tendr\u00e1 una nueva estaci\u00f3n"},"content":{"rendered":"<p>La\u00a0<strong>Comunidad de Madrid\u00a0<\/strong>ha anunciado que\u00a0la\u00a0<strong>l\u00ednea 10\u00a0<\/strong>de\u00a0<strong>Metro de Madrid\u00a0<\/strong>tendr\u00e1 una nueva estaci\u00f3n que se ubicar\u00e1 entre\u00a0<strong>Colonia Jard\u00edn y Aviaci\u00f3n Espa\u00f1ola. <\/strong>Te contamos toda la informaci\u00f3n en este art\u00edculo.<\/p>\n<h2>La l\u00ednea 10 de Metro tendr\u00e1 una nueva estaci\u00f3n<\/h2>\n<p>La presidenta de la Comunidad de Madrid, Isabel D\u00edaz Ayuso, ha anunciado que el Gobierno regional iniciar\u00e1 tr\u00e1mites para\u00a0<strong>construir una nueva estaci\u00f3n de Metro\u00a0<\/strong>en superficie de la\u00a0<strong>l\u00ednea 10\u00a0<\/strong>para dar servicio al desarrollo urban\u00edstico de la Operaci\u00f3n Campamento.<\/p>\n<p>El Consejo de Gobierno redactar\u00e1 el proyecto, que tendr\u00e1 un\u00a0<strong>plazo de ejecuci\u00f3n de 24 meses,\u00a0<\/strong>destinado a mejorar la movilidad de los futuros residentes de esta zona.<\/p>\n<p>La\u00a0<strong>l\u00ednea 10\u00a0<\/strong>incorporar\u00e1 una nueva parada en superficie, situada entre Colonia Jard\u00edn y Aviaci\u00f3n Espa\u00f1ola. Ser\u00e1 la 32\u00b0 estaci\u00f3n de la l\u00ednea.<\/p>\n","protected":false},"excerpt":{"rendered":"<p>Se ubicar\u00e1 entre Colonia Jard\u00edn y Aviaci\u00f3n Espa\u00f1ola. <\/p>\n","protected":false},"author":15,"featured_media":46890,"comment_status":"open","ping_status":"open","sticky":false,"template":"","format":"standard","meta":{"footnotes":""},"categories":[23],"tags":[],"class_list":{"0":"post-60705","1":"post","2":"type-post","3":"status-publish","4":"format-standard","5":"has-post-thumbnail","7":"category-transportes-huelgas-madrid"},"_links":{"self":[{"href":"https:\/\/www.vidademadrid.com\/es\/wp-json\/wp\/v2\/posts\/60705","targetHints":{"allow":["GET"]}}],"collection":[{"href":"https:\/\/www.vidademadrid.com\/es\/wp-json\/wp\/v2\/posts"}],"about":[{"href":"https:\/\/www.vidademadrid.com\/es\/wp-json\/wp\/v2\/types\/post"}],"author":[{"embeddable":true,"href":"https:\/\/www.vidademadrid.com\/es\/wp-json\/wp\/v2\/users\/15"}],"replies":[{"embeddable":true,"href":"https:\/\/www.vidademadrid.com\/es\/wp-json\/wp\/v2\/comments?post=60705"}],"version-history":[{"count":1,"href":"https:\/\/www.vidademadrid.com\/es\/wp-json\/wp\/v2\/posts\/60705\/revisions"}],"predecessor-version":[{"id":60706,"href":"https:\/\/www.vidademadrid.com\/es\/wp-json\/wp\/v2\/posts\/60705\/revisions\/60706"}],"wp:featuredmedia":[{"embeddable":true,"href":"https:\/\/www.vidademadrid.com\/es\/wp-json\/wp\/v2\/media\/46890"}],"wp:attachment":[{"href":"https:\/\/www.vidademadrid.com\/es\/wp-json\/wp\/v2\/media?parent=60705"}],"wp:term":[{"taxonomy":"category","embeddable":true,"href":"https:\/\/www.vidademadrid.com\/es\/wp-json\/wp\/v2\/categories?post=60705"},{"taxonomy":"post_tag","embeddable":true,"href":"https:\/\/www.vidademadrid.com\/es\/wp-json\/wp\/v2\/tags?post=60705"}],"curies":[{"name":"wp","href":"https:\/\/api.w.org\/{rel}","templated":true}]}}