{"id":60679,"date":"2025-12-05T15:55:16","date_gmt":"2025-12-05T14:55:16","guid":{"rendered":"https:\/\/www.vidademadrid.com\/es\/?p=60679"},"modified":"2025-12-05T15:56:30","modified_gmt":"2025-12-05T14:56:30","slug":"matadero-madrid-navidad-2025-programa-nieve-conciertos-talleres-narraciones","status":"publish","type":"post","link":"https:\/\/www.vidademadrid.com\/es\/60679\/matadero-madrid-navidad-2025-programa-nieve-conciertos-talleres-narraciones\/","title":{"rendered":"Matadero Madrid en Navidad 2025: nieve, conciertos, talleres y cine. Programaci\u00f3n completa d\u00eda a d\u00eda"},"content":{"rendered":"<p data-path-to-node=\"3\">Matadero Madrid vuelve a ser el gran protagonista de la Navidad con una programaci\u00f3n inmensa bajo el lema <b>\u00abMadrid, Navidad de encuentro\u00bb<\/b>. Este a\u00f1o, el centro cultural de Legazpi apuesta fuerte por la literatura y la palabra, pero el gran atractivo visual volver\u00e1 a ser la <b>nieve<\/b>.<\/p>\n<p data-path-to-node=\"4\">Si buscas un plan completo que mezcle espect\u00e1culos visuales, talleres para ni\u00f1os, cuentacuentos y buena m\u00fasica, aqu\u00ed tienes la gu\u00eda definitiva para no perderte nada.<\/p>\n<h2 data-path-to-node=\"5\">La nieve en Plaza Matadero: Horarios y fechas<\/h2>\n<p data-path-to-node=\"6\">Es la experiencia estrella de la programaci\u00f3n. Gracias a un sistema de nieve artificial, la plaza central se ti\u00f1e de blanco cada tarde, permitiendo disfrutar de una estampa invernal m\u00e1gica sin salir de la ciudad.<\/p>\n<ul data-path-to-node=\"7\">\n<li>\n<p data-path-to-node=\"7,0,0\"><b>Fechas:<\/b> Del 20 de diciembre al 4 de enero (excepto 24, 25, 31 de diciembre y 1 de enero).<\/p>\n<\/li>\n<li>\n<p data-path-to-node=\"7,1,0\"><b>Horario:<\/b> De <b>18:00 a 20:00 h<\/b>. Se realizan varios pases cada 15 minutos.<\/p>\n<\/li>\n<li>\n<p data-path-to-node=\"7,2,0\"><b>Precio:<\/b> Gratuito.<\/p>\n<\/li>\n<\/ul>\n<h2 data-path-to-node=\"8\">Instalaciones fijas (20 dic &#8211; 4 ene)<\/h2>\n<p data-path-to-node=\"9\"><i>Actividades disponibles todas las tardes en la Plaza Matadero y aleda\u00f1os.<\/i><\/p>\n<ul data-path-to-node=\"10\">\n<li>\n<p data-path-to-node=\"10,0,0\"><b>Pista de Hielo:<\/b> De 600 m\u00b2. <i>Entrada: 6,50 \u20ac.<\/i><\/p>\n<\/li>\n<li>\n<p data-path-to-node=\"10,1,0\"><b>El Caf\u00e9 del Sombrerero Loco (C\u00eda. Picto Facto):<\/b> Instalaci\u00f3n visual llena de color y fantas\u00eda.<\/p>\n<\/li>\n<li>\n<p data-path-to-node=\"10,2,0\"><b>Zona de juegos (L&#8217;Atelier y Los amigos de Crus\u00f3):<\/b> Espacios con aut\u00f3matas de madera de la C\u00eda. Toc de Fusta.<\/p>\n<\/li>\n<li>\n<p data-path-to-node=\"10,3,0\"><b>Microshakespeare:<\/b> Teatro en miniatura detr\u00e1s de unas cajas.<\/p>\n<\/li>\n<li>\n<p data-path-to-node=\"10,4,0\"><b>Cuento de Navidad (encapsulando a Dickens):<\/b> Micro-espect\u00e1culos inmersivos con pases continuos.<\/p>\n<\/li>\n<\/ul>\n<h2 data-path-to-node=\"11\">Agenda completa por d\u00edas<\/h2>\n<p data-path-to-node=\"12\">A continuaci\u00f3n, el desglose cronol\u00f3gico con <b>todos los conciertos, cine, talleres creativos y las narraciones orales<\/b> de la Nave Una (Espacio de la Palabra).<\/p>\n<h3 data-path-to-node=\"13\">S\u00e1bado 20 de diciembre (Gran Apertura)<\/h3>\n<ul data-path-to-node=\"14\">\n<li>\n<p data-path-to-node=\"14,0,0\"><b>11:30 h:<\/b> Taller \u00abFactor\u00eda de tarjetas navide\u00f1as\u00bb (Casa del Lector).<\/p>\n<\/li>\n<li>\n<p data-path-to-node=\"14,1,0\"><b>11:30 y 16:30 h:<\/b> Taller \u00abBolas de Navidad literarias\u00bb (Aulario).<\/p>\n<\/li>\n<li>\n<p data-path-to-node=\"14,2,0\"><b>12:00 h:<\/b> <b>Narraci\u00f3n oral:<\/b> <i>\u00abEl pueblo peque\u00f1o\u00bb<\/i> (Nave Una). Cuentos de Eugenia Manzanera.<\/p>\n<\/li>\n<li>\n<p data-path-to-node=\"14,3,0\"><b>13:00 h:<\/b> <b>Concierto: Coro Las Veredas<\/b>. Voces blancas con villancicos.<\/p>\n<\/li>\n<li>\n<p data-path-to-node=\"14,4,0\"><b>16:30 h:<\/b> Danza \u00abUn viaje por la historia bailada\u00bb (Casa del Lector).<\/p>\n<\/li>\n<li>\n<p data-path-to-node=\"14,5,0\"><b>18:30 h:<\/b> <b>Concierto: SP Big Band<\/b>. Jazz y swing navide\u00f1o.<\/p>\n<\/li>\n<li>\n<p data-path-to-node=\"14,6,0\"><b>19:00 h:<\/b> <b>Narraci\u00f3n oral:<\/b> <i>\u00abRECORDIS, volver al coraz\u00f3n\u00bb<\/i> (Nave Una). Con Marta Marco.<\/p>\n<\/li>\n<li>\n<p data-path-to-node=\"14,7,0\"><b>20:00 h:<\/b> Cine: <i>El bazar de las sorpresas<\/i> (Cineteca).<\/p>\n<\/li>\n<\/ul>\n<h3 data-path-to-node=\"15\">Domingo 21 de diciembre<\/h3>\n<ul data-path-to-node=\"16\">\n<li>\n<p data-path-to-node=\"16,0,0\"><b>11:30 y 16:30 h:<\/b> Talleres de Navidad (Bolas y Tarjetas) en el Aulario y Casa del Lector.<\/p>\n<\/li>\n<li>\n<p data-path-to-node=\"16,1,0\"><b>12:30 h:<\/b> <b>Concierto familiar: Dr. Sapo<\/b>.<\/p>\n<\/li>\n<li>\n<p data-path-to-node=\"16,2,0\"><b>17:30 h:<\/b> <b>Concierto: SP Big Band<\/b> (Segundo pase).<\/p>\n<\/li>\n<li>\n<p data-path-to-node=\"16,3,0\"><b>20:00 h:<\/b> Cine: <i>El Resplandor<\/i> (Cineteca).<\/p>\n<\/li>\n<\/ul>\n<h3 data-path-to-node=\"17\">Lunes 22 de diciembre<\/h3>\n<ul data-path-to-node=\"18\">\n<li>\n<p data-path-to-node=\"18,0,0\"><b>11:30 h:<\/b> Talleres creativos en el Aulario.<\/p>\n<\/li>\n<li>\n<p data-path-to-node=\"18,1,0\"><b>18:00 h:<\/b> M\u00fasica itinerante: Swing Engine Street Sextet.<\/p>\n<\/li>\n<li>\n<p data-path-to-node=\"18,2,0\"><b>18:30 h:<\/b> <b>Concierto: Spin Gospel<\/b>. Potencia vocal en el escenario principal.<\/p>\n<\/li>\n<\/ul>\n<h3 data-path-to-node=\"19\">Martes 23 de diciembre<\/h3>\n<ul data-path-to-node=\"20\">\n<li>\n<p data-path-to-node=\"20,0,0\"><b>11:30 h:<\/b> Talleres creativos en el Aulario.<\/p>\n<\/li>\n<li>\n<p data-path-to-node=\"20,1,0\"><b>18:00 h:<\/b> M\u00fasica itinerante: Swing Engine Street Sextet.<\/p>\n<\/li>\n<li>\n<p data-path-to-node=\"20,2,0\"><b>18:30 h:<\/b> <b>Concierto: Roni Di Capo<\/b>. Rock y soul retro.<\/p>\n<\/li>\n<li>\n<p data-path-to-node=\"20,3,0\"><b>20:30 h:<\/b> Cine: <i>\u00a1Qu\u00e9 bello es vivir!<\/i> (Cineteca).<\/p>\n<\/li>\n<\/ul>\n<h3 data-path-to-node=\"21\">Viernes 26 de diciembre<\/h3>\n<ul data-path-to-node=\"22\">\n<li>\n<p data-path-to-node=\"22,0,0\"><b>11:30 y 16:30 h:<\/b> Talleres de Navidad en espacios interiores (Aulario).<\/p>\n<\/li>\n<li>\n<p data-path-to-node=\"22,1,0\"><b>13:00 h:<\/b> <b>Concierto: Music in Action<\/b>.<\/p>\n<\/li>\n<li>\n<p data-path-to-node=\"22,2,0\"><b>18:30 h:<\/b> <b>Concierto: Luli Bono<\/b>. Soul y R&amp;B.<\/p>\n<\/li>\n<li>\n<p data-path-to-node=\"22,3,0\"><b>20:00 h:<\/b> Cine: <i>De ilusi\u00f3n tambi\u00e9n se vive<\/i> (Cineteca).<\/p>\n<\/li>\n<\/ul>\n<h3 data-path-to-node=\"23\">S\u00e1bado 27 de diciembre<\/h3>\n<ul data-path-to-node=\"24\">\n<li>\n<p data-path-to-node=\"24,0,0\"><b>11:30 y 16:30 h:<\/b> Talleres creativos en Aulario y Casa del Lector.<\/p>\n<\/li>\n<li>\n<p data-path-to-node=\"24,1,0\"><b>12:00 h:<\/b> <b>Narraci\u00f3n oral:<\/b> <i>\u00abLas tres Reinas Magas\u00bb<\/i> (Nave Una). Una historia de Gloria Fuertes.<\/p>\n<\/li>\n<li>\n<p data-path-to-node=\"24,2,0\"><b>18:30 h:<\/b> <b>Concierto: Soulift<\/b>. Soul y funk.<\/p>\n<\/li>\n<li>\n<p data-path-to-node=\"24,3,0\"><b>20:00 h:<\/b> Cine: <i>Jungla de Cristal<\/i> (Cineteca).<\/p>\n<\/li>\n<\/ul>\n<h3 data-path-to-node=\"25\">Domingo 28 de diciembre<\/h3>\n<ul data-path-to-node=\"26\">\n<li>\n<p data-path-to-node=\"26,0,0\"><b>11:30 y 16:30 h:<\/b> Talleres creativos.<\/p>\n<\/li>\n<li>\n<p data-path-to-node=\"26,1,0\"><b>12:00 h:<\/b> <b>Narraci\u00f3n oral:<\/b> <i>\u00abPadre escarcha\u00bb<\/i> (Nave Una). Cuentos de invierno con Aldo M\u00e9ndez.<\/p>\n<\/li>\n<li>\n<p data-path-to-node=\"26,2,0\"><b>12:30 y 17:30 h:<\/b> <b>DJ Set: El Cuerpo del Disco<\/b>. Baile en la plaza.<\/p>\n<\/li>\n<li>\n<p data-path-to-node=\"26,3,0\"><b>20:00 h:<\/b> Cine: <i>El Gran Hotel Budapest<\/i> (Cineteca).<\/p>\n<\/li>\n<\/ul>\n<h3 data-path-to-node=\"27\">Lunes 29 de diciembre<\/h3>\n<ul data-path-to-node=\"28\">\n<li>\n<p data-path-to-node=\"28,0,0\"><b>11:30 h:<\/b> Talleres creativos en el Aulario.<\/p>\n<\/li>\n<li>\n<p data-path-to-node=\"28,1,0\"><b>13:00 h:<\/b> <b>Concierto: Dubbi Kids<\/b>.<\/p>\n<\/li>\n<li>\n<p data-path-to-node=\"28,2,0\"><b>18:30 h:<\/b> <b>Concierto: Tr\u00edo Bravo<\/b>. Jazz instrumental.<\/p>\n<\/li>\n<\/ul>\n<h3 data-path-to-node=\"29\">Martes 30 de diciembre<\/h3>\n<ul data-path-to-node=\"30\">\n<li>\n<p data-path-to-node=\"30,0,0\"><b>11:30 h:<\/b> Talleres creativos en el Aulario.<\/p>\n<\/li>\n<li>\n<p data-path-to-node=\"30,1,0\"><b>13:00 h:<\/b> <b>Concierto: Dubbi Kids<\/b> (Segundo pase).<\/p>\n<\/li>\n<li>\n<p data-path-to-node=\"30,2,0\"><b>18:30 h:<\/b> <b>Concierto: Los Chocolatinos<\/b>. Ritmos latinos.<\/p>\n<\/li>\n<li>\n<p data-path-to-node=\"30,3,0\"><b>20:00 h:<\/b> Cine: <i>Dublineses (Los muertos)<\/i> (Cineteca).<\/p>\n<\/li>\n<\/ul>\n<h3 data-path-to-node=\"31\">Viernes 2 de enero<\/h3>\n<ul data-path-to-node=\"32\">\n<li>\n<p data-path-to-node=\"32,0,0\"><b>11:30 y 16:30 h:<\/b> Talleres de Navidad (\u00faltimos d\u00edas).<\/p>\n<\/li>\n<li>\n<p data-path-to-node=\"32,1,0\"><b>13:00 h:<\/b> <b>Concierto: Caracolino<\/b>.<\/p>\n<\/li>\n<li>\n<p data-path-to-node=\"32,2,0\"><b>18:30 h:<\/b> <b>Concierto: Del Toro Blues Band<\/b>.<\/p>\n<\/li>\n<li>\n<p data-path-to-node=\"32,3,0\"><b>20:00 h:<\/b> Cine: <i>Tres padrinos<\/i> (Cineteca).<\/p>\n<\/li>\n<\/ul>\n<h3 data-path-to-node=\"33\">S\u00e1bado 3 de enero<\/h3>\n<ul data-path-to-node=\"34\">\n<li>\n<p data-path-to-node=\"34,0,0\"><b>11:30 y 16:30 h:<\/b> Talleres creativos en el Aulario.<\/p>\n<\/li>\n<li>\n<p data-path-to-node=\"34,1,0\"><b>13:00 h:<\/b> <b>Concierto: Gloria Fuertes por la Fant\u00e1stica Banda<\/b>.<\/p>\n<\/li>\n<li>\n<p data-path-to-node=\"34,2,0\"><b>18:30 h:<\/b> <b>Concierto: Combo Batanga<\/b>. Latin funk y ritmos afro-cubanos.<\/p>\n<\/li>\n<li>\n<p data-path-to-node=\"34,3,0\"><b>20:00 h:<\/b> <b>Narraci\u00f3n oral:<\/b> <i>\u00abCl\u00e1sicos que saben y huelen a Navidad\u00bb<\/i> (Nave Una). Con Victoria Siedlecki.<\/p>\n<\/li>\n<\/ul>\n<h3 data-path-to-node=\"35\">Domingo 4 de enero (Gran Cierre)<\/h3>\n<ul data-path-to-node=\"36\">\n<li>\n<p data-path-to-node=\"36,0,0\"><b>11:30 h:<\/b> \u00daltimos talleres creativos.<\/p>\n<\/li>\n<li>\n<p data-path-to-node=\"36,1,0\"><b>13:00 h:<\/b> <b>Espect\u00e1culo: Isla Mandarina (C\u00eda. Tentolera)<\/b>. Circo contempor\u00e1neo y acrobacias.<\/p>\n<\/li>\n<li>\n<p data-path-to-node=\"36,2,0\"><b>18:30 h:<\/b> <b>Concierto: The Groove Family<\/b>. Soul y funk para despedir las fiestas.<\/p>\n<\/li>\n<\/ul>\n<h2 data-path-to-node=\"37\">Informaci\u00f3n pr\u00e1ctica<\/h2>\n<ul data-path-to-node=\"38\">\n<li>\n<p data-path-to-node=\"38,0,0\"><b>Lugar:<\/b> Matadero Madrid (Plaza de Legazpi, 8).<\/p>\n<\/li>\n<li>\n<p data-path-to-node=\"38,1,0\"><b>Entrada:<\/b> El acceso a la Plaza, la nieve, los conciertos, los talleres y las narraciones orales es <b>gratuito<\/b> hasta completar aforo.<\/p>\n<\/li>\n<li>\n<p data-path-to-node=\"38,2,0\"><b>Importante:<\/b> Para las <b>narraciones orales<\/b> (Nave Una) y los <b>talleres<\/b> (Aulario\/Casa del Lector), el aforo es limitado y se recomienda acudir con antelaci\u00f3n y la reserva previa de pases (el mismo d\u00eda).<\/p>\n<\/li>\n<li>\n<p data-path-to-node=\"38,3,0\"><b>Transporte:<\/b> Metro Legazpi (L\u00ednea 3).<\/p>\n<\/li>\n<\/ul>\n","protected":false},"excerpt":{"rendered":"<p>Gu\u00eda con horarios de todas las actividades<\/p>\n","protected":false},"author":1,"featured_media":60680,"comment_status":"open","ping_status":"open","sticky":false,"template":"","format":"standard","meta":{"footnotes":""},"categories":[22,195],"tags":[],"class_list":{"0":"post-60679","1":"post","2":"type-post","3":"status-publish","4":"format-standard","5":"has-post-thumbnail","7":"category-conciertos-madrid","8":"category-cultura"},"_links":{"self":[{"href":"https:\/\/www.vidademadrid.com\/es\/wp-json\/wp\/v2\/posts\/60679","targetHints":{"allow":["GET"]}}],"collection":[{"href":"https:\/\/www.vidademadrid.com\/es\/wp-json\/wp\/v2\/posts"}],"about":[{"href":"https:\/\/www.vidademadrid.com\/es\/wp-json\/wp\/v2\/types\/post"}],"author":[{"embeddable":true,"href":"https:\/\/www.vidademadrid.com\/es\/wp-json\/wp\/v2\/users\/1"}],"replies":[{"embeddable":true,"href":"https:\/\/www.vidademadrid.com\/es\/wp-json\/wp\/v2\/comments?post=60679"}],"version-history":[{"count":3,"href":"https:\/\/www.vidademadrid.com\/es\/wp-json\/wp\/v2\/posts\/60679\/revisions"}],"predecessor-version":[{"id":60683,"href":"https:\/\/www.vidademadrid.com\/es\/wp-json\/wp\/v2\/posts\/60679\/revisions\/60683"}],"wp:featuredmedia":[{"embeddable":true,"href":"https:\/\/www.vidademadrid.com\/es\/wp-json\/wp\/v2\/media\/60680"}],"wp:attachment":[{"href":"https:\/\/www.vidademadrid.com\/es\/wp-json\/wp\/v2\/media?parent=60679"}],"wp:term":[{"taxonomy":"category","embeddable":true,"href":"https:\/\/www.vidademadrid.com\/es\/wp-json\/wp\/v2\/categories?post=60679"},{"taxonomy":"post_tag","embeddable":true,"href":"https:\/\/www.vidademadrid.com\/es\/wp-json\/wp\/v2\/tags?post=60679"}],"curies":[{"name":"wp","href":"https:\/\/api.w.org\/{rel}","templated":true}]}}