{"id":60673,"date":"2025-12-05T12:22:16","date_gmt":"2025-12-05T11:22:16","guid":{"rendered":"https:\/\/www.vidademadrid.com\/es\/?p=60673"},"modified":"2026-01-08T20:10:45","modified_gmt":"2026-01-08T19:10:45","slug":"prado-en-femenino-isabel-de-farnesio-2025","status":"publish","type":"post","link":"https:\/\/www.vidademadrid.com\/es\/60673\/prado-en-femenino-isabel-de-farnesio-2025\/","title":{"rendered":"Vuelve el Prado en Femenino: descubre el legado de la reina Isabel de Farnesio"},"content":{"rendered":"<p>El\u00a0<strong>Museo del Prado <\/strong>acoge la tercera edici\u00f3n de <strong>El Prado en femenino,\u00a0<\/strong>la iniciativa que pone en foco la importancia de las mujeres de las casas reales europeas de los siglos XVI y XVII en el desarrollo art\u00edstico y el mecenazgo. Esta edici\u00f3n est\u00e1 dedicada a la\u00a0<strong>Reina Isabel de Farnesio.\u00a0<\/strong>Te contamos toda la informaci\u00f3n en este art\u00edculo.<\/p>\n<h2>El Prado en femenino III: Isabel de Farnesio<\/h2>\n<p>El\u00a0<strong>Prado en Femenino III\u00a0<\/strong>descubre la figura de la\u00a0<strong>reina Isabel de Farnesio,\u00a0<\/strong>la persona que m\u00e1s significativamente contribuy\u00f3 al engrandecimiento de la antigua Colecci\u00f3n Real y, en consecuencia, al actual\u00a0<strong>Museo del Prado.\u00a0<\/strong><\/p>\n<p>Su legado incluye unas 500 obras que proceden de la colecci\u00f3n de Isabel de Farnesio y\u00a0 m\u00e1s de 350 actualmente se custodian en el museo. Algunas de ellas son el Apostolado de Rubens, ubicada en la Galer\u00eda Central, el San Sebasti\u00e1n de Guido Reni, el Sue\u00f1o de Jacob de Jos\u00e9 de Ribera, numerosas obras de Murillo y mucho m\u00e1s.<\/p>\n<p>Este itinerario estar\u00e1 dedicado integralmente a Isabel de Farnesio por la magnitud de su aportaci\u00f3n a Museo y su presencia en este.<\/p>\n<p><strong>El Prado en Femenino III\u00a0<\/strong>es una itinerario que recorre 45 obras e invita a conocer nuevos relatos protagonizados por una de las principales promotoras del siglo XVIII en Europa.<\/p>\n<p>En total,\u00a0<strong>Isabel de Farnesio\u00a0<\/strong>reuni\u00f3 cerca de un millar de pinturas que incluyen piezas maestras de Vel\u00e1zquez, Ribera, Murillo, Teniers, Correggio, Rubens, Luca Giordano, Veron\u00e9s, Van Dyck, Tintoretto y m\u00e1s.<\/p>\n<h2>Visita la exposici\u00f3n<\/h2>\n<p>El itinerario\u00a0<strong>El Prado en Femenino III. La reina Isabel de Farnesio (1692-1766)\u00a0<\/strong>se podr\u00e1 recorrer hasta el 24 de mayo.<\/p>\n<p>&nbsp;<\/p>\n","protected":false},"excerpt":{"rendered":"<p>Se podr\u00e1 recorrer hasta el 24 de mayo. <\/p>\n","protected":false},"author":15,"featured_media":60674,"comment_status":"open","ping_status":"open","sticky":false,"template":"","format":"standard","meta":{"footnotes":""},"categories":[111,115],"tags":[],"class_list":{"0":"post-60673","1":"post","2":"type-post","3":"status-publish","4":"format-standard","5":"has-post-thumbnail","7":"category-exposiciones-madrid","8":"category-planes-del-momento-madrid"},"_links":{"self":[{"href":"https:\/\/www.vidademadrid.com\/es\/wp-json\/wp\/v2\/posts\/60673","targetHints":{"allow":["GET"]}}],"collection":[{"href":"https:\/\/www.vidademadrid.com\/es\/wp-json\/wp\/v2\/posts"}],"about":[{"href":"https:\/\/www.vidademadrid.com\/es\/wp-json\/wp\/v2\/types\/post"}],"author":[{"embeddable":true,"href":"https:\/\/www.vidademadrid.com\/es\/wp-json\/wp\/v2\/users\/15"}],"replies":[{"embeddable":true,"href":"https:\/\/www.vidademadrid.com\/es\/wp-json\/wp\/v2\/comments?post=60673"}],"version-history":[{"count":1,"href":"https:\/\/www.vidademadrid.com\/es\/wp-json\/wp\/v2\/posts\/60673\/revisions"}],"predecessor-version":[{"id":60675,"href":"https:\/\/www.vidademadrid.com\/es\/wp-json\/wp\/v2\/posts\/60673\/revisions\/60675"}],"wp:featuredmedia":[{"embeddable":true,"href":"https:\/\/www.vidademadrid.com\/es\/wp-json\/wp\/v2\/media\/60674"}],"wp:attachment":[{"href":"https:\/\/www.vidademadrid.com\/es\/wp-json\/wp\/v2\/media?parent=60673"}],"wp:term":[{"taxonomy":"category","embeddable":true,"href":"https:\/\/www.vidademadrid.com\/es\/wp-json\/wp\/v2\/categories?post=60673"},{"taxonomy":"post_tag","embeddable":true,"href":"https:\/\/www.vidademadrid.com\/es\/wp-json\/wp\/v2\/tags?post=60673"}],"curies":[{"name":"wp","href":"https:\/\/api.w.org\/{rel}","templated":true}]}}