{"id":60666,"date":"2025-12-04T17:34:45","date_gmt":"2025-12-04T16:34:45","guid":{"rendered":"https:\/\/www.vidademadrid.com\/es\/?p=60666"},"modified":"2025-12-04T17:46:57","modified_gmt":"2025-12-04T16:46:57","slug":"woody-allen-madrid-rodaje-pelicula-titulo-inversion-publica","status":"publish","type":"post","link":"https:\/\/www.vidademadrid.com\/es\/60666\/woody-allen-madrid-rodaje-pelicula-titulo-inversion-publica\/","title":{"rendered":"Woody Allen rodar\u00e1 en Madrid en 2026: su pel\u00edcula llevar\u00e1 &#8216;Madrid&#8217; en el t\u00edtulo y recibe 3 millones p\u00fablicos"},"content":{"rendered":"<p data-path-to-node=\"2\">El director <strong>Woody Allen<\/strong> regresar\u00e1 a Espa\u00f1a para filmar su pr\u00f3ximo largometraje, eligiendo esta vez <strong>Madrid<\/strong> como escenario principal y absoluto de la trama. El rodaje, programado para la primavera de 2026, cuenta con una significativa financiaci\u00f3n de las administraciones p\u00fablicas. Sigue leyendo para conocer todos los detalles sobre el presupuesto, las fechas y las localizaciones previstas.<\/p>\n<h2 data-path-to-node=\"3\">Rodaje en primavera y &#8216;Madrid&#8217; en el nombre de la pel\u00edcula de Woody Allen<\/h2>\n<p data-path-to-node=\"4\">La producci\u00f3n ser\u00e1 el largometraje n\u00famero 51 del cineasta neoyorquino y se desarrollar\u00e1 \u00edntegramente en la capital durante la preproducci\u00f3n y el rodaje (mientras que la postproducci\u00f3n se repartir\u00e1 entre Madrid y Nueva York) . Un dato clave confirmado es que <strong>el t\u00edtulo de la pel\u00edcula incluir\u00e1 la palabra \u00abMadrid\u00bb<\/strong>, vinculando la marca de la ciudad a la obra de manera permanente.<\/p>\n<p data-path-to-node=\"5\">Woody Allen, que acaba de cumplir 90 a\u00f1os, ha mostrado su satisfacci\u00f3n por este nuevo proyecto: \u201c<em>Estar\u00e9 muy feliz de volver a Espa\u00f1a. Esta ser\u00eda mi tercera vez rodando all\u00ed y <strong>mi primera ocasi\u00f3n para hacer una pel\u00edcula en Madrid, una ciudad que siempre me ha encantado<\/strong><\/em>\u201d. Con esta cinta, el director completa una trilog\u00eda informal de pel\u00edculas ambientadas en Espa\u00f1a, sum\u00e1ndose a <i>Vicky Cristina Barcelona<\/i> (2008) y <i>Rifkin&#8217;s Festival<\/i> (2020), rodada en San Sebasti\u00e1n.<\/p>\n<h2 data-path-to-node=\"6\">3 millones de euros de inversi\u00f3n p\u00fablica y creaci\u00f3n de empleo<\/h2>\n<p data-path-to-node=\"7\">El proyecto cuenta con un respaldo econ\u00f3mico total de 3 millones de euros procedentes de las arcas p\u00fablicas. Esta cifra se divide a partes iguales entre las dos principales administraciones:<strong> el Ayuntamiento de Madrid aporta 1,5 millones de euros<\/strong> como patrocinador institucional, y<strong> la Comunidad de Madrid suma otros 1,5 millones euros<\/strong> destinados a la promoci\u00f3n del largometraje.<\/p>\n<p data-path-to-node=\"8\">El presupuesto total de la pel\u00edcula asciende a 12 millones de euros. Se estima que el 79 % de esa inversi\u00f3n (unos 9,46 millones) se gastar\u00e1 directamente en la ciudad. Las previsiones de impacto laboral son notables, con la estimaci\u00f3n de crear casi 1.200 puestos de trabajo directos y alrededor de 2.300 indirectos, reforzando la industria audiovisual madrile\u00f1a.<\/p>\n<h2 data-path-to-node=\"9\">\u00bfEn qu\u00e9 zonas de Madrid se grabar\u00e1 la pel\u00edcula de Woody Allen?<\/h2>\n<p data-path-to-node=\"10\">Aunque el plan de rodaje espec\u00edfico se mantiene reservado, las condiciones del patrocinio estipulan que <strong>al menos un 15 % de las escenas deben ser en exteriores<\/strong>. El objetivo es que la ciudad de Madrid sea f\u00e1cilmente reconocible en la gran pantalla, mostrando su patrimonio hist\u00f3rico y cultural. Adem\u00e1s, en el pliego del contrato de la Comunidad de Madrid se lee que habr\u00e1 al menos <strong>otra localizaci\u00f3n \u00abidentificable y caracter\u00edstica\u00bb fuera de Madrid ciudad y dentro de la Comunidad de Madrid.<\/strong><\/p>\n<p data-path-to-node=\"11\">A falta de confirmaci\u00f3n oficial, es l\u00f3gico pensar que la producci\u00f3n apostar\u00e1 por localizaciones ic\u00f3nicas. Es probable que el equipo de Woody Allen se despliegue por zonas como el Parque de El Retiro, el entorno del Palacio Real o las calles del barrio de las Letras y el Madrid de los Austrias. Estos escenarios servir\u00edan para proyectar la imagen de la capital a nivel global, aprovechando el alcance internacional de los estrenos del director.<\/p>\n","protected":false},"excerpt":{"rendered":"<p>El cineasta filmar\u00e1 en primavera su tercera cinta en Espa\u00f1a con una financiaci\u00f3n de 3 millones<\/p>\n","protected":false},"author":1,"featured_media":60667,"comment_status":"open","ping_status":"open","sticky":false,"template":"","format":"standard","meta":{"footnotes":""},"categories":[85],"tags":[],"class_list":{"0":"post-60666","1":"post","2":"type-post","3":"status-publish","4":"format-standard","5":"has-post-thumbnail","7":"category-cine-series-television"},"_links":{"self":[{"href":"https:\/\/www.vidademadrid.com\/es\/wp-json\/wp\/v2\/posts\/60666","targetHints":{"allow":["GET"]}}],"collection":[{"href":"https:\/\/www.vidademadrid.com\/es\/wp-json\/wp\/v2\/posts"}],"about":[{"href":"https:\/\/www.vidademadrid.com\/es\/wp-json\/wp\/v2\/types\/post"}],"author":[{"embeddable":true,"href":"https:\/\/www.vidademadrid.com\/es\/wp-json\/wp\/v2\/users\/1"}],"replies":[{"embeddable":true,"href":"https:\/\/www.vidademadrid.com\/es\/wp-json\/wp\/v2\/comments?post=60666"}],"version-history":[{"count":3,"href":"https:\/\/www.vidademadrid.com\/es\/wp-json\/wp\/v2\/posts\/60666\/revisions"}],"predecessor-version":[{"id":60670,"href":"https:\/\/www.vidademadrid.com\/es\/wp-json\/wp\/v2\/posts\/60666\/revisions\/60670"}],"wp:featuredmedia":[{"embeddable":true,"href":"https:\/\/www.vidademadrid.com\/es\/wp-json\/wp\/v2\/media\/60667"}],"wp:attachment":[{"href":"https:\/\/www.vidademadrid.com\/es\/wp-json\/wp\/v2\/media?parent=60666"}],"wp:term":[{"taxonomy":"category","embeddable":true,"href":"https:\/\/www.vidademadrid.com\/es\/wp-json\/wp\/v2\/categories?post=60666"},{"taxonomy":"post_tag","embeddable":true,"href":"https:\/\/www.vidademadrid.com\/es\/wp-json\/wp\/v2\/tags?post=60666"}],"curies":[{"name":"wp","href":"https:\/\/api.w.org\/{rel}","templated":true}]}}