{"id":60658,"date":"2025-12-03T11:24:52","date_gmt":"2025-12-03T10:24:52","guid":{"rendered":"https:\/\/www.vidademadrid.com\/es\/?p=60658"},"modified":"2025-12-03T11:25:33","modified_gmt":"2025-12-03T10:25:33","slug":"conciertos-gratis-balcones-madrid-navidad-blanca-paloma","status":"publish","type":"post","link":"https:\/\/www.vidademadrid.com\/es\/60658\/conciertos-gratis-balcones-madrid-navidad-blanca-paloma\/","title":{"rendered":"Blanca Paloma y otros conciertos de Navidad gratis en los balcones de Madrid"},"content":{"rendered":"<p data-path-to-node=\"2\">La m\u00fasica en vivo vuelve a tomar las calles de <b>Madrid<\/b> estas fiestas con una de las propuestas m\u00e1s originales de la programaci\u00f3n cultural. Emblem\u00e1ticos balcones del centro de la ciudad se convertir\u00e1n en escenarios improvisados para ofrecer actuaciones musicales al aire libre. A continuaci\u00f3n, te detallamos el calendario completo de estos recitales de acceso libre para que puedas organizar tu agenda navide\u00f1a.<\/p>\n<h2 data-path-to-node=\"3\">El Teatro Espa\u00f1ol estrena el ciclo musical<\/h2>\n<p data-path-to-node=\"4\">El ciclo \u00abM\u00fasica en los balcones\u00bb arranca este a\u00f1o en la Plaza de Santa Ana. El <b>jueves 18 de diciembre a las 17:00 h<\/b>, el balc\u00f3n del Teatro Espa\u00f1ol recibir\u00e1 a <b>All4Gospel Choir<\/b>. Esta formaci\u00f3n vocal, con m\u00e1s de una d\u00e9cada de trayectoria, ofrecer\u00e1 un espect\u00e1culo que fusiona grandes cl\u00e1sicos del pop y villancicos tradicionales con arreglos de g\u00f3spel, celebrando el esp\u00edritu festivo y comunitario de estas fechas.<\/p>\n<p data-path-to-node=\"5\">La programaci\u00f3n en este espacio contin\u00faa el <b>viernes 19 de diciembre<\/b>, tambi\u00e9n a las <b>17:00 h<\/b>, con una de las artistas m\u00e1s esperadas. <b>Blanca Paloma<\/b>, tras su paso por Eurovisi\u00f3n, se asomar\u00e1 al balc\u00f3n para interpretar temas de su primer disco. Su repertorio incluir\u00e1 homenajes a figuras como Falla y Lorca, adem\u00e1s de un villancico muy personal aprendido de su abuela Carmen, mezclando vanguardia y tradici\u00f3n en un formato \u00edntimo.<\/p>\n<h2 data-path-to-node=\"6\">Soul y swing en la Casa de la Villa<\/h2>\n<p data-path-to-node=\"7\">Tras una breve pausa, la m\u00fasica se traslada a otro punto hist\u00f3rico: la Plaza de la Villa. El <b>lunes 29 de diciembre a las 19:00 h<\/b>, ser\u00e1 el turno de <b>Ara Mart\u00ed Quartet<\/b>. La banda propone una revisi\u00f3n diferente de los cl\u00e1sicos navide\u00f1os, pasados por el filtro del blues, el rockabilly y el swing. Una invitaci\u00f3n al baile con la voz de Ara Mart\u00ed acompa\u00f1ada de guitarra, bajo y bater\u00eda.<\/p>\n<p data-path-to-node=\"8\">El ciclo se cierra el <b>martes 30 de diciembre<\/b>, tambi\u00e9n a las <b>19:00 h<\/b>, con la actuaci\u00f3n de <b>Juan Zelada<\/b>. Referente del soul nacional, el artista llegar\u00e1 acompa\u00f1ado de una secci\u00f3n de vientos para ofrecer un concierto lleno de energ\u00eda. Su actuaci\u00f3n combinar\u00e1 temas propios con un repertorio navide\u00f1o cargado de <i>groove<\/i>, ideal para despedir el a\u00f1o con ritmo en pleno centro de la ciudad.<\/p>\n<h2 data-path-to-node=\"9\">Ubicaciones y acceso gratuito<\/h2>\n<p data-path-to-node=\"10\">Todos los conciertos de este ciclo son totalmente <b>gratuitos<\/b> y de libre acceso para el p\u00fablico que se encuentre en la v\u00eda p\u00fablica. No es necesaria reserva previa; simplemente se recomienda acudir con cierta antelaci\u00f3n a las plazas indicadas (Plaza de Santa Ana para el Teatro Espa\u00f1ol y Plaza de la Villa para la Casa de la Villa) para asegurar una buena visibilidad y disfrutar de la m\u00fasica en directo.<\/p>\n","protected":false},"excerpt":{"rendered":"<p>Emblem\u00e1ticos edificios del centro acogen recitales al aire libre con artistas como la representante de Eurovisi\u00f3n y grupos de g\u00f3spel o soul.<\/p>\n","protected":false},"author":1,"featured_media":60659,"comment_status":"open","ping_status":"open","sticky":false,"template":"","format":"standard","meta":{"footnotes":""},"categories":[22],"tags":[],"class_list":{"0":"post-60658","1":"post","2":"type-post","3":"status-publish","4":"format-standard","5":"has-post-thumbnail","7":"category-conciertos-madrid"},"_links":{"self":[{"href":"https:\/\/www.vidademadrid.com\/es\/wp-json\/wp\/v2\/posts\/60658","targetHints":{"allow":["GET"]}}],"collection":[{"href":"https:\/\/www.vidademadrid.com\/es\/wp-json\/wp\/v2\/posts"}],"about":[{"href":"https:\/\/www.vidademadrid.com\/es\/wp-json\/wp\/v2\/types\/post"}],"author":[{"embeddable":true,"href":"https:\/\/www.vidademadrid.com\/es\/wp-json\/wp\/v2\/users\/1"}],"replies":[{"embeddable":true,"href":"https:\/\/www.vidademadrid.com\/es\/wp-json\/wp\/v2\/comments?post=60658"}],"version-history":[{"count":1,"href":"https:\/\/www.vidademadrid.com\/es\/wp-json\/wp\/v2\/posts\/60658\/revisions"}],"predecessor-version":[{"id":60660,"href":"https:\/\/www.vidademadrid.com\/es\/wp-json\/wp\/v2\/posts\/60658\/revisions\/60660"}],"wp:featuredmedia":[{"embeddable":true,"href":"https:\/\/www.vidademadrid.com\/es\/wp-json\/wp\/v2\/media\/60659"}],"wp:attachment":[{"href":"https:\/\/www.vidademadrid.com\/es\/wp-json\/wp\/v2\/media?parent=60658"}],"wp:term":[{"taxonomy":"category","embeddable":true,"href":"https:\/\/www.vidademadrid.com\/es\/wp-json\/wp\/v2\/categories?post=60658"},{"taxonomy":"post_tag","embeddable":true,"href":"https:\/\/www.vidademadrid.com\/es\/wp-json\/wp\/v2\/tags?post=60658"}],"curies":[{"name":"wp","href":"https:\/\/api.w.org\/{rel}","templated":true}]}}