{"id":60639,"date":"2025-12-02T11:45:14","date_gmt":"2025-12-02T10:45:14","guid":{"rendered":"https:\/\/www.vidademadrid.com\/es\/?p=60639"},"modified":"2025-12-02T11:45:17","modified_gmt":"2025-12-02T10:45:17","slug":"navidad-metro-de-madrid-2025-tren-de-la-navidad-bosque-deseos","status":"publish","type":"post","link":"https:\/\/www.vidademadrid.com\/es\/60639\/navidad-metro-de-madrid-2025-tren-de-la-navidad-bosque-deseos\/","title":{"rendered":"Navidad en Metro de Madrid 2025: Tren de la Navidad y Bosque de los Deseos"},"content":{"rendered":"<p>La\u00a0<strong>Navidad\u00a0<\/strong>ya lleg\u00f3 a Madrid y\u00a0<strong>Metro<\/strong> ha preparado distintas actividades y sorpresas para disfrutar de estas fiestas hasta en tus trayectos. Vuelve el Tren M\u00e1gico de la Navidad y se ha instalado el Bosque de los Deseos. Te contamos toda la informaci\u00f3n en este art\u00edculo.<\/p>\n<h2>Navidad en Metro de Madrid<\/h2>\n<h3>Tren M\u00e1gico de la Navidad<\/h3>\n<p>Un a\u00f1o m\u00e1s, el Tren M\u00e1gico de la Navidad recorre los t\u00faneles de <strong>Metro de Madrid.\u00a0<\/strong>Este a\u00f1o circular\u00e1 por la\u00a0<strong>L\u00ednea 3\u00a0<\/strong>de la red hasta el\u00a0<strong>6 de enero.\u00a0<\/strong><\/p>\n<p>La decoraci\u00f3n, tanto en interior como exterior, est\u00e1n inspirados en elementos tradicionales como el cascanueces, lazos, bolas y otros adornos t\u00edpicos.<\/p>\n<p>Adem\u00e1s, Pap\u00e1 Noel y sus elfos se sumar\u00e1n al viaje todos los viernes, fines de semana y festivos hasta el <strong>24 de diciembre<\/strong>. Entre el\u00a0<strong>26 de diciembre y el 5 de enero\u00a0<\/strong>ser\u00e1n los pajes de Sus Majestades los Reyes Magos de Oriente acompa\u00f1ar\u00e1n a los usuarios del Tren de la Navidad.<\/p>\n<h3>Bosque de los Deseos<\/h3>\n<p>La\u00a0<strong>Plaza de Pontejos,\u00a0<\/strong>acoger\u00e1 el <strong>Bosque de los Deseos\u00a0<\/strong>desde el 5 de diciembre al 6 de enero.<\/p>\n<h3>Conciertos, trenes hist\u00f3ricos y Bel\u00e9n de Metro<\/h3>\n<p>Los Museos de Metro tambi\u00e9n tendr\u00e1n una programaci\u00f3n especial con un simulador de trenes hist\u00f3ricos, conciertos de villancicos, un gran Bel\u00e9n y mucho m\u00e1s.<\/p>\n<ul>\n<li>La\u00a0<strong>Nave de Motores de Pac\u00edfico\u00a0<\/strong>acoger\u00e1 la exposici\u00f3n Metro C\u00f3mic, con una panor\u00e1mica \u00fanica sobre c\u00f3mo este formato ha dialogado con el transporte urbano.<\/li>\n<li>En el\u00a0<strong>Museo de Ca\u00f1os del Peral,\u00a0<\/strong>en la estaci\u00f3n de \u00d3pera, estar\u00e1 el\u00a0<strong>gran Bel\u00e9n\u00a0<\/strong>formado por grandes figuras pertenecientes a la escuela Olot y realizado por la Asociaci\u00f3n de Belenistas de Madrid.<\/li>\n<li><strong>Espacio muse\u00edstico de Chamart\u00edn:\u00a0<\/strong>El Simulador Hist\u00f3rico de Metro vuelve este a\u00f1o y te permitir\u00e1 conducir trenes cl\u00e1sicos y recorrer las primeras estaciones del Metropolitano de Alfonso XIII mediante recreaciones en 3D. Estar\u00e1 disponible del 19 de diciembre al 7 de enero.<\/li>\n<li><strong>Conciertos de villancicos tradicionales:<\/strong>\n<ul>\n<li>19 de diciembre: Concierto en el Museo Ca\u00f1os del Peral<\/li>\n<\/ul>\n<\/li>\n<\/ul>\n<p>Todas las actividades son gratuitas, previa inscripci\u00f3n en este <a href=\"https:\/\/museosmetromadrid.es\/programacion-navidena\/\">enlace<\/a>.<\/p>\n","protected":false},"excerpt":{"rendered":"<p>Visita el gran Bel\u00e9n, el simulador de trenes hist\u00f3ricos y m\u00e1s. <\/p>\n","protected":false},"author":15,"featured_media":46605,"comment_status":"open","ping_status":"open","sticky":false,"template":"","format":"standard","meta":{"footnotes":""},"categories":[119,23],"tags":[],"class_list":{"0":"post-60639","1":"post","2":"type-post","3":"status-publish","4":"format-standard","5":"has-post-thumbnail","7":"category-portada","8":"category-transportes-huelgas-madrid"},"_links":{"self":[{"href":"https:\/\/www.vidademadrid.com\/es\/wp-json\/wp\/v2\/posts\/60639","targetHints":{"allow":["GET"]}}],"collection":[{"href":"https:\/\/www.vidademadrid.com\/es\/wp-json\/wp\/v2\/posts"}],"about":[{"href":"https:\/\/www.vidademadrid.com\/es\/wp-json\/wp\/v2\/types\/post"}],"author":[{"embeddable":true,"href":"https:\/\/www.vidademadrid.com\/es\/wp-json\/wp\/v2\/users\/15"}],"replies":[{"embeddable":true,"href":"https:\/\/www.vidademadrid.com\/es\/wp-json\/wp\/v2\/comments?post=60639"}],"version-history":[{"count":1,"href":"https:\/\/www.vidademadrid.com\/es\/wp-json\/wp\/v2\/posts\/60639\/revisions"}],"predecessor-version":[{"id":60640,"href":"https:\/\/www.vidademadrid.com\/es\/wp-json\/wp\/v2\/posts\/60639\/revisions\/60640"}],"wp:featuredmedia":[{"embeddable":true,"href":"https:\/\/www.vidademadrid.com\/es\/wp-json\/wp\/v2\/media\/46605"}],"wp:attachment":[{"href":"https:\/\/www.vidademadrid.com\/es\/wp-json\/wp\/v2\/media?parent=60639"}],"wp:term":[{"taxonomy":"category","embeddable":true,"href":"https:\/\/www.vidademadrid.com\/es\/wp-json\/wp\/v2\/categories?post=60639"},{"taxonomy":"post_tag","embeddable":true,"href":"https:\/\/www.vidademadrid.com\/es\/wp-json\/wp\/v2\/tags?post=60639"}],"curies":[{"name":"wp","href":"https:\/\/api.w.org\/{rel}","templated":true}]}}