{"id":60637,"date":"2025-12-02T11:20:19","date_gmt":"2025-12-02T10:20:19","guid":{"rendered":"https:\/\/www.vidademadrid.com\/es\/?p=60637"},"modified":"2025-12-02T11:40:56","modified_gmt":"2025-12-02T10:40:56","slug":"feria-de-productos-monasticos-madrid-plaza-mayor-fechas-horario-2025","status":"publish","type":"post","link":"https:\/\/www.vidademadrid.com\/es\/60637\/feria-de-productos-monasticos-madrid-plaza-mayor-fechas-horario-2025\/","title":{"rendered":"Vuelve la Feria de Productos Mon\u00e1sticos a la Casa de la Panader\u00eda de la Plaza Mayor"},"content":{"rendered":"<p>La\u00a0<strong>Feria de Productos Mon\u00e1sticos\u00a0<\/strong>vuelve a la\u00a0<strong>Casa de la Panader\u00eda\u00a0<\/strong>de la\u00a0<strong>Plaza Mayor\u00a0<\/strong>para conocer, degustar y comprar productos artesanos de gastronom\u00eda elaborados por monjes y monjas.<\/p>\n<h2 id=\"\">\u00a0III Feria de Productos Mon\u00e1sticos en Madrid<\/h2>\n<p>Una nueva edici\u00f3n de la mayor feria mon\u00e1stica del mundo llega a Madrid. En la\u00a0<strong>Feria de Productos Mon\u00e1sticos\u00a0<\/strong>m\u00e1s de 80 conventos ponen sus productos, elaborados en silencio y oraci\u00f3n, al alcance del gran p\u00fablico.<\/p>\n<p>En la feria se ofrecen m\u00e1s de 900 variedades distintas de dulces de Navidad, belenes, artesan\u00eda y cosm\u00e9tica, llegados desde todos los rincones de Espa\u00f1a. Habr\u00e1 disponibles productos navide\u00f1os sin az\u00facar, sin gluten o sin lactosa as\u00ed como productos gourmet como cerveza artesanal, quesos, pat\u00e9s y galletas saladas.<\/p>\n<h2>Fechas y horarios de la Feria Mon\u00e1stica de Madrid<\/h2>\n<p>La\u00a0<strong>III Feria de Productos Mon\u00e1sticos en Madrid\u00a0<\/strong>ser\u00e1 del\u00a0<strong>4 al 8 de diciembre de 2025\u00a0<\/strong>en la\u00a0<strong>Casa de la Panader\u00eda\u00a0<\/strong>de la\u00a0<strong>Plaza Mayor\u00a0<\/strong>(Metro Sol).<\/p>\n<p>El horario es de 11 a 20 horas y la entrada es gratuita.<\/p>\n<p>&nbsp;<\/p>\n","protected":false},"excerpt":{"rendered":"<p>Participar\u00e1n m\u00e1s de 80 conventos. <\/p>\n","protected":false},"author":15,"featured_media":60136,"comment_status":"open","ping_status":"open","sticky":false,"template":"","format":"standard","meta":{"footnotes":""},"categories":[101],"tags":[],"class_list":{"0":"post-60637","1":"post","2":"type-post","3":"status-publish","4":"format-standard","5":"has-post-thumbnail","7":"category-ferias-fiestas-mercados-madrid"},"_links":{"self":[{"href":"https:\/\/www.vidademadrid.com\/es\/wp-json\/wp\/v2\/posts\/60637","targetHints":{"allow":["GET"]}}],"collection":[{"href":"https:\/\/www.vidademadrid.com\/es\/wp-json\/wp\/v2\/posts"}],"about":[{"href":"https:\/\/www.vidademadrid.com\/es\/wp-json\/wp\/v2\/types\/post"}],"author":[{"embeddable":true,"href":"https:\/\/www.vidademadrid.com\/es\/wp-json\/wp\/v2\/users\/15"}],"replies":[{"embeddable":true,"href":"https:\/\/www.vidademadrid.com\/es\/wp-json\/wp\/v2\/comments?post=60637"}],"version-history":[{"count":1,"href":"https:\/\/www.vidademadrid.com\/es\/wp-json\/wp\/v2\/posts\/60637\/revisions"}],"predecessor-version":[{"id":60638,"href":"https:\/\/www.vidademadrid.com\/es\/wp-json\/wp\/v2\/posts\/60637\/revisions\/60638"}],"wp:featuredmedia":[{"embeddable":true,"href":"https:\/\/www.vidademadrid.com\/es\/wp-json\/wp\/v2\/media\/60136"}],"wp:attachment":[{"href":"https:\/\/www.vidademadrid.com\/es\/wp-json\/wp\/v2\/media?parent=60637"}],"wp:term":[{"taxonomy":"category","embeddable":true,"href":"https:\/\/www.vidademadrid.com\/es\/wp-json\/wp\/v2\/categories?post=60637"},{"taxonomy":"post_tag","embeddable":true,"href":"https:\/\/www.vidademadrid.com\/es\/wp-json\/wp\/v2\/tags?post=60637"}],"curies":[{"name":"wp","href":"https:\/\/api.w.org\/{rel}","templated":true}]}}