{"id":60621,"date":"2025-12-01T12:13:38","date_gmt":"2025-12-01T11:13:38","guid":{"rendered":"https:\/\/www.vidademadrid.com\/es\/?p=60621"},"modified":"2025-12-17T14:16:02","modified_gmt":"2025-12-17T13:16:02","slug":"agenda-de-diciembre-2025-en-madrid-planes-y-eventos","status":"publish","type":"post","link":"https:\/\/www.vidademadrid.com\/es\/60621\/agenda-de-diciembre-2025-en-madrid-planes-y-eventos\/","title":{"rendered":"Agenda de diciembre 2025 en Madrid: planes y eventos"},"content":{"rendered":"<p>Como todos los meses, aqu\u00ed est\u00e1 la agenda del mes de\u00a0<strong>Vida de Madrid<\/strong>: descubre a continuaci\u00f3n todos los planes y los eventos de\u00a0<strong>diciembre de 2025 en Madrid<\/strong>. Recuerda que esta p\u00e1gina est\u00e1 actualizada a diario y puedes siempre consultarla en:\u00a0<a href=\"http:\/\/vidademadrid.com\/agenda\">vidademadrid.com\/agenda<\/a>.<\/p>\n<p>La agenda del mes de Vida de Madrid est\u00e1 dividida en dos secciones: los\u00a0<strong>planes activos este mes (con todas sus novedades)<\/strong>\u00a0y un avance de los\u00a0<strong>planes de los pr\u00f3ximos meses<\/strong>. Adem\u00e1s, no te pierdas m\u00e1s planes en nuestro mega post del finde en nuestra web y redes @vidademadrid.<\/p>\n<p><em>Si crees que falta alg\u00fan plan o quieres promocionar tu evento, puedes contactarnos escribiendo a info@vidademadrid.com o publicidad@vidademadrid.com<\/em><\/p>\n<h2><span id=\"Agenda-por-dia-de-julio-de-2025-en-Madrid\"><span id=\"Agenda-por-dia-de-junio-de-2025-en-Madrid\">Agenda por d\u00eda de diciembre de 2025 en Madrid<\/span><\/span><\/h2>\n<p><em>(En la parte final de este bloque encontrar\u00e1s los planes activos durante todo el mes y que terminan en los pr\u00f3ximos meses)<\/em><\/p>\n<ul>\n<li>Del 1 al 30 de diciembre: Feria Mercado de Artesan\u00eda de la Comunidad de Madrid en Recoletos<\/li>\n<li>Del 1 de diciembre: Navidad en el cc Plaza R\u00edo 2 con luces, \u00e1rbol gigante y mercadillo<\/li>\n<li>Del 1 al 30 de diciembre: <a href=\"https:\/\/www.instagram.com\/stories\/highlights\/18389432464177522\/\">La Ruta Contrabando por 3 cocteler\u00edas de Madrid<\/a> &#8211; Angelita, Momus y Saddle<\/li>\n<li>El 2 de diciembre: Ensayo en vivo de Carolina Durante en <a href=\"https:\/\/www.instagram.com\/ballantines\/?hl=es\">Ballantine&#8217;s Open Studio<\/a> (Real Teatro de Retiro). Acceso gratuito para los 100 primeros fans<\/li>\n<li>Del 1 de diciembre al 7 de enero: <a href=\"https:\/\/www.instagram.com\/p\/DRu3DmnDdDM\/\">\u00abNavidad sobre el agua\u00bb, con luces, figuras y pista de hielo en el Parque de Santander<\/a><\/li>\n<li>Del 1 de diciembre al 8 de enero: photocall de Navidad \u00abEl Retiro\u00bb en el Parque del Retiro<\/li>\n<li>Del 1 de diciembre al 8 de marzo:<a href=\"https:\/\/www.vidademadrid.com\/es\/58643\/exposiciones-temporales-museo-del-prado-2025-fechas-entradas\/\">\u00a0\u00abEl Prado en femenino III: Promotoras art\u00edsticas de las colecciones del Museo (1701-1819)\u00bb<\/a><\/li>\n<li>Del 3 de diciembre al 5 de abril: Exposici\u00f3n Victoria Eugenia en la Galer\u00eda de las Colecciones Reales<\/li>\n<li>Del 4 al 8 de diciembre: <a href=\"https:\/\/www.vidademadrid.com\/es\/60637\/feria-de-productos-monasticos-madrid-plaza-mayor-fechas-horario-2025\/\">III Feria de Productos Mon\u00e1sticos en la Casa de la Panader\u00eda de Plaza Mayor<\/a><\/li>\n<li>Del 4 de diciembre: Navidad en Plaza de Pontejos con El Bosque de los Deseos de Metro de Madrid (hasta 6\/1), El Canal de la Navidad (hasta 5\/1) y La Casita de Pontejos (hasta 4\/1)<\/li>\n<li>Del 5 de diciembre al 3 de enero: Parque de Navidad \u00abBrilla Zoo Festival\u00bb en Getafe<\/li>\n<li>Del 5 de diciembre al 6 de enero: Pista de hielo de Matadero<\/li>\n<li>Del 5 de diciembre al 6 de enero: <a href=\"https:\/\/www.vidademadrid.com\/es\/60639\/navidad-metro-de-madrid-2025-tren-de-la-navidad-bosque-deseos\/\">Bosque de los Deseos de Metro de Madrid en Pontejos<\/a><\/li>\n<li>Del 5 de diciembre al 7 de enero: exposici\u00f3n Metro C\u00f3mic en la Nave de Motores de Pac\u00edfico<\/li>\n<li>6 de diciembre: El Prado de Noche<\/li>\n<li>6 y 7 de diciembre: 1 Sal\u00f3n del Videojuego de Madrid en La Nave de Villaverde<\/li>\n<li>Del 6 de diciembre al 4 de enero: musical ben\u00e9fico Annie Jr. en el Teatro Bellas Artes<\/li>\n<li>Del 6 de diciembre: Programaci\u00f3n de Navidad del Museo del Ferrocarril<\/li>\n<li>Del 11 al 14 de diciembre: I Ruta del Pisco en Madrid<\/li>\n<li>Del 12 de diciembre al 5 de enero: \u00abLa Casa de Mu\u00f1ecas de Gabby\u00bb en Caleido<\/li>\n<li>Hasta el 13 de diciembre: Festival Los Grandes del G\u00f3spel<\/li>\n<li>Del 13 de diciembre al 5 de enero: Cibeles sobre hielo<\/li>\n<li>14 de diciembre: Pasacalles musical por el centro: Zambombada de Madrid<\/li>\n<li>14 de diciembre: <a href=\"https:\/\/www.vidademadrid.com\/es\/60565\/concierto-escolania-el-escorial-navidad-2025\/\">Gran Concierto Navide\u00f1o de la Escolan\u00eda de El Escorial\u00a0<\/a><\/li>\n<li>Hasta el 15 de diciembre: <a href=\"https:\/\/www.vidademadrid.com\/es\/60551\/las-meninas-vuelven-a-las-calles-de-madrid-fechas-y-ubicaciones-de-la-meninas-madrid-gallery-2025\/\">Meninas Madrid Gallery 2025<\/a><\/li>\n<li>16 de diciembre: Concierto de Navidad de la banda de la Polic\u00eda Municipal<\/li>\n<li>Del 17 al 23 de diciembre: Videomapping de Navidad en Conde Duque<\/li>\n<li>Del 18 de diciembre al 3 de enero: Navidad en Madrid, m\u00fasica en las plazas, los balcones y las iglesias<\/li>\n<li>19 de diciembre: Concierto Navide\u00f1o de Metro de Madrid en \u00d3pera (Museo de los Ca\u00f1os del Peral)<\/li>\n<li>Del 19 de diciembre al 7 de enero: Simulador hist\u00f3rico de Metro de Madrid en Chamart\u00edn<\/li>\n<li>Del 20 de diciembre al 4 de enero: \u00abMadrid, Navidad de encuentro\u00bb en Matadero (nieve, talleres y espect\u00e1culos)<\/li>\n<li>Del 20 de diciembre al 5 de enero: Tren de la Navidad desde el Museo del Ferrocarril<\/li>\n<li>Del 22 de diciembre al 11 de enero: Madrid on Ice en el Estadio Metropolitano<\/li>\n<li>23 de diciembre: Estreno de \u00abRent, el musical \u00bb en el Teatro Fern\u00e1n G\u00f3mez<\/li>\n<li>Del 23 de diciembre al 4 de enero: \u00abCiclo Navidad en Familia\u00bb en Cineteca<\/li>\n<li>Del 24 al 31 de diciembre: <a href=\"https:\/\/www.vidademadrid.com\/es\/60593\/mavidad-2025-estadio-bernabeu-actividades-fechas-entradas\/\">Mavidad, la Navidad en el Bernab\u00e9u<\/a><\/li>\n<li>Hasta el 28 de diciembre: Exposici\u00f3n inmersiva \u00abMachu Picchu\u00bb en el Fever Hub Madrid<\/li>\n<li>30 de diciembre: pre\u00favas en Sol<\/li>\n<li>31 de diciembre: uvas en Sol<\/li>\n<li>Hasta el 4 de enero: Manantial de los Sue\u00f1os &#8211; El origen de la Navidad en el Jard\u00edn Bot\u00e1nico Alfonso XIII<\/li>\n<li>Hasta principios de enero: mercadillos, Naviluz, belenes, Cortylandia y m\u00e1s planes de Navidad en Madrid<\/li>\n<li>Hasta el 6 de enero: M\u00e1gicas Navidades en Torrej\u00f3n de Ardoz<\/li>\n<li>Hasta el 6 de enero: \u00abCirco Price en Navidad\u00bb en el Teatro Circo Price<\/li>\n<li>Hasta el 6 de enero: \u00abJurassic World, The Experience\u00bb<\/li>\n<li>Hasta el 11 de enero: Avatar &#8211; The Experience en Espacio Delicias<\/li>\n<li>Hasta el 11 de enero: <a href=\"https:\/\/www.vidademadrid.com\/es\/56147\/cartelera-teatro-madrid-2024-entradas\/\">Buscando a Audrey, el musical<\/a><\/li>\n<li>Hasta el 11 de enero: <a href=\"https:\/\/www.vidademadrid.com\/es\/60152\/exposicion-fotografica-leica-fechas-horarios\/\">Exposici\u00f3n \u00abLeica. Un siglo de fotograf\u00eda\u00bb en el Fern\u00e1n G\u00f3mez<\/a><\/li>\n<li>Hasta el 11 de enero: <a href=\"https:\/\/www.vidademadrid.com\/es\/60168\/exposicion-nuevos-imaginarios-condeduque-fechas-horarios-2025\/\">Exposici\u00f3n \u00abNuevos imaginarios\u00bb en Condeduque<\/a><\/li>\n<li>Hasta el 11 de enero: <a href=\"https:\/\/www.vidademadrid.com\/es\/59940\/exposicion-antonio-munoz-degrain-museo-del-prado-2025\/\">Exposici\u00f3n Antonio Mu\u00f1oz Degrain en el Museo del Prado<\/a><\/li>\n<li>Hasta el 11 de enero: Exposici\u00f3n \u00abEcos del arte del Virreinato de Per\u00fa\u00bb en la Casa Museo Lope de Vega<\/li>\n<li>Hasta el 18 de enero: El Mago Yunke &#8211; \u00abHangar 52\u00bb en las terrazas del CC La Vaguada<\/li>\n<li>Hasta el 18 de enero: exposiciones Raimundo de Madrazo y Edward Weston en Fundaci\u00f3n Mapfre<\/li>\n<li>Hasta el 18 de enero: Circlassica Noel 2025 en Ifema<\/li>\n<li>Hasta el 18 de enero: Circo Alegr\u00eda, unto al Palacio de Hielo<\/li>\n<li>Hasta el 25 de enero: <a href=\"https:\/\/www.vidademadrid.com\/es\/60449\/warhol-pollock-exposicion-museo-thyssen-2025\/\">exposici\u00f3n \u00abWarhol, Pollock y otros espacios americanos\u00bb en el Museo Thyssen<\/a><\/li>\n<li>Hasta el 25 de enero: Exposici\u00f3n \u00abRobert Capa. Icons\u00bb en el C\u00edrculo de Bellas Artes<\/li>\n<li>Hasta el 31 de enero: Exposici\u00f3n \u00abDel \u00e1lif a la zain. Arte caligr\u00e1fico en movimiento\u00bb en la Casa \u00c1rabe<\/li>\n<li>Hasta el 1 de febrero: \u00abPicasso y Klee en la colecci\u00f3n de Heinz Berggruen\u00bb en el Thyssen<\/li>\n<li>Hasta el 1 de febrero: <a href=\"https:\/\/www.vidademadrid.com\/es\/60487\/exposicion-marilyn-monroe-conde-duque-fechas-entradas\/\">Exposici\u00f3n \u00abCelebrando a Marilyn. 1926\/2026\u00bb en Conde Duque<\/a><\/li>\n<li>Hasta el 1 de febrero: \u00abThe Book of Mormon\u00bb en el Teatro Rialto en Gran V\u00eda<\/li>\n<li>Al menos hasta el 1 de febrero: \u00abLos pilares de la tierra, el musical\u00bb en Teatro Gran V\u00eda<\/li>\n<li>Al menos hasta el 1 de febrero: <a href=\"https:\/\/www.vidademadrid.com\/es\/59833\/musicales-madrid-estrenos-otono-2025\/\">Musical Wicked en el Nuevo Teatro Alcal\u00e1 <\/a><\/li>\n<li>Al menos hasta el 1 de febrero: <a href=\"https:\/\/www.vidademadrid.com\/es\/59833\/musicales-madrid-estrenos-otono-2025\/\">\u00abCenicienta, El Musical\u00bb en el Teatro Coliseum<\/a><\/li>\n<li>Al menos hasta el 2 de febrero: Musical inmersivo \u00abCabaret\u00bb<\/li>\n<li>Hasta el 8 de febrero: <a href=\"https:\/\/www.vidademadrid.com\/es\/60522\/exposicion-john-akomfrah-museo-thyssen-fechas\/\">expo \u00abJohn Akomfrah &#8211; Escuchando toda la noche la lluvia\u00bb en el Thyssen<\/a><\/li>\n<li>Al menos hasta el 8 de febrero: <a href=\"https:\/\/www.vidademadrid.com\/es\/60073\/cleopatra-exposicion-inmersiva-madrid-entradas-fechas\/\">\u00abCleopatra, la exposici\u00f3n inmersiva\u00bb en Madrid Artes Digitales<\/a><\/li>\n<li>Hasta el 1 de marzo: <a href=\"https:\/\/www.vidademadrid.com\/es\/58643\/exposiciones-temporales-museo-del-prado-2025-fechas-entradas\/\">\u00abAntonio Raphael Mengs. El m\u00e1s grande pintor del siglo XVIII\u00bb en el Prado <\/a><\/li>\n<li>Hasta el 8 de marzo: <a href=\"https:\/\/www.vidademadrid.com\/es\/58643\/exposiciones-temporales-museo-del-prado-2025-fechas-entradas\/\">\u00abJuan Mu\u00f1oz\u00bb en el Prado<\/a><\/li>\n<li>Hasta el 8 de marzo: <a href=\"https:\/\/www.vidademadrid.com\/es\/60292\/los-miserables-el-musical-llega-a-madrid-este-otono\/\">\u00abLos Miserables. El Musical\u00bb en el Teatro Nuevo Apolo<\/a><\/li>\n<li>Hasta el 16 de marzo: <a href=\"https:\/\/www.vidademadrid.com\/es\/60437\/exposicion-maruja-mallo-museo-reina-sofi\/\">Maruja Mallo en el Museo Reina Sof\u00eda<\/a><\/li>\n<li>Hasta el 12 de abril: Exposici\u00f3n \u00abDesenfocado\u00bb en el CaixaForum<\/li>\n<li>Hasta el 26 de abril: <a href=\"https:\/\/www.vidademadrid.com\/es\/60472\/exposiciones-gratuitas-madrid-centro-centro-2026\/\">exposiciones sobre Madrid de Luis P\u00e9rez Calvo y Miluca Sanz en CentroCentro<\/a><\/li>\n<li>Hasta el 31 de mayo:<a href=\"https:\/\/www.vidademadrid.com\/es\/60137\/exposicion-disney-madrid-fundacion-canal-fechas-entradas-horarios\/\"> Exposici\u00f3n \u00abDisney: The Exhibition &#8211; 100 A\u00f1os de Magia\u00bb<\/a><\/li>\n<li>Hasta el 27 de junio: <a href=\"https:\/\/www.vidademadrid.com\/es\/60256\/la-real-academia-de-bellas-artes-de-san-fernando-ahora-abre-los-sabados-por-la-tarde\/\">Apertura de la Real Academia de Bellas Artes de San Fernando los s\u00e1bados por la tarde<\/a><\/li>\n<li>\u00abEl Rey Le\u00f3n, el musical\u00bb, en el Teatro Lope de Vega<\/li>\n<\/ul>\n<h2><span id=\"Planes-de-los-proximos-meses-de-2025\"><span id=\"Planes-de-los-proximos-meses-de-20258230\">Planes que empiezan en los pr\u00f3ximos meses\u2026<\/span><\/span><\/h2>\n<ul>\n<li>Del 3 al 5 de enero: Cabalgatas de distrito<\/li>\n<li>5 de enero de 2026: Cabalgata 2026<\/li>\n<li>Del 19 al 22 de marzo de 2026 &#8211; Cirque du Soleil con \u00abOvo\u00bb en el Movistar Arena<\/li>\n<li>Del 8 al 11 de julio de 2026: <a href=\"https:\/\/www.vidademadrid.com\/es\/60544\/mad-cool-2026-madrid-fechas-recinto-lineup-cartel-entradas\/\">Mad Cool 2026<\/a><\/li>\n<li>Del 11 al 13 de septiembre de 2026: Gran Premio de Espa\u00f1a de F1 en Ifema<\/li>\n<\/ul>\n<p>&nbsp;<\/p>\n<p><em>Para informarnos de planes que faltan o si quieres promocionar tu evento, escribe a info@vidademadrid.com o publicidad@vidademadrid.com<\/em><\/p>\n","protected":false},"excerpt":{"rendered":"<p>Nuestro recopilatorio del mes<\/p>\n","protected":false},"author":1,"featured_media":60571,"comment_status":"open","ping_status":"open","sticky":false,"template":"","format":"standard","meta":{"footnotes":""},"categories":[193,187],"tags":[],"class_list":{"0":"post-60621","1":"post","2":"type-post","3":"status-publish","4":"format-standard","5":"has-post-thumbnail","7":"category-agenda-del-mes-madrid","8":"category-madrid-hoy"},"_links":{"self":[{"href":"https:\/\/www.vidademadrid.com\/es\/wp-json\/wp\/v2\/posts\/60621","targetHints":{"allow":["GET"]}}],"collection":[{"href":"https:\/\/www.vidademadrid.com\/es\/wp-json\/wp\/v2\/posts"}],"about":[{"href":"https:\/\/www.vidademadrid.com\/es\/wp-json\/wp\/v2\/types\/post"}],"author":[{"embeddable":true,"href":"https:\/\/www.vidademadrid.com\/es\/wp-json\/wp\/v2\/users\/1"}],"replies":[{"embeddable":true,"href":"https:\/\/www.vidademadrid.com\/es\/wp-json\/wp\/v2\/comments?post=60621"}],"version-history":[{"count":13,"href":"https:\/\/www.vidademadrid.com\/es\/wp-json\/wp\/v2\/posts\/60621\/revisions"}],"predecessor-version":[{"id":60739,"href":"https:\/\/www.vidademadrid.com\/es\/wp-json\/wp\/v2\/posts\/60621\/revisions\/60739"}],"wp:featuredmedia":[{"embeddable":true,"href":"https:\/\/www.vidademadrid.com\/es\/wp-json\/wp\/v2\/media\/60571"}],"wp:attachment":[{"href":"https:\/\/www.vidademadrid.com\/es\/wp-json\/wp\/v2\/media?parent=60621"}],"wp:term":[{"taxonomy":"category","embeddable":true,"href":"https:\/\/www.vidademadrid.com\/es\/wp-json\/wp\/v2\/categories?post=60621"},{"taxonomy":"post_tag","embeddable":true,"href":"https:\/\/www.vidademadrid.com\/es\/wp-json\/wp\/v2\/tags?post=60621"}],"curies":[{"name":"wp","href":"https:\/\/api.w.org\/{rel}","templated":true}]}}