{"id":60619,"date":"2025-12-01T10:09:25","date_gmt":"2025-12-01T09:09:25","guid":{"rendered":"https:\/\/www.vidademadrid.com\/es\/?p=60619"},"modified":"2025-12-01T10:09:28","modified_gmt":"2025-12-01T09:09:28","slug":"exposicion-pintura-cuzquena-museo-de-america-2025","status":"publish","type":"post","link":"https:\/\/www.vidademadrid.com\/es\/60619\/exposicion-pintura-cuzquena-museo-de-america-2025\/","title":{"rendered":"Una exposici\u00f3n gratuita de pintura cuzque\u00f1a llega al Museo de Am\u00e9rica"},"content":{"rendered":"<p>El\u00a0<strong>Museo de Am\u00e9rica\u00a0<\/strong>acoge la nueva exposici\u00f3n <strong>\u00abPintura Cuzque\u00f1a. Centro y Periferia\u00bb\u00a0<\/strong>que explora la riqueza y diversidad de este movimiento art\u00edstico colonial surgido en los Andes.<\/p>\n<h2>\u00abPintura Cuzque\u00f1a. Centro y Periferia\u00bb en el Museo de Am\u00e9rica<\/h2>\n<p>La exposici\u00f3n <strong>\u00abPintura Cuzque\u00f1a. Centro y Periferia\u00bb\u00a0<\/strong>ofrece un amplio recorrido por uno de los estilos pict\u00f3ricos m\u00e1s representativos del\u00a0<strong>arte virreinal\u00a0<\/strong>en Am\u00e9rica.<\/p>\n<p>A trav\u00e9s de obras procedentes de distintas colecciones, la exposici\u00f3n analiza como el taller cuzque\u00f1o se consolid\u00f3 como un centro de producci\u00f3n art\u00edstica de enorme afluencia, al tiempo que muestra distintas corrientes y expresiones que florecieron en las periferias.<\/p>\n<p>En <strong>\u00abPintura Cuzque\u00f1a. Centro y Periferia\u00bb\u00a0<\/strong>el visitante podr\u00e1 descubrir la tradici\u00f3n ind\u00edgena y est\u00e9tica europea que caracteriza a la Escuela Cuzque\u00f1a y su expansi\u00f3n durante los siglos XVII y XVIII.<\/p>\n<h2>Visita la exposici\u00f3n<\/h2>\n<p>La exposici\u00f3n se podr\u00e1 visitar del\u00a0<strong>27 de noviembre de 2025 al 19 de abril de 2026\u00a0<\/strong>en la Sala de exposiciones temporal del Museo de Am\u00e9rica.<\/p>\n<p>La entrada es gratuita.<\/p>\n","protected":false},"excerpt":{"rendered":"<p>Se podr\u00e1 visitar hasta el 19 de abril. <\/p>\n","protected":false},"author":15,"featured_media":60620,"comment_status":"open","ping_status":"open","sticky":false,"template":"","format":"standard","meta":{"footnotes":""},"categories":[111],"tags":[],"class_list":{"0":"post-60619","1":"post","2":"type-post","3":"status-publish","4":"format-standard","5":"has-post-thumbnail","7":"category-exposiciones-madrid"},"_links":{"self":[{"href":"https:\/\/www.vidademadrid.com\/es\/wp-json\/wp\/v2\/posts\/60619","targetHints":{"allow":["GET"]}}],"collection":[{"href":"https:\/\/www.vidademadrid.com\/es\/wp-json\/wp\/v2\/posts"}],"about":[{"href":"https:\/\/www.vidademadrid.com\/es\/wp-json\/wp\/v2\/types\/post"}],"author":[{"embeddable":true,"href":"https:\/\/www.vidademadrid.com\/es\/wp-json\/wp\/v2\/users\/15"}],"replies":[{"embeddable":true,"href":"https:\/\/www.vidademadrid.com\/es\/wp-json\/wp\/v2\/comments?post=60619"}],"version-history":[{"count":1,"href":"https:\/\/www.vidademadrid.com\/es\/wp-json\/wp\/v2\/posts\/60619\/revisions"}],"predecessor-version":[{"id":60622,"href":"https:\/\/www.vidademadrid.com\/es\/wp-json\/wp\/v2\/posts\/60619\/revisions\/60622"}],"wp:featuredmedia":[{"embeddable":true,"href":"https:\/\/www.vidademadrid.com\/es\/wp-json\/wp\/v2\/media\/60620"}],"wp:attachment":[{"href":"https:\/\/www.vidademadrid.com\/es\/wp-json\/wp\/v2\/media?parent=60619"}],"wp:term":[{"taxonomy":"category","embeddable":true,"href":"https:\/\/www.vidademadrid.com\/es\/wp-json\/wp\/v2\/categories?post=60619"},{"taxonomy":"post_tag","embeddable":true,"href":"https:\/\/www.vidademadrid.com\/es\/wp-json\/wp\/v2\/tags?post=60619"}],"curies":[{"name":"wp","href":"https:\/\/api.w.org\/{rel}","templated":true}]}}