{"id":60615,"date":"2025-11-28T15:05:26","date_gmt":"2025-11-28T14:05:26","guid":{"rendered":"https:\/\/www.vidademadrid.com\/es\/?p=60615"},"modified":"2025-11-28T15:05:28","modified_gmt":"2025-11-28T14:05:28","slug":"belen-casa-de-mexico-en-espana-visita-navidad-2025","status":"publish","type":"post","link":"https:\/\/www.vidademadrid.com\/es\/60615\/belen-casa-de-mexico-en-espana-visita-navidad-2025\/","title":{"rendered":"La Casa de M\u00e9xico en Espa\u00f1a acoge un bel\u00e9n con figuras de 170 cent\u00edmetros"},"content":{"rendered":"<p>La\u00a0<strong>Casa de M\u00e9xico en Espa\u00f1a\u00a0<\/strong>acoge un <strong>Bel\u00e9n,\u00a0<\/strong>o &#8216;Nacimiento&#8217; como le llaman en M\u00e9xico, artesanal con figuras de aproximadamente 170 cm. de alto. La exposici\u00f3n, que podr\u00e1 visitar de forma libre y gratuita, se completa con 30 belenes artesanales. Te contamos toda la informaci\u00f3n en este art\u00edculo.<\/p>\n<h2>Bel\u00e9n de la Casa de M\u00e9xico en Espa\u00f1a Navidad 2025<\/h2>\n<p>Un a\u00f1o m\u00e1s, la\u00a0<strong>Fundaci\u00f3n Casa de M\u00e9xico en Espa\u00f1a\u00a0<\/strong>acoge la exposici\u00f3n navide\u00f1a\u00a0<strong>Belenes de M\u00e9xico,\u00a0<\/strong>una instalaci\u00f3n art\u00edstica que busca difundir las tradiciones y el arte popular mexicano.<\/p>\n<p>En esta edici\u00f3n, el Bel\u00e9n principal est\u00e1 formado por\u00a0<strong>10 figuras,<\/strong> la Sagrada Familia, los Reyes Magos y los animales que le acompa\u00f1an, de aproximadamente 170 cent\u00edmetros de alto elaboradas en barro rojo en Metepec, Estado de M\u00e9xico. Este bel\u00e9n es obra de Alfonso Soteno Fern\u00e1ndez, y la exposici\u00f3n rinde homenaje a su familia reconocida como una de las familias m\u00e1s destacadas de la alfarer\u00eda mexicana.<\/p>\n<p>El ambiente del Bel\u00e9n simula la noche con m\u00e1s de 25 mil flores de papel que decoran la entrada de la Fundaci\u00f3n y se complementa con un \u00e1rbol de Navidad de m\u00e1s de 4 metros de altura decorado con cact\u00e1ceas y suculentas.<\/p>\n<p>La exposici\u00f3n se completa con\u00a0<strong>treinta belenes m\u00e1s\u00a0<\/strong>realizados en diversas t\u00e9cnicas de arte popular como barro vidriado, palma tejida, barro modelado, hojalata repujada, flor inmortal y mucho m\u00e1s.<\/p>\n<h2>Visita el Bel\u00e9n de la Casa de M\u00e9xico<\/h2>\n<p>El\u00a0<strong>Bel\u00e9n\u00a0<\/strong>de la <strong>Casa de M\u00e9xico <\/strong>se podr\u00e1 visitar del <strong>28 de noviembre de 2025 al 11 de enero de 2026\u00a0<\/strong>en la\u00a0<strong>Fundaci\u00f3n Casa de M\u00e9xico\u00a0<\/strong>(Metro Arg\u00fcelles). La visita es libre y gratuita.<\/p>\n","protected":false},"excerpt":{"rendered":"<p>Se podr\u00e1 visitar hasta el 11 de enero. <\/p>\n","protected":false},"author":15,"featured_media":60616,"comment_status":"open","ping_status":"open","sticky":false,"template":"","format":"standard","meta":{"footnotes":""},"categories":[111],"tags":[],"class_list":{"0":"post-60615","1":"post","2":"type-post","3":"status-publish","4":"format-standard","5":"has-post-thumbnail","7":"category-exposiciones-madrid"},"_links":{"self":[{"href":"https:\/\/www.vidademadrid.com\/es\/wp-json\/wp\/v2\/posts\/60615","targetHints":{"allow":["GET"]}}],"collection":[{"href":"https:\/\/www.vidademadrid.com\/es\/wp-json\/wp\/v2\/posts"}],"about":[{"href":"https:\/\/www.vidademadrid.com\/es\/wp-json\/wp\/v2\/types\/post"}],"author":[{"embeddable":true,"href":"https:\/\/www.vidademadrid.com\/es\/wp-json\/wp\/v2\/users\/15"}],"replies":[{"embeddable":true,"href":"https:\/\/www.vidademadrid.com\/es\/wp-json\/wp\/v2\/comments?post=60615"}],"version-history":[{"count":1,"href":"https:\/\/www.vidademadrid.com\/es\/wp-json\/wp\/v2\/posts\/60615\/revisions"}],"predecessor-version":[{"id":60617,"href":"https:\/\/www.vidademadrid.com\/es\/wp-json\/wp\/v2\/posts\/60615\/revisions\/60617"}],"wp:featuredmedia":[{"embeddable":true,"href":"https:\/\/www.vidademadrid.com\/es\/wp-json\/wp\/v2\/media\/60616"}],"wp:attachment":[{"href":"https:\/\/www.vidademadrid.com\/es\/wp-json\/wp\/v2\/media?parent=60615"}],"wp:term":[{"taxonomy":"category","embeddable":true,"href":"https:\/\/www.vidademadrid.com\/es\/wp-json\/wp\/v2\/categories?post=60615"},{"taxonomy":"post_tag","embeddable":true,"href":"https:\/\/www.vidademadrid.com\/es\/wp-json\/wp\/v2\/tags?post=60615"}],"curies":[{"name":"wp","href":"https:\/\/api.w.org\/{rel}","templated":true}]}}