{"id":60610,"date":"2025-11-28T07:31:51","date_gmt":"2025-11-28T06:31:51","guid":{"rendered":"https:\/\/www.vidademadrid.com\/es\/?p=60610"},"modified":"2025-12-01T12:23:30","modified_gmt":"2025-12-01T11:23:30","slug":"autobuses-emt-gratuitos-black-friday-2025","status":"publish","type":"post","link":"https:\/\/www.vidademadrid.com\/es\/60610\/autobuses-emt-gratuitos-black-friday-2025\/","title":{"rendered":"Los autobuses de la EMT ser\u00e1n gratis durante el Black Friday 2025"},"content":{"rendered":"<p>El\u00a0<strong>Ayuntamiento de Madrid\u00a0<\/strong>ha dado a conocer que los autobuses de la Empresa Municipal de Transportes (EMT) ser\u00e1n gratis durante el\u00a0<strong>Black Friday.\u00a0<\/strong>Te contamos toda la informaci\u00f3n en este art\u00edculo.<\/p>\n<h2>Los autobuses de la EMT ser\u00e1n gratuitos el Black Friday<\/h2>\n<p>Los autobuses de la EMT volver\u00e1n a ser gratuitos durante las tres jornadas del Black Friday. Los d\u00edas\u00a0<strong>28, 29 y 30 de noviembre\u00a0<\/strong>los autobuses ser\u00e1n gratuitos desde las\u00a0<strong>00:00 horas\u00a0<\/strong>del viernes 28 hasta las\u00a0<strong>23:59 horas\u00a0<\/strong>del domingo 30.\u00a0Esta medida aplicar\u00e1 a todos los autobuses de la EMT menos en la l\u00ednea <strong>E<\/strong><strong>xpr\u00e9s Aeropuerto.\u00a0<\/strong><\/p>\n<p>Debido a la gran afluencia de personas, se reforzar\u00e1n con hasta 20 autobuses adicionales en las zonas con mayor demanda. Las l\u00edneas que contar\u00e1n con mayores refuerzos en horario de tarde ser\u00e1n la 5, 14, 18, 19, 21, 26, 27, 30, 35, 53, 77, 128, 146, 150, 152, E1, E2 y E3.<\/p>\n<h2>Bicimad gratuito<\/h2>\n<p>Asimismo, por cuarta vez, el servicio de bicicleta p\u00fablica el\u00e9ctrica\u00a0<strong>bicimad\u00a0<\/strong>se sumar\u00e1 a estas jornadas y todos los viajes de\u00a0<strong>hasta 30 minutos de duraci\u00f3n\u00a0<\/strong>ser\u00e1n gratuitos durante los tres d\u00edas.<\/p>\n","protected":false},"excerpt":{"rendered":"<p>Ser\u00e1 gratis el 28, 29 y 30 de noviembre. <\/p>\n","protected":false},"author":15,"featured_media":53990,"comment_status":"open","ping_status":"open","sticky":false,"template":"","format":"standard","meta":{"footnotes":""},"categories":[23],"tags":[],"class_list":{"0":"post-60610","1":"post","2":"type-post","3":"status-publish","4":"format-standard","5":"has-post-thumbnail","7":"category-transportes-huelgas-madrid"},"_links":{"self":[{"href":"https:\/\/www.vidademadrid.com\/es\/wp-json\/wp\/v2\/posts\/60610","targetHints":{"allow":["GET"]}}],"collection":[{"href":"https:\/\/www.vidademadrid.com\/es\/wp-json\/wp\/v2\/posts"}],"about":[{"href":"https:\/\/www.vidademadrid.com\/es\/wp-json\/wp\/v2\/types\/post"}],"author":[{"embeddable":true,"href":"https:\/\/www.vidademadrid.com\/es\/wp-json\/wp\/v2\/users\/15"}],"replies":[{"embeddable":true,"href":"https:\/\/www.vidademadrid.com\/es\/wp-json\/wp\/v2\/comments?post=60610"}],"version-history":[{"count":1,"href":"https:\/\/www.vidademadrid.com\/es\/wp-json\/wp\/v2\/posts\/60610\/revisions"}],"predecessor-version":[{"id":60611,"href":"https:\/\/www.vidademadrid.com\/es\/wp-json\/wp\/v2\/posts\/60610\/revisions\/60611"}],"wp:featuredmedia":[{"embeddable":true,"href":"https:\/\/www.vidademadrid.com\/es\/wp-json\/wp\/v2\/media\/53990"}],"wp:attachment":[{"href":"https:\/\/www.vidademadrid.com\/es\/wp-json\/wp\/v2\/media?parent=60610"}],"wp:term":[{"taxonomy":"category","embeddable":true,"href":"https:\/\/www.vidademadrid.com\/es\/wp-json\/wp\/v2\/categories?post=60610"},{"taxonomy":"post_tag","embeddable":true,"href":"https:\/\/www.vidademadrid.com\/es\/wp-json\/wp\/v2\/tags?post=60610"}],"curies":[{"name":"wp","href":"https:\/\/api.w.org\/{rel}","templated":true}]}}