{"id":60607,"date":"2025-11-25T10:09:48","date_gmt":"2025-11-25T09:09:48","guid":{"rendered":"https:\/\/www.vidademadrid.com\/es\/?p=60607"},"modified":"2025-11-25T10:09:51","modified_gmt":"2025-11-25T09:09:51","slug":"exposicion-antonio-raphael-mengs-museo-del-prado-2025","status":"publish","type":"post","link":"https:\/\/www.vidademadrid.com\/es\/60607\/exposicion-antonio-raphael-mengs-museo-del-prado-2025\/","title":{"rendered":"Visita la exposici\u00f3n de Antonio Raphael Mengs en el Museo del Prado"},"content":{"rendered":"<p>El\u00a0<strong>Museo Nacional del Prado,\u00a0<\/strong>en colaboraci\u00f3n con la Fundaci\u00f3n BBVA, presenta una exposici\u00f3n dedicada a\u00a0<strong>Antonio Raphael Mengs,\u00a0<\/strong>pieza clave del Neoclasisismo y uno de los artistas m\u00e1s influyentes del siglo XVIII. Te contamos toda la informaci\u00f3n en este art\u00edculo.<\/p>\n<h2>Antonio Raphael Mengs en el Prado<\/h2>\n<p>La obra de<strong> Antonio Rafael Mengs<\/strong>, una de las figuras m\u00e1s influyentes del siglo XVIII, llega al\u00a0<strong>Museo del Prado.\u00a0<\/strong>La exposici\u00f3n re\u00fane un total de\u00a0<strong>159 obras,\u00a0<\/strong>entre las que se incluyen pinturas, artes decorativas y dibujos procedentes de instituciones nacionales e internacionales as\u00ed como colecciones privadas.<\/p>\n<p>Mengs es considerado uno de los grandes renovadores de la pintura europea del siglo XVIII y fue el\u00a0<strong>principal impulso del Neoclasisismo\u00a0<\/strong><\/p>\n<h3>La exposici\u00f3n<\/h3>\n<p>La exposici\u00f3n se articula en\u00a0<strong>diez secciones tem\u00e1ticas\u00a0<\/strong>que combinan el recorrido biogr\u00e1fico del artista, desde su formaci\u00f3n en Dresde y Roma, y los temas de su producci\u00f3n, descubriendo la influencia de Rafael y Correggio en su obra.<\/p>\n<p>Las secciones en las que se divide la exposici\u00f3n son\u00a0<em>El permanente reto a Rafael,\u00a0<\/em>donde se analiza la emulaci\u00f3n al gran maestro italiano;\u00a0<em>Roma,\u00a0caput mundi y Roma, la fascinaci\u00f3n del mundo antiguo\u00a0<\/em>que muestra el impacto de la Ciudad Eterna en Mengs;\u00a0<em>El final de su relaci\u00f3n con Winckelmann<\/em>;\u00a0<em>Mengs, el pintor fil\u00f3sofo,\u00a0<\/em>que lo convirti\u00f3 en un referente intelectual del arte ilustrado.<\/p>\n<p>Otras de las secciones de la exposici\u00f3n exploran el mecenazgo de Carlos III y se puede descubrir en\u00a0<em>Pintor de Su Majestad Cat\u00f3lica y de la corte de Madrid\u00a0<\/em>y\u00a0<em>Las grandes obras: la pintura mural.\u00a0<\/em><\/p>\n<p>Finalmente, la exposici\u00f3n termina con la secci\u00f3n\u00a0<em>Mengs, int\u00e9rprete de la nueva devoci\u00f3n ilustrada,\u00a0<\/em>que explora su contribuci\u00f3n a la pintura religiosa y\u00a0<em>El legado de Mengs,\u00a0<\/em>que examina su influencia en artistas posteriores como Francisco de Goya y Antonio Canova.<\/p>\n<h2>Visita la exposici\u00f3n<\/h2>\n<p>La exposici\u00f3n de\u00a0<strong>Antonio Raphael Mengs\u00a0<\/strong>se podr\u00e1 visitar en el\u00a0<strong>Museo Nacional del Prado\u00a0<\/strong>(Metro Estaci\u00f3n del Arte) del\u00a0<strong>25 de noviembre de 2025 al 1 de marzo de 2026.\u00a0<\/strong><\/p>\n<p>El horario de apertura es\u00a0de lunes a s\u00e1bado de 10 a 20 horas y los domingos de 10 a 19 horas.<\/p>\n","protected":false},"excerpt":{"rendered":"<p>Se podr\u00e1 visitar hasta el 1 de marzo de 2026. <\/p>\n","protected":false},"author":15,"featured_media":60608,"comment_status":"open","ping_status":"open","sticky":false,"template":"","format":"standard","meta":{"footnotes":""},"categories":[111],"tags":[],"class_list":{"0":"post-60607","1":"post","2":"type-post","3":"status-publish","4":"format-standard","5":"has-post-thumbnail","7":"category-exposiciones-madrid"},"_links":{"self":[{"href":"https:\/\/www.vidademadrid.com\/es\/wp-json\/wp\/v2\/posts\/60607","targetHints":{"allow":["GET"]}}],"collection":[{"href":"https:\/\/www.vidademadrid.com\/es\/wp-json\/wp\/v2\/posts"}],"about":[{"href":"https:\/\/www.vidademadrid.com\/es\/wp-json\/wp\/v2\/types\/post"}],"author":[{"embeddable":true,"href":"https:\/\/www.vidademadrid.com\/es\/wp-json\/wp\/v2\/users\/15"}],"replies":[{"embeddable":true,"href":"https:\/\/www.vidademadrid.com\/es\/wp-json\/wp\/v2\/comments?post=60607"}],"version-history":[{"count":1,"href":"https:\/\/www.vidademadrid.com\/es\/wp-json\/wp\/v2\/posts\/60607\/revisions"}],"predecessor-version":[{"id":60609,"href":"https:\/\/www.vidademadrid.com\/es\/wp-json\/wp\/v2\/posts\/60607\/revisions\/60609"}],"wp:featuredmedia":[{"embeddable":true,"href":"https:\/\/www.vidademadrid.com\/es\/wp-json\/wp\/v2\/media\/60608"}],"wp:attachment":[{"href":"https:\/\/www.vidademadrid.com\/es\/wp-json\/wp\/v2\/media?parent=60607"}],"wp:term":[{"taxonomy":"category","embeddable":true,"href":"https:\/\/www.vidademadrid.com\/es\/wp-json\/wp\/v2\/categories?post=60607"},{"taxonomy":"post_tag","embeddable":true,"href":"https:\/\/www.vidademadrid.com\/es\/wp-json\/wp\/v2\/tags?post=60607"}],"curies":[{"name":"wp","href":"https:\/\/api.w.org\/{rel}","templated":true}]}}