{"id":60605,"date":"2025-11-25T09:30:00","date_gmt":"2025-11-25T08:30:00","guid":{"rendered":"https:\/\/www.vidademadrid.com\/es\/?p=60605"},"modified":"2025-11-28T11:50:04","modified_gmt":"2025-11-28T10:50:04","slug":"julia-jaume-plensa-prorroga-estancia-plaza-de-colon","status":"publish","type":"post","link":"https:\/\/www.vidademadrid.com\/es\/60605\/julia-jaume-plensa-prorroga-estancia-plaza-de-colon\/","title":{"rendered":"Julia, de Jaume Plensa, permanecer\u00e1 en Col\u00f3n un a\u00f1o m\u00e1s"},"content":{"rendered":"<p>El\u00a0<strong>Ayuntamiento de Madrid\u00a0<\/strong>ha dado a conocer que, tras llegar a un acuerdo con la <strong>Fundaci\u00f3n Mar\u00eda Cristina Masaveu Peterson,\u00a0<\/strong>la escultura <em>Julia<\/em>\u00a0de Jaume Plensa permanecer\u00e1 en la plaza de Col\u00f3n un a\u00f1o m\u00e1s.<\/p>\n<h2>Julia, de Jaume Plensa, permanecer\u00e1 en Col\u00f3n<\/h2>\n<p>La Fundaci\u00f3n Mar\u00eda Cristina Masaveu Peterson, propietaria de la obra, y el Ayuntamiento de Madrid ha acordado prolongar la escultura creada por\u00a0<strong>Jaime Plensa\u00a0<\/strong>hasta diciembre de 2026, con posibilidad de alargarlo hasta diciembre de 2027.<\/p>\n<p><em>Julia,\u00a0<\/em>que se ha convertido en un \u00edcono de la ciudad, es una escultura de 12 metros de altura que representa una cabeza con los ojos cerrados y est\u00e1 hecha en resina de poli\u00e9ster y polvo de m\u00e1rmol blanco.<\/p>\n<h2>Conservaci\u00f3n de la obra<\/h2>\n<p>Con el fin de mantener\u00a0<em>Julia\u00a0<\/em>en el mejor estado posible, entre los meses de abril y junio de 2026 se prev\u00e9 una intervenci\u00f3n especializada de la obra.<\/p>\n<p>Esta actuaci\u00f3n se realizar\u00e1 en conjunto con Madrid Destino y la Fundaci\u00f3n Mar\u00eda Cristina Masaveu Peterson.<\/p>\n","protected":false},"excerpt":{"rendered":"<p>La obra de 12 metros de altura permanecer\u00e1 en la plaza de Col\u00f3n un a\u00f1o m\u00e1s. <\/p>\n","protected":false},"author":15,"featured_media":28192,"comment_status":"open","ping_status":"open","sticky":false,"template":"","format":"standard","meta":{"footnotes":""},"categories":[195],"tags":[],"class_list":{"0":"post-60605","1":"post","2":"type-post","3":"status-publish","4":"format-standard","5":"has-post-thumbnail","7":"category-cultura"},"_links":{"self":[{"href":"https:\/\/www.vidademadrid.com\/es\/wp-json\/wp\/v2\/posts\/60605","targetHints":{"allow":["GET"]}}],"collection":[{"href":"https:\/\/www.vidademadrid.com\/es\/wp-json\/wp\/v2\/posts"}],"about":[{"href":"https:\/\/www.vidademadrid.com\/es\/wp-json\/wp\/v2\/types\/post"}],"author":[{"embeddable":true,"href":"https:\/\/www.vidademadrid.com\/es\/wp-json\/wp\/v2\/users\/15"}],"replies":[{"embeddable":true,"href":"https:\/\/www.vidademadrid.com\/es\/wp-json\/wp\/v2\/comments?post=60605"}],"version-history":[{"count":1,"href":"https:\/\/www.vidademadrid.com\/es\/wp-json\/wp\/v2\/posts\/60605\/revisions"}],"predecessor-version":[{"id":60606,"href":"https:\/\/www.vidademadrid.com\/es\/wp-json\/wp\/v2\/posts\/60605\/revisions\/60606"}],"wp:featuredmedia":[{"embeddable":true,"href":"https:\/\/www.vidademadrid.com\/es\/wp-json\/wp\/v2\/media\/28192"}],"wp:attachment":[{"href":"https:\/\/www.vidademadrid.com\/es\/wp-json\/wp\/v2\/media?parent=60605"}],"wp:term":[{"taxonomy":"category","embeddable":true,"href":"https:\/\/www.vidademadrid.com\/es\/wp-json\/wp\/v2\/categories?post=60605"},{"taxonomy":"post_tag","embeddable":true,"href":"https:\/\/www.vidademadrid.com\/es\/wp-json\/wp\/v2\/tags?post=60605"}],"curies":[{"name":"wp","href":"https:\/\/api.w.org\/{rel}","templated":true}]}}