{"id":60603,"date":"2025-11-24T10:00:00","date_gmt":"2025-11-24T09:00:00","guid":{"rendered":"https:\/\/www.vidademadrid.com\/es\/?p=60603"},"modified":"2025-12-09T10:56:50","modified_gmt":"2025-12-09T09:56:50","slug":"belenes-madrid-navidad-2025-donde-estan","status":"publish","type":"post","link":"https:\/\/www.vidademadrid.com\/es\/60603\/belenes-madrid-navidad-2025-donde-estan\/","title":{"rendered":"Navidad Madrid 2025: estos son los belenes que habr\u00e1 en Madrid estas navidades"},"content":{"rendered":"<p>La tradici\u00f3n de recorrer la ciudad viendo Belenes es una de las m\u00e1s esperadas de la\u00a0<strong>Navidad.\u00a0<\/strong>El \u00abarmar el Bel\u00e9n\u00bb ha sido declarado como una Manifestaci\u00f3n Representativa del Patrimonio Cultural Inmaterial de Espa\u00f1a.<\/p>\n<p>Te compartimos todos los Belenes que se podr\u00e1n visitar en Madrid esta Navidad 2025:<\/p>\n<h2>Belenes en Madrid esta Navidad 2025<\/h2>\n<h3>Bel\u00e9n del Ayuntamiento de Madrid &#8211; del 28\/11 al 4\/1<\/h3>\n<p>El Bel\u00e9n original del artesano Jos\u00e9 Luis Mayo est\u00e1 formado por 200 figuras y 20 construcciones que se instala en un enclave circular que permite verlo desde cualquier punto.<\/p>\n<p>Se podr\u00e1 visitar en CentroCentro todos los d\u00edas, excepto los lunes que permanecer\u00e1 cerrado.<\/p>\n<p>El acceso es gratuito previa retirada de entradas en taquilla o reserva digital (coste de gesti\u00f3n 0,50 euros). La reserva se hace en este <a href=\"http:\/\/www.navidadmadrid.com\">enlace<\/a>. M\u00e1ximo 4 entradas por persona.<\/p>\n<h3>Bel\u00e9n de la Comunidad de Madrid &#8211; 28\/11 al 6\/1<\/h3>\n<p>El Bel\u00e9n de la\u00a0<strong>Comunidad de Madrid\u00a0<\/strong>vuelve a la Real Casa de Correos en el que se podr\u00e1 disfrutar de este espectacular Bel\u00e9n de 132 metros cuadrados y m\u00e1s de 500 figuras.<\/p>\n<p>El recorrido por las distintas escenas comienza en los asentamientos hebreos de Nazaret y Bel\u00e9n, donde se revive la vida cotidiana, y se detiene posteriormente en los momentos esenciales del relato evang\u00e9lico.<\/p>\n<p>Se puede visitar del 28 de noviembre al 6 de enero de 10 a 22 horas; 28 de noviembre, 5 de diciembre y 6 de enero de 15 a 22 horas y el 24 y 31 de diciembre y 5 de enero de 10 a 18 horas.<\/p>\n<p>La visita es libre y gratuita hasta completar aforo.<\/p>\n<h3>Bel\u00e9n del Pr\u00edncipe en el Palacio Real de Madrid &#8211; 5\/12 al 5\/1<\/h3>\n<p>El tradicional\u00a0<strong>bel\u00e9n Napolitano\u00a0<\/strong>iniciado por Carlos III para el Pr\u00edncipe de Asturias, el futuro Carlos IV, se compone de varios centenares de figuras y objetos de origen napolitano y espa\u00f1ol. Durante el reinado de Carlos IV lleg\u00f3 a tener m\u00e1s de 5.900 piezas.<\/p>\n<p>Actualmente \u00fanicamente se mantienen 89 figuras, a las que se a\u00f1adieron en 2001, un nuevo conjunto de 143, adquiridas en N\u00e1poles, con la intenci\u00f3n de recrear c\u00f3mo era originalmente. Las figuras se remontan del siglo XVIII hasta el XXI.<\/p>\n<p>El montaje de este a\u00f1o tiene dos protagonistas: la\u00a0<strong>Casa del Labrador de Aranjuez,\u00a0<\/strong>inaugurada este mes de septiembre, y la\u00a0<strong>Real Botica,\u00a0<\/strong>cuya reapertura est\u00e1 prevista para junio de 2026.<\/p>\n<p>Se podr\u00e1 visitar en el\u00a0<strong>Palacio Real de Madrid.\u00a0<\/strong>El horario es de lunes a s\u00e1bado de 10 a 18 horas (\u00faltimo acceso a las 17 horas) y los domingos y festivos de 10 a 16 horas (\u00faltimo acceso a las 15 horas).<\/p>\n<h3>Bel\u00e9n del \u00c1rea de Gobierno de Obras y Equipamiento &#8211; 22\/11 al 6\/1<\/h3>\n<p>A trav\u00e9s de este bel\u00e9n art\u00edstico popular con figuras de 35 cm hechas de manera artesanal por el reconocido belenista Jes\u00fas Mayo Lebrija podr\u00e1s contemplar la cabalgata de los Reyes Magos, la Anunciaci\u00f3n a los pastores, el pueblo de Bel\u00e9n y otras cl\u00e1sicas escenas en torno al Nacimiento de Jes\u00fas.<\/p>\n<p>Se podr\u00e1 visitar en la Calle \u00c1lcala 45 de lunes a viernes de 8 a 19 horas. La visita es libre y gratuita hasta completar aforo.<\/p>\n<h3>Bel\u00e9n del Museo de Historia de Madrid &#8211; 1\/12 al 1\/2<\/h3>\n<p>La Capilla del Museo de Historia de Madrid acoge un Bel\u00e9n napolitano de cincuenta figuras en el que se representan las escenas de la Natividad de Jes\u00fas junto con las costumbres del pueblo napolitano del siglo XVIII.<\/p>\n<p>Se podr\u00e1 visitar del 1 de diciembre al 1 de febrero de 10 a 20 horas. La visita es libre y gratuita hasta completar aforo.<\/p>\n<h3>Bel\u00e9n del Museo de San Isidro &#8211; 2\/12 al 18\/1<\/h3>\n<p>Este a\u00f1o, el Museo de San Isidro cumple 25 a\u00f1os y lo celebra con una representaci\u00f3n a\u00a0<strong>tama\u00f1o natural\u00a0<\/strong>de la Epifan\u00eda con la Adoraci\u00f3n de los Reyes Magos y por otro lado acoge una exhibici\u00f3n de <strong>doce belenes\u00a0<\/strong>de todo el mundo con piezas pertenecientes a la colecci\u00f3n Basanta-Mart\u00edn.<\/p>\n<p>Se podr\u00e1 visitar del 2 de diciembre al 18 de enero de 10 a 20 horas. La visita es libre y gratuita hasta completar aforo.<\/p>\n<h3>Bel\u00e9n de la Monta\u00f1a de los Gatos en el Retiro &#8211; hasta 8\/1<\/h3>\n<p>La Monta\u00f1a de los Gatos en el Parque del Retiro acoge el bel\u00e9n monumental de la colecci\u00f3n Basanta-Mart\u00edn, una de las m\u00e1s prestigiosas de este \u00e1mbito. Formado por m\u00e1s de 160 figuras entre 18 y 30 cent\u00edmetros. El entorno expositivo cuenta con el Bel\u00e9n y 12 vitrinas que muestran una selecci\u00f3n de figuras y grupos escult\u00f3ricos procedentes de otros belenes italianos.<\/p>\n<p>Se podr\u00e1 visitar hasta el 8 de enero. El horario de apertura es de \u00a011.00 a 14.00 horas y de 17.00 a 20.00 h.<\/p>\n<h3>Bel\u00e9n de la Fundaci\u00f3n Casa de M\u00e9xico en Espa\u00f1a &#8211; 28\/11 &#8211; 11\/1<\/h3>\n<p>La\u00a0<strong>Casa de M\u00e9xico en Espa\u00f1a\u00a0<\/strong>acoge un\u00a0<strong><a href=\"https:\/\/www.vidademadrid.com\/es\/60615\/belen-casa-de-mexico-en-espana-visita-navidad-2025\/\">Bel\u00e9n<\/a>,\u00a0<\/strong>o \u2018Nacimiento\u2019 como le llaman en M\u00e9xico, artesanal con figuras de aproximadamente 170 cm. de alto. La exposici\u00f3n, que podr\u00e1 visitar de forma libre y gratuita, se completa con 30 belenes artesanales. Le acompa\u00f1an 25 mil flores que decoran el lugar simulando el cielo.<\/p>\n<p>El\u00a0<strong>Bel\u00e9n\u00a0<\/strong>de la\u00a0<strong>Casa de M\u00e9xico\u00a0<\/strong>se podr\u00e1 visitar del\u00a0<strong>28 de noviembre de 2025 al 11 de enero de 2026\u00a0<\/strong>en la\u00a0<strong>Fundaci\u00f3n Casa de M\u00e9xico\u00a0<\/strong>(Metro Arg\u00fcelles).<\/p>\n<h3>Bel\u00e9n dedicado al Per\u00fa Virreinal &#8211; hasta 1\/2<\/h3>\n<p>Este Bel\u00e9n nos acerca al siglo XVIII y al encuentro de dos imperios: el espa\u00f1ol y el incaico. El periodo virreinal trajo consigo el mestizaje y el encuentro entre dos mundos y la adopci\u00f3n de nuevas tradicionales como la representaci\u00f3n del Nacimiento del ni\u00f1o Jes\u00fas.<\/p>\n<p>Este conjunto expositivo muestra la riqueza de esta tradici\u00f3n a trav\u00e9s de piezas \u00fanicas que proceden de talleres ubicados en ambos pa\u00edses. El\u00a0<strong>Ba\u00fal del Nacimiento\u00a0<\/strong>tiene en su interior una puesta en escena del Nacimiento de Jes\u00fas de gran riqueza art\u00edstica que se completa con diversos pasajes de la vida de Cristo e historias de la Biblia desde la expulsi\u00f3n de Ad\u00e1n y Eva del Para\u00edso hasta el Bautismo de Jes\u00fas en el R\u00edo Jord\u00e1n.<\/p>\n<p>Se podr\u00e1 visitar hasta el 1 de febrero de 2026. El horario es de martes a s\u00e1bado de 11 a 20.30 horas y los domingos de 11 a 14 horas. Permanecer\u00e1 cerrado los lunes, el 24, 25 y 31 de diciembre de 2025 y el 1 y 6 de enero de 2026.<\/p>\n<h3>Bel\u00e9n de Puente de Vallecas &#8211; hasta 5\/1<\/h3>\n<p>Puente de Vallecas ha inaugurado su tradicional bel\u00e9n, declarado Bien de Relevancia Local, en el\u00a0<strong>Centro Cultural Lope de Vega.\u00a0<\/strong>Este conjunto est\u00e1 formado por 54 figuras de est\u00e9tica cl\u00e1sica que data de principios del siglo XX y ha sido restaurada a principios del siglo XX.<\/p>\n<h3>Bel\u00e9n Monumental de San Lorenzo del Escorial &#8211; 7\/12 al 6\/1<\/h3>\n<p>El\u00a0<strong>Bel\u00e9n Monumental de San Lorenzo de El Escorial\u00a0<\/strong>es uno de los planes navide\u00f1os m\u00e1s tradicionales de la regi\u00f3n. Fue declarada <strong>Fiesta de Inter\u00e9s Tur\u00edstico\u00a0<\/strong>en 2022.<\/p>\n<p>No hay horario, se puede visitar el Bel\u00e9n a cualquier hora del d\u00eda.<\/p>\n<h3>Belenes El Corte Ingl\u00e9s<\/h3>\n<p>El Corte Ingl\u00e9s instalar\u00e1 belenes en Paseo de la Castellana, Plaza de Callao, Plaza de Felipe II y Plaza de Serrano. La visita es libre y gratuita hasta completar aforo.<\/p>\n","protected":false},"excerpt":{"rendered":"<p>Conoce todos los detalles. <\/p>\n","protected":false},"author":15,"featured_media":53728,"comment_status":"open","ping_status":"open","sticky":false,"template":"","format":"standard","meta":{"footnotes":""},"categories":[195,119],"tags":[],"class_list":{"0":"post-60603","1":"post","2":"type-post","3":"status-publish","4":"format-standard","5":"has-post-thumbnail","7":"category-cultura","8":"category-portada"},"_links":{"self":[{"href":"https:\/\/www.vidademadrid.com\/es\/wp-json\/wp\/v2\/posts\/60603","targetHints":{"allow":["GET"]}}],"collection":[{"href":"https:\/\/www.vidademadrid.com\/es\/wp-json\/wp\/v2\/posts"}],"about":[{"href":"https:\/\/www.vidademadrid.com\/es\/wp-json\/wp\/v2\/types\/post"}],"author":[{"embeddable":true,"href":"https:\/\/www.vidademadrid.com\/es\/wp-json\/wp\/v2\/users\/15"}],"replies":[{"embeddable":true,"href":"https:\/\/www.vidademadrid.com\/es\/wp-json\/wp\/v2\/comments?post=60603"}],"version-history":[{"count":6,"href":"https:\/\/www.vidademadrid.com\/es\/wp-json\/wp\/v2\/posts\/60603\/revisions"}],"predecessor-version":[{"id":60693,"href":"https:\/\/www.vidademadrid.com\/es\/wp-json\/wp\/v2\/posts\/60603\/revisions\/60693"}],"wp:featuredmedia":[{"embeddable":true,"href":"https:\/\/www.vidademadrid.com\/es\/wp-json\/wp\/v2\/media\/53728"}],"wp:attachment":[{"href":"https:\/\/www.vidademadrid.com\/es\/wp-json\/wp\/v2\/media?parent=60603"}],"wp:term":[{"taxonomy":"category","embeddable":true,"href":"https:\/\/www.vidademadrid.com\/es\/wp-json\/wp\/v2\/categories?post=60603"},{"taxonomy":"post_tag","embeddable":true,"href":"https:\/\/www.vidademadrid.com\/es\/wp-json\/wp\/v2\/tags?post=60603"}],"curies":[{"name":"wp","href":"https:\/\/api.w.org\/{rel}","templated":true}]}}