{"id":60600,"date":"2025-11-24T09:00:00","date_gmt":"2025-11-24T08:00:00","guid":{"rendered":"https:\/\/www.vidademadrid.com\/es\/?p=60600"},"modified":"2025-12-24T15:56:51","modified_gmt":"2025-12-24T14:56:51","slug":"videomapping-navideno-conde-duque-fechas-horarios-2025","status":"publish","type":"post","link":"https:\/\/www.vidademadrid.com\/es\/60600\/videomapping-navideno-conde-duque-fechas-horarios-2025\/","title":{"rendered":"Un espect\u00e1culo de videomapping navide\u00f1o llegar\u00e1 a Conde Duque este 2025"},"content":{"rendered":"<p>Un espect\u00e1culo navide\u00f1o de videomapping llegar\u00e1 esta\u00a0<strong>Navidad <\/strong>al\u00a0<strong>Centro de Cultura Contempor\u00e1nea Conde Duque.\u00a0<\/strong>Te contamos todos los detalles en este art\u00edculo.<\/p>\n<h2>Espect\u00e1culo de videomapping \u00abUna Navidad de Luz\u00bb<\/h2>\n<p>El espect\u00e1culo\u00a0<strong>\u00abUna Navidad de Luz\u00bb\u00a0<\/strong>es un videomapping inmersivo dise\u00f1ado por Jos\u00e9 Vaali\u00f1a que se proyectar\u00e1 esta Navidad 2025 en el patio central del <strong>Centro Cultural Conde Duque.\u00a0<\/strong><\/p>\n<p>A trav\u00e9s de las proyecciones de las fachadas, los asistentes podr\u00e1n disfrutar de un viaje emocional por los distintos significados de la Navidad: la luz.<\/p>\n<p>El d\u00eda de la clausura, habr\u00e1 un concierto del Coro de Voces Grave junto a la soprano Sonia de Munck.<\/p>\n<h2>Fechas del videomapping navide\u00f1o<\/h2>\n<p><strong>\u00abUna Navidad de Luz\u00bb\u00a0<\/strong>ser\u00e1 del\u00a0<strong>17 al 23 de diciembre\u00a0<\/strong>de\u00a0<strong>18.30 a 23 horas.\u00a0<\/strong>El\u00a0<strong>acceso es libre hasta completar aforo\u00a0<\/strong>en el patio central del\u00a0<strong>Centro Cultural Conde Duque\u00a0<\/strong>(Metro Ventura Rodr\u00edguez).<\/p>\n<p>El\u00a0<strong>23 de diciembre\u00a0<\/strong>actuar\u00e1 el\u00a0<strong>Coro de Voces Graves de Madrid\u00a0<\/strong>a las 19, 20 y 21 horas. El horario de ese d\u00eda ser\u00e1 el siguiente:<\/p>\n<ul>\n<li>18.30 horas: videomapping<\/li>\n<li>19 horas: concierto<\/li>\n<li>19.20 horas: videomapping<\/li>\n<li>20 horas: concierto<\/li>\n<li>20.20 horas: videomapping<\/li>\n<li>21 horas: concierto<\/li>\n<li>21.20 a 23 horas: videomapping.<\/li>\n<\/ul>\n","protected":false},"excerpt":{"rendered":"<p>Ser\u00e1 del 17 al 23 de diciembre. <\/p>\n","protected":false},"author":15,"featured_media":60601,"comment_status":"open","ping_status":"open","sticky":false,"template":"","format":"standard","meta":{"footnotes":""},"categories":[119],"tags":[],"class_list":{"0":"post-60600","1":"post","2":"type-post","3":"status-publish","4":"format-standard","5":"has-post-thumbnail","7":"category-portada"},"_links":{"self":[{"href":"https:\/\/www.vidademadrid.com\/es\/wp-json\/wp\/v2\/posts\/60600","targetHints":{"allow":["GET"]}}],"collection":[{"href":"https:\/\/www.vidademadrid.com\/es\/wp-json\/wp\/v2\/posts"}],"about":[{"href":"https:\/\/www.vidademadrid.com\/es\/wp-json\/wp\/v2\/types\/post"}],"author":[{"embeddable":true,"href":"https:\/\/www.vidademadrid.com\/es\/wp-json\/wp\/v2\/users\/15"}],"replies":[{"embeddable":true,"href":"https:\/\/www.vidademadrid.com\/es\/wp-json\/wp\/v2\/comments?post=60600"}],"version-history":[{"count":1,"href":"https:\/\/www.vidademadrid.com\/es\/wp-json\/wp\/v2\/posts\/60600\/revisions"}],"predecessor-version":[{"id":60602,"href":"https:\/\/www.vidademadrid.com\/es\/wp-json\/wp\/v2\/posts\/60600\/revisions\/60602"}],"wp:featuredmedia":[{"embeddable":true,"href":"https:\/\/www.vidademadrid.com\/es\/wp-json\/wp\/v2\/media\/60601"}],"wp:attachment":[{"href":"https:\/\/www.vidademadrid.com\/es\/wp-json\/wp\/v2\/media?parent=60600"}],"wp:term":[{"taxonomy":"category","embeddable":true,"href":"https:\/\/www.vidademadrid.com\/es\/wp-json\/wp\/v2\/categories?post=60600"},{"taxonomy":"post_tag","embeddable":true,"href":"https:\/\/www.vidademadrid.com\/es\/wp-json\/wp\/v2\/tags?post=60600"}],"curies":[{"name":"wp","href":"https:\/\/api.w.org\/{rel}","templated":true}]}}