{"id":60579,"date":"2025-11-20T12:48:56","date_gmt":"2025-11-20T11:48:56","guid":{"rendered":"https:\/\/www.vidademadrid.com\/es\/?p=60579"},"modified":"2025-11-24T21:19:36","modified_gmt":"2025-11-24T20:19:36","slug":"mercadillos-navidenos-madrid-navidad-2025","status":"publish","type":"post","link":"https:\/\/www.vidademadrid.com\/es\/60579\/mercadillos-navidenos-madrid-navidad-2025\/","title":{"rendered":"Navidad 2025: todos los mercadillos navide\u00f1os en Madrid"},"content":{"rendered":"<p>Los mercadillos navide\u00f1os son un plan navide\u00f1o que no te puedes perder. Desde los m\u00e1s tradicionales, como el de la Plaza Mayor, hasta el mercadillo de El Corte Ingl\u00e9s en Nuevos Ministerios, cada uno de estos mercadillos ofrecen una experiencia \u00fanica para disfrutar de la Navidad.\u00a0<\/p>\n<p>En este art\u00edculo te contamos d\u00f3nde est\u00e1n los mercadillos navide\u00f1os que no te puedes perder este 2025.\u00a0<\/p>\n<h2>Mercadillos navide\u00f1os en Madrid\u00a0<\/h2>\n<p>Los tradicionales <strong>Mercadillos navide\u00f1os de Madrid\u00a0<\/strong>vuelven este 2025 con decoraci\u00f3n navide\u00f1a, artesan\u00edas, art\u00edculos de broma, dulces t\u00edpicos y mucho m\u00e1s para vivir esta temporada de forma muy especial.\u00a0<\/p>\n<p>En este art\u00edculo te contamos todos los Mercadillos navide\u00f1os que hay en la ciudad esta Navidad 2025.\u00a0<\/p>\n<h3>Mercadillo navide\u00f1o de la Plaza Mayor\u00a0<\/h3>\n<p>Con m\u00e1s de 100 a\u00f1os de existencia, el tradicional <strong>Mercadillo navide\u00f1o\u00a0<\/strong>de la Plaza Mayor vuelve el\u00a0<strong>27 de noviembre\u00a0<\/strong>con adornos de Navidad, belenes, art\u00edculos de broma y mucho m\u00e1s. Habr\u00e1 m\u00e1s de 100 casetas.\u00a0\u00a0<\/p>\n<p>Estar\u00e1 hasta el <strong>31 de diciembre<\/strong>. El horario es de 10 a 21 horas de domingo a jueves y de 10 a 22 los viernes, s\u00e1bados y v\u00edsperas de festivos.\u00a0<\/p>\n<h3>La Navide\u00f1a en Plaza de Espa\u00f1a\u00a0<\/h3>\n<p>La Plaza de Espa\u00f1a acoger\u00e1\u00a0<strong>La Navide\u00f1a\u00a0<\/strong>con su tradicional mercadillo y pista de hielo. Volver\u00e1 el\u00a0<strong>23 de noviembre y estar\u00e1 hasta el 6 de enero.\u00a0<\/strong><\/p>\n<p>Habr\u00e1 32 casetas de productos artesanos, amplia zona gastron\u00f3mica y el restaurante El Alpino. Habr\u00e1 pasacalles, danza sobre hielo, presentaciones de m\u00fasica navide\u00f1a y m\u00e1s.\u00a0<\/p>\n<p>Tambi\u00e9n se podr\u00e1 disfrutar de una pista de huelo natural de 600 metros cuadrados y espect\u00e1culo de luces diario. Se podr\u00e1 visitar la Casa de Pap\u00e1 Noel del 27 de noviembre al 24 de diciembre.\u00a0<\/p>\n<p>El horario es de 12 a 22 horas entre semana y 10 a 22 horas los fines de semana.\u00a0<\/p>\n<h3>Mercadillo de El Corte Ingl\u00e9s en Nuevos Ministerios\u00a0<\/h3>\n<p>El\u00a0<strong>tradicional mercado navide\u00f1o de El Corte Ingl\u00e9s\u00a0<\/strong>vuelve este 2025 a Nuevos Ministerios. Podr\u00e1s encontrar desde productos artesanales y dulces t\u00edpicos, hasta los regalos m\u00e1s especiales.\u00a0<\/p>\n<p>Adem\u00e1s tiene una zona gastron\u00f3mica en la que podr\u00e1s disfrutar de grandes propuestas como The Cookie Lab, Joselito, Tepic, New York Burger, Beata Pasta, turrones Vicens, dulces y churros de San Gin\u00e9s, el Caf\u00e9 de Par\u00eds y m\u00e1s.\u00a0<\/p>\n<p>Habr\u00e1 espect\u00e1culos de m\u00fasica de Gospel. Los horarios ser\u00e1n a las 17:30 y 19:30 horas. Los d\u00edas que se presentar\u00e1n ser\u00e1n los siguientes:<\/p>\n<ul>\n<li>28 y 29 de noviembre<\/li>\n<li>5, 6, 7 y 8 de diciembre<\/li>\n<li>12, 13 y 14 de diciembre<\/li>\n<li>19, 20 y 21 de diciembre.\u00a0<\/li>\n<\/ul>\n<p>El\u00a0<strong>Mercado navide\u00f1o de Nuevos Ministerios\u00a0<\/strong>se podr\u00e1 visitar del\u00a0<strong>13 de noviembre al 5 de enero de 2026.\u00a0<\/strong>El horario es de 12 a 22 horas. Permanecer\u00e1 cerrado el d\u00eda 25 de diciembre y 1 de enero.\u00a0<\/p>\n<h3>Mercado de la Plaza de Col\u00f3n\u00a0<\/h3>\n<p>El mercadillo navide\u00f1o de la Plaza de Col\u00f3n se podr\u00e1 visitar del\u00a0<strong>27 de noviembre a las 19 horas hasta el 6 de enero.\u00a0<\/strong>Habr\u00e1 una pista de hielo y m\u00e1s de 40 casetas con productos navide\u00f1os.\u00a0<\/p>\n<h3>Feria Mercado de Artesan\u00eda en Recoletos<\/h3>\n<p>La Feria Mercado de Artesan\u00eda se instalar\u00e1 en el Paseo de Recoletos, entre Col\u00f3n y Cibeles, del\u00a0<strong>1 al 30 de diciembre.\u00a0<\/strong>Se podr\u00e1n comprar cer\u00e1mica, vidrio, joyer\u00eda, cuero, moda, juguetes artesanales y m\u00e1s.\u00a0<\/p>\n<h3>Mercadillo junto al Museo Reina Sof\u00eda\u00a0<\/h3>\n<p>Junto al\u00a0<strong>Museo Reina Sof\u00eda,\u00a0<\/strong>en la plaza de Juan Goytisolo habr\u00e1 un tradicional mercadillo navide\u00f1o.\u00a0<\/p>\n<p>&nbsp;<\/p>\n\n\n<p><\/p>\n","protected":false},"excerpt":{"rendered":"<p>Te contamos todos los mercados de Navidad. <\/p>\n","protected":false},"author":15,"featured_media":46085,"comment_status":"open","ping_status":"open","sticky":false,"template":"","format":"standard","meta":{"footnotes":""},"categories":[101,115,187],"tags":[],"class_list":{"0":"post-60579","1":"post","2":"type-post","3":"status-publish","4":"format-standard","5":"has-post-thumbnail","7":"category-ferias-fiestas-mercados-madrid","8":"category-planes-del-momento-madrid","9":"category-madrid-hoy"},"_links":{"self":[{"href":"https:\/\/www.vidademadrid.com\/es\/wp-json\/wp\/v2\/posts\/60579","targetHints":{"allow":["GET"]}}],"collection":[{"href":"https:\/\/www.vidademadrid.com\/es\/wp-json\/wp\/v2\/posts"}],"about":[{"href":"https:\/\/www.vidademadrid.com\/es\/wp-json\/wp\/v2\/types\/post"}],"author":[{"embeddable":true,"href":"https:\/\/www.vidademadrid.com\/es\/wp-json\/wp\/v2\/users\/15"}],"replies":[{"embeddable":true,"href":"https:\/\/www.vidademadrid.com\/es\/wp-json\/wp\/v2\/comments?post=60579"}],"version-history":[{"count":3,"href":"https:\/\/www.vidademadrid.com\/es\/wp-json\/wp\/v2\/posts\/60579\/revisions"}],"predecessor-version":[{"id":60586,"href":"https:\/\/www.vidademadrid.com\/es\/wp-json\/wp\/v2\/posts\/60579\/revisions\/60586"}],"wp:featuredmedia":[{"embeddable":true,"href":"https:\/\/www.vidademadrid.com\/es\/wp-json\/wp\/v2\/media\/46085"}],"wp:attachment":[{"href":"https:\/\/www.vidademadrid.com\/es\/wp-json\/wp\/v2\/media?parent=60579"}],"wp:term":[{"taxonomy":"category","embeddable":true,"href":"https:\/\/www.vidademadrid.com\/es\/wp-json\/wp\/v2\/categories?post=60579"},{"taxonomy":"post_tag","embeddable":true,"href":"https:\/\/www.vidademadrid.com\/es\/wp-json\/wp\/v2\/tags?post=60579"}],"curies":[{"name":"wp","href":"https:\/\/api.w.org\/{rel}","templated":true}]}}