{"id":60565,"date":"2025-11-17T12:12:41","date_gmt":"2025-11-17T11:12:41","guid":{"rendered":"https:\/\/www.vidademadrid.com\/es\/?p=60565"},"modified":"2025-11-17T12:12:43","modified_gmt":"2025-11-17T11:12:43","slug":"concierto-escolania-el-escorial-navidad-2025","status":"publish","type":"post","link":"https:\/\/www.vidademadrid.com\/es\/60565\/concierto-escolania-el-escorial-navidad-2025\/","title":{"rendered":"La Escolan\u00eda de El Escorial dar\u00e1 un Gran Concierto de Navidad en el Fern\u00e1n G\u00f3mez"},"content":{"rendered":"<p>El\u00a0<strong>Teatro Fern\u00e1n G\u00f3mez. Centro Cultural de la Villa\u00a0<\/strong>acoger\u00e1 el\u00a0<strong>Gran Concierto de Navidad\u00a0<\/strong>de la\u00a0<strong>Escolan\u00eda de El Escorial.<\/strong><\/p>\n<h2>Gran Concierto de Navidad de la Escolan\u00eda de El Escorial en Madrid<\/h2>\n<p>La\u00a0<strong>Escolan\u00eda de El Escorial,\u00a0<\/strong>una instituci\u00f3n musical compuesta por 40 ni\u00f1os de 9 a 17 a\u00f1os y fundada en 1974 por los religiosos agustinos del Monasterio de San Lorenzo de El Escorial, ofrecer\u00e1 un\u00a0<strong>Gran Concierto de Navidad.<\/strong><\/p>\n<p>El programa de este concierto tendr\u00e1 como hilo conductor la canci\u00f3n de cuna y ser\u00e1 el siguiente:<\/p>\n<h3>Primera parte:<\/h3>\n<p><em>Guten Abend, gut\u00b4nacht<\/em>\u00a0(Arr. John Levaitt)\u00a0 \u00a0 Johannes Brahms<\/p>\n<p><em>Balulalow\u00a0<\/em>\u00a0 \u00a0 \u00a0 \u00a0 \u00a0 \u00a0 \u00a0 \u00a0 \u00a0 \u00a0 \u00a0 \u00a0 \u00a0 \u00a0 \u00a0 \u00a0 \u00a0 \u00a0 \u00a0 \u00a0 \u00a0 \u00a0 \u00a0 \u00a0 \u00a0 \u00a0 \u00a0 \u00a0Peter Warlock<\/p>\n<p><em>Gaudete Christus est natus<\/em><strong>\u00a0\u00a0<\/strong>\u00a0 \u00a0 \u00a0 \u00a0 \u00a0 \u00a0 \u00a0 \u00a0 \u00a0 \u00a0 \u00a0 \u00a0An\u00f3nimo medieval<\/p>\n<p><em>Birjina gaztetto<\/em>\u00a0(The Angel Gabriel)\u00a0 \u00a0 \u00a0 \u00a0 Edgar Pettman \u2013 John Raymond Howell<\/p>\n<p><em>Softly\u00a0<\/em>\u00a0 \u00a0 \u00a0 \u00a0 \u00a0 \u00a0 \u00a0 \u00a0 \u00a0 \u00a0 \u00a0 \u00a0 \u00a0 \u00a0 \u00a0 \u00a0 \u00a0 \u00a0 \u00a0 \u00a0 \u00a0 \u00a0 \u00a0 \u00a0 \u00a0 \u00a0 \u00a0 \u00a0 \u00a0 \u00a0 \u00a0 Will Todd<\/p>\n<p><em>Angel\u00b4s Carol<\/em>\u00a0 \u00a0 \u00a0 \u00a0 \u00a0 \u00a0 \u00a0 \u00a0 \u00a0 \u00a0 \u00a0 \u00a0 \u00a0 \u00a0 \u00a0 \u00a0 \u00a0 \u00a0 \u00a0 \u00a0 \u00a0 \u00a0 \u00a0 \u00a0 John Rutter<\/p>\n<p><em>A la nanita nana<\/em>\u00a0 \u00a0 \u00a0 \u00a0 \u00a0 \u00a0 \u00a0 \u00a0 \u00a0 \u00a0 \u00a0 \u00a0 \u00a0 \u00a0 \u00a0 \u00a0 \u00a0 \u00a0 \u00a0 \u00a0 \u00a0 \u00a0Eduardo Cifre<\/p>\n<p><em>The seal Lullaby<\/em>\u00a0 \u00a0 \u00a0 \u00a0 \u00a0 \u00a0 \u00a0 \u00a0 \u00a0 \u00a0 \u00a0 \u00a0 \u00a0 \u00a0 \u00a0 \u00a0 \u00a0 \u00a0 \u00a0 \u00a0 \u00a0 \u00a0 Eric Whitacre<\/p>\n<p>&nbsp;<\/p>\n<h3>Segunda parte:<\/h3>\n<p><em>El Nacimiento<\/em>\u00a0(Vidala catamarque\u00f1a)\u00a0 \u00a0 \u00a0 Ariel Ram\u00edrez<\/p>\n<p><em>Canci\u00f3n de cuna<\/em>\u00a0(Wiegenlied)\u00a0 \u00a0 \u00a0 \u00a0 \u00a0 \u00a0 \u00a0 \u00a0 \u00a0 \u00a0 Max Reger<\/p>\n<p><em>Al filo de medianoche<\/em>\u00a0 \u00a0 \u00a0 \u00a0 \u00a0 \u00a0 \u00a0 \u00a0 \u00a0 \u00a0 \u00a0 \u00a0 \u00a0 \u00a0 \u00a0 \u00a0 \u00a0 \u00a0An\u00f3nimo<\/p>\n<p><em>White Christmas<\/em>\u00a0 \u00a0 \u00a0 \u00a0 \u00a0 \u00a0 \u00a0 \u00a0 \u00a0 \u00a0 \u00a0 \u00a0 \u00a0 \u00a0 \u00a0 \u00a0 \u00a0 \u00a0 \u00a0 \u00a0 \u00a0 \u00a0 Irving Berlin<\/p>\n<p><em>Stille Nacht, heiligen Nacht<\/em>\u00a0 \u00a0 \u00a0 \u00a0 \u00a0 \u00a0 \u00a0 \u00a0 \u00a0 \u00a0 \u00a0 \u00a0 \u00a0Franz Gr\u00fcber<\/p>\n<p><em>The Ground (Sunrise Mass)<\/em>\u00a0 \u00a0 \u00a0 \u00a0 \u00a0 \u00a0 \u00a0 \u00a0 \u00a0 \u00a0 \u00a0 \u00a0 Ola Gjeilo<\/p>\n<p><em>Gloria (A little Jazz Mass)<\/em>\u00a0 \u00a0 \u00a0 \u00a0 \u00a0 \u00a0 \u00a0 \u00a0 \u00a0 \u00a0 \u00a0 \u00a0 \u00a0 \u00a0Bob Chilcott<\/p>\n<p><em>Quelle est cette odeur agrad\u00e9able?<\/em>\u00a0 \u00a0 \u00a0 \u00a0 \u00a0 \u00a0 David Willcocks<\/p>\n<p><em>Jazzy Jingle Bells Waltz<\/em>\u00a0 \u00a0 \u00a0 \u00a0 \u00a0 \u00a0 \u00a0 \u00a0 \u00a0 \u00a0 \u00a0 \u00a0 \u00a0 \u00a0 \u00a0 \u00a0Becki Slage Mayo-Lynn Shaw Bailey<\/p>\n<h2>Fecha y hora<\/h2>\n<p>El concierto ser\u00e1 el\u00a0<strong>domingo 14 de diciembre a las 19 horas.\u00a0<\/strong>Las entradas tienen un precio de 20 euros.<\/p>\n<p>&nbsp;<\/p>\n","protected":false},"excerpt":{"rendered":"<p>Ser\u00e1 el 14 de diciembre. <\/p>\n","protected":false},"author":15,"featured_media":60566,"comment_status":"open","ping_status":"open","sticky":false,"template":"","format":"standard","meta":{"footnotes":""},"categories":[22],"tags":[],"class_list":{"0":"post-60565","1":"post","2":"type-post","3":"status-publish","4":"format-standard","5":"has-post-thumbnail","7":"category-conciertos-madrid"},"_links":{"self":[{"href":"https:\/\/www.vidademadrid.com\/es\/wp-json\/wp\/v2\/posts\/60565","targetHints":{"allow":["GET"]}}],"collection":[{"href":"https:\/\/www.vidademadrid.com\/es\/wp-json\/wp\/v2\/posts"}],"about":[{"href":"https:\/\/www.vidademadrid.com\/es\/wp-json\/wp\/v2\/types\/post"}],"author":[{"embeddable":true,"href":"https:\/\/www.vidademadrid.com\/es\/wp-json\/wp\/v2\/users\/15"}],"replies":[{"embeddable":true,"href":"https:\/\/www.vidademadrid.com\/es\/wp-json\/wp\/v2\/comments?post=60565"}],"version-history":[{"count":1,"href":"https:\/\/www.vidademadrid.com\/es\/wp-json\/wp\/v2\/posts\/60565\/revisions"}],"predecessor-version":[{"id":60567,"href":"https:\/\/www.vidademadrid.com\/es\/wp-json\/wp\/v2\/posts\/60565\/revisions\/60567"}],"wp:featuredmedia":[{"embeddable":true,"href":"https:\/\/www.vidademadrid.com\/es\/wp-json\/wp\/v2\/media\/60566"}],"wp:attachment":[{"href":"https:\/\/www.vidademadrid.com\/es\/wp-json\/wp\/v2\/media?parent=60565"}],"wp:term":[{"taxonomy":"category","embeddable":true,"href":"https:\/\/www.vidademadrid.com\/es\/wp-json\/wp\/v2\/categories?post=60565"},{"taxonomy":"post_tag","embeddable":true,"href":"https:\/\/www.vidademadrid.com\/es\/wp-json\/wp\/v2\/tags?post=60565"}],"curies":[{"name":"wp","href":"https:\/\/api.w.org\/{rel}","templated":true}]}}