{"id":60544,"date":"2025-11-11T12:29:25","date_gmt":"2025-11-11T11:29:25","guid":{"rendered":"https:\/\/www.vidademadrid.com\/es\/?p=60544"},"modified":"2025-11-11T12:29:28","modified_gmt":"2025-11-11T11:29:28","slug":"mad-cool-2026-madrid-fechas-recinto-lineup-cartel-entradas","status":"publish","type":"post","link":"https:\/\/www.vidademadrid.com\/es\/60544\/mad-cool-2026-madrid-fechas-recinto-lineup-cartel-entradas\/","title":{"rendered":"Mad Cool 2026: fechas, cartel, entradas y recinto"},"content":{"rendered":"<p>El\u00a0<strong>Mad Cool Festival\u00a0<\/strong>volver\u00e1 al recinto\u00a0<strong>Iberdrola Music,\u00a0<\/strong>ubicado en Villaverde, para su edici\u00f3n 2026 y ya conocemos los primeros nombres de su cartel.<\/p>\n<p>Esta edici\u00f3n es muy especial ya que\u00a0<strong>Mad Cool Festival\u00a0<\/strong>cumple 10 a\u00f1os y lo celebrar\u00e1 con cuatro d\u00edas llenos de m\u00fasica, gastronom\u00eda, activaciones y mucho m\u00e1s.<\/p>\n<h2>Mad Cool 2026: fechas y recinto<\/h2>\n<p><strong>Mad Cool 2026 <\/strong>ser\u00e1 el <strong>8, 9, 10 y 11 de julio <\/strong>y se volver\u00e1 a celebrar en el <strong>Iberdrola Music,<\/strong> este recinto que se ha convertido en un espacio de referencia para festivales y conciertos.<\/p>\n<h2>Mad Cool 2026: cartel<\/h2>\n<p>El\u00a0<strong>Mad Cool Festival\u00a0<\/strong>ha presentado ya el lineup completo para su edici\u00f3n 2026 u cuenta con nombres como\u00a0<strong>Foo Fighters, Moby, Florence + The Machine, Lorde, King of Leon, Pulp\u00a0<\/strong>y muchos m\u00e1s.<\/p>\n<figure id=\"attachment_60545\" aria-describedby=\"caption-attachment-60545\" style=\"width: 2048px\" class=\"wp-caption alignnone\"><a href=\"https:\/\/www.vidademadrid.com\/es\/wp-content\/uploads\/2025\/11\/Cartel-Mad-Cool-scaled.jpg\"><img loading=\"lazy\" decoding=\"async\" class=\"size-full wp-image-60545\" src=\"https:\/\/www.vidademadrid.com\/es\/wp-content\/uploads\/2025\/11\/Cartel-Mad-Cool-scaled.jpg\" alt=\"\" width=\"2048\" height=\"2560\" srcset=\"https:\/\/www.vidademadrid.com\/es\/wp-content\/uploads\/2025\/11\/Cartel-Mad-Cool-scaled.jpg 2048w, https:\/\/www.vidademadrid.com\/es\/wp-content\/uploads\/2025\/11\/Cartel-Mad-Cool-240x300.jpg 240w, https:\/\/www.vidademadrid.com\/es\/wp-content\/uploads\/2025\/11\/Cartel-Mad-Cool-819x1024.jpg 819w, https:\/\/www.vidademadrid.com\/es\/wp-content\/uploads\/2025\/11\/Cartel-Mad-Cool-768x960.jpg 768w, https:\/\/www.vidademadrid.com\/es\/wp-content\/uploads\/2025\/11\/Cartel-Mad-Cool-1229x1536.jpg 1229w, https:\/\/www.vidademadrid.com\/es\/wp-content\/uploads\/2025\/11\/Cartel-Mad-Cool-1638x2048.jpg 1638w, https:\/\/www.vidademadrid.com\/es\/wp-content\/uploads\/2025\/11\/Cartel-Mad-Cool-696x870.jpg 696w, https:\/\/www.vidademadrid.com\/es\/wp-content\/uploads\/2025\/11\/Cartel-Mad-Cool-1068x1335.jpg 1068w, https:\/\/www.vidademadrid.com\/es\/wp-content\/uploads\/2025\/11\/Cartel-Mad-Cool-1920x2400.jpg 1920w, https:\/\/www.vidademadrid.com\/es\/wp-content\/uploads\/2025\/11\/Cartel-Mad-Cool-336x420.jpg 336w\" sizes=\"auto, (max-width: 2048px) 100vw, 2048px\" \/><\/a><figcaption id=\"caption-attachment-60545\" class=\"wp-caption-text\">Foto: Mad Cool Festival<\/figcaption><\/figure>\n<h2>Mad Cool 2026: entradas<\/h2>\n<h3>Preventa clientes Santander SMusic y Socios Mad Cool<\/h3>\n<p>La preventa para los clientes Santander ser\u00e1 del <strong>17 de noviembre\u00a0<\/strong>a las 10 horas hasta el\u00a0<strong>20 de noviembre\u00a0<\/strong>a las 9:59 horas en este <a href=\"https:\/\/madcooltickets.com\/\">enlace<\/a>. Las personas que adquieran las entradas en preventa lo har\u00e1n a precio especial y te garantiza el fast track de acceso al festival.<\/p>\n<p>Los\u00a0<strong>socios Mad Cool\u00a0<\/strong>podr\u00e1n comprar en la misma preventa que los clientes Santander en este <a href=\"https:\/\/madcooltickets.com\/\">enlace<\/a>.<\/p>\n<p>Los precios de preventa ser\u00e1n:<\/p>\n<ul>\n<li><strong>Abono general<\/strong> &#8211; 225\u20ac + gastos de distribuci\u00f3n.<\/li>\n<li><strong>Abono VIP<\/strong>\u00a0&#8211; 380\u20ac + gastos distribuci\u00f3n.<\/li>\n<li><strong>Entrada de d\u00eda general<\/strong>\u00a0&#8211; 85\u20ac + gastos de distribuci\u00f3n.<\/li>\n<li><strong>Entrada de d\u00eda VIP<\/strong>\u00a0&#8211; 130\u20ac + gastos de distribuci\u00f3n.<\/li>\n<\/ul>\n<h3>Venta general de abonos y entradas de d\u00eda<\/h3>\n<p>La venta general de abonos y entradas de d\u00eda empieza el\u00a0<strong>20 de noviembre a las 10 horas.\u00a0<\/strong><\/p>\n<p>Los precios de la venta general ser\u00e1n:<\/p>\n<ul>\n<li><strong>Abono general &#8211;\u00a0<\/strong>240\u20ac + gastos de distribuci\u00f3n<\/li>\n<li><strong>Abono VIP\u00a0<\/strong>&#8211; 425\u20ac + gastos de distribuci\u00f3n<\/li>\n<li><strong>Entrada de d\u00eda general\u00a0<\/strong>&#8211; 95\u20ac + gastos de distribuci\u00f3n<\/li>\n<li><strong>Entrada de d\u00eda VIP\u00a0<\/strong>&#8211; 160\u20ac + gastos de distribuci\u00f3n.<\/li>\n<\/ul>\n","protected":false},"excerpt":{"rendered":"<p>Ser\u00e1 del 8 al 11 de julio de 2026. <\/p>\n","protected":false},"author":15,"featured_media":46807,"comment_status":"open","ping_status":"open","sticky":false,"template":"","format":"standard","meta":{"footnotes":""},"categories":[22,119],"tags":[],"class_list":{"0":"post-60544","1":"post","2":"type-post","3":"status-publish","4":"format-standard","5":"has-post-thumbnail","7":"category-conciertos-madrid","8":"category-portada"},"_links":{"self":[{"href":"https:\/\/www.vidademadrid.com\/es\/wp-json\/wp\/v2\/posts\/60544","targetHints":{"allow":["GET"]}}],"collection":[{"href":"https:\/\/www.vidademadrid.com\/es\/wp-json\/wp\/v2\/posts"}],"about":[{"href":"https:\/\/www.vidademadrid.com\/es\/wp-json\/wp\/v2\/types\/post"}],"author":[{"embeddable":true,"href":"https:\/\/www.vidademadrid.com\/es\/wp-json\/wp\/v2\/users\/15"}],"replies":[{"embeddable":true,"href":"https:\/\/www.vidademadrid.com\/es\/wp-json\/wp\/v2\/comments?post=60544"}],"version-history":[{"count":1,"href":"https:\/\/www.vidademadrid.com\/es\/wp-json\/wp\/v2\/posts\/60544\/revisions"}],"predecessor-version":[{"id":60546,"href":"https:\/\/www.vidademadrid.com\/es\/wp-json\/wp\/v2\/posts\/60544\/revisions\/60546"}],"wp:featuredmedia":[{"embeddable":true,"href":"https:\/\/www.vidademadrid.com\/es\/wp-json\/wp\/v2\/media\/46807"}],"wp:attachment":[{"href":"https:\/\/www.vidademadrid.com\/es\/wp-json\/wp\/v2\/media?parent=60544"}],"wp:term":[{"taxonomy":"category","embeddable":true,"href":"https:\/\/www.vidademadrid.com\/es\/wp-json\/wp\/v2\/categories?post=60544"},{"taxonomy":"post_tag","embeddable":true,"href":"https:\/\/www.vidademadrid.com\/es\/wp-json\/wp\/v2\/tags?post=60544"}],"curies":[{"name":"wp","href":"https:\/\/api.w.org\/{rel}","templated":true}]}}