{"id":60509,"date":"2025-10-31T12:47:54","date_gmt":"2025-10-31T11:47:54","guid":{"rendered":"https:\/\/www.vidademadrid.com\/es\/?p=60509"},"modified":"2025-10-31T12:47:57","modified_gmt":"2025-10-31T11:47:57","slug":"pasacalles-jazzmadrid-recorrido-fecha-hora-2025","status":"publish","type":"post","link":"https:\/\/www.vidademadrid.com\/es\/60509\/pasacalles-jazzmadrid-recorrido-fecha-hora-2025\/","title":{"rendered":"El jazz sale a las calles: un pasacalles recorrer\u00e1 Madrid"},"content":{"rendered":"<p>El\u00a0<strong>Festival Internacional JAZZMADRID\u00a0<\/strong>vuelve este 2025 con conciertos y lo mejor del jazz. Este a\u00f1o, la m\u00fasica llegar\u00e1 a m\u00e1s personas: llegar\u00e1 a los\u00a0<strong>grandes espacios culturales municipales\u00a0<\/strong>y\u00a0<strong>tomar\u00e1 las calles\u00a0<\/strong>del centro de la ciudad. Te contamos toda la informaci\u00f3n en este art\u00edculo.<\/p>\n<h2>Pasacalles de Jazz en Madrid<\/h2>\n<p>Con motivo del\u00a0<strong>Festival JAZZMADRID,\u00a0<\/strong>el centro se llenar\u00e1 de m\u00fasica con un\u00a0<strong>gran pasacalles\u00a0<\/strong>de la banda\u00a0<strong>Barba Dixie Band.\u00a0<\/strong><\/p>\n<p>El pasacalles ser\u00e1 el <strong>mi\u00e9rcoles 5 de noviembre\u00a0<\/strong>a las\u00a0<strong>18 horas.<\/strong><\/p>\n<h3>Recorrido<\/h3>\n<p>El pasacalles comenzar\u00e1 en\u00a0<strong>CentroCentro,\u00a0<\/strong>en la plaza de Cibeles (Metro Banco de Espa\u00f1a) y terminar\u00e1 en\u00a0<strong>Fern\u00e1n G\u00f3mez. Centro Cultural de la Villa\u00a0<\/strong>en la plaza de Col\u00f3n (Metro Col\u00f3n).<\/p>\n","protected":false},"excerpt":{"rendered":"<p>El recorrido ser\u00e1 de CentroCentro hasta Fern\u00e1n G\u00f3mez. Centro Cultural de la Villa.<\/p>\n","protected":false},"author":15,"featured_media":60510,"comment_status":"open","ping_status":"open","sticky":false,"template":"","format":"standard","meta":{"footnotes":""},"categories":[22],"tags":[],"class_list":{"0":"post-60509","1":"post","2":"type-post","3":"status-publish","4":"format-standard","5":"has-post-thumbnail","7":"category-conciertos-madrid"},"_links":{"self":[{"href":"https:\/\/www.vidademadrid.com\/es\/wp-json\/wp\/v2\/posts\/60509","targetHints":{"allow":["GET"]}}],"collection":[{"href":"https:\/\/www.vidademadrid.com\/es\/wp-json\/wp\/v2\/posts"}],"about":[{"href":"https:\/\/www.vidademadrid.com\/es\/wp-json\/wp\/v2\/types\/post"}],"author":[{"embeddable":true,"href":"https:\/\/www.vidademadrid.com\/es\/wp-json\/wp\/v2\/users\/15"}],"replies":[{"embeddable":true,"href":"https:\/\/www.vidademadrid.com\/es\/wp-json\/wp\/v2\/comments?post=60509"}],"version-history":[{"count":1,"href":"https:\/\/www.vidademadrid.com\/es\/wp-json\/wp\/v2\/posts\/60509\/revisions"}],"predecessor-version":[{"id":60511,"href":"https:\/\/www.vidademadrid.com\/es\/wp-json\/wp\/v2\/posts\/60509\/revisions\/60511"}],"wp:featuredmedia":[{"embeddable":true,"href":"https:\/\/www.vidademadrid.com\/es\/wp-json\/wp\/v2\/media\/60510"}],"wp:attachment":[{"href":"https:\/\/www.vidademadrid.com\/es\/wp-json\/wp\/v2\/media?parent=60509"}],"wp:term":[{"taxonomy":"category","embeddable":true,"href":"https:\/\/www.vidademadrid.com\/es\/wp-json\/wp\/v2\/categories?post=60509"},{"taxonomy":"post_tag","embeddable":true,"href":"https:\/\/www.vidademadrid.com\/es\/wp-json\/wp\/v2\/tags?post=60509"}],"curies":[{"name":"wp","href":"https:\/\/api.w.org\/{rel}","templated":true}]}}