{"id":60495,"date":"2025-10-29T10:43:56","date_gmt":"2025-10-29T09:43:56","guid":{"rendered":"https:\/\/www.vidademadrid.com\/es\/?p=60495"},"modified":"2025-10-29T10:44:00","modified_gmt":"2025-10-29T09:44:00","slug":"los-acusticos-del-buenavista-conciertos-gratuitos-2025","status":"publish","type":"post","link":"https:\/\/www.vidademadrid.com\/es\/60495\/los-acusticos-del-buenavista-conciertos-gratuitos-2025\/","title":{"rendered":"Conciertos Los Ac\u00fasticos del Buenavista: Carlos Escobedo y Javier Ojeda se presentan en el Lazaro Galdiano"},"content":{"rendered":"<p>La sexta temporada de\u00a0<strong>Los Ac\u00fasticos del Buenavista <\/strong>sigue tras el verano con nuevas actuaciones. En esta ocasi\u00f3n ser\u00e1n\u00a0<strong>Carlos Escobedo y Javier Ojeda\u00a0<\/strong>los que se presentar\u00e1n en el auditorio del Museo L\u00e1zaro Galdiano.<\/p>\n<h2>Los Ac\u00fasticos del Buenavista 2025<\/h2>\n<p>El auditorio del\u00a0<strong>Museo L\u00e1zaro Galdiano\u00a0<\/strong>acoger\u00e1 los conciertos de\u00a0<strong>Los Ac\u00fasticos del Buenavista\u00a0<\/strong>los d\u00edas 30 de octubre y 27 de noviembre a las 19 horas.<\/p>\n<p>Los conciertos son gratuitos y las invitaciones se pueden recoger en el museo el mismo d\u00eda del concierto a partir de las 18 horas. Las actuaciones se pueden seguir por\u00a0<em>streaming<\/em> a trav\u00e9s del canal de YouTube de Los Ac\u00fasticos del Buenavista.<\/p>\n<h3>Concierto Carlos Escobedo<\/h3>\n<p>El compositor y bajista de S\u00f4ber se presentar\u00e1 en\u00a0<strong>Los Ac\u00fasticos del Buenavista.<\/strong>\u00a0 Ser\u00e1 el d\u00eda 30 de octubre a las 19 horas.<\/p>\n<h3>Concierto Javier Ojeda<\/h3>\n<p>El ex l\u00edder de Danza Invisible, una de las bandas m\u00e1s importantes del pop espa\u00f1ol de los a\u00f1os 80, se presentar\u00e1 en\u00a0<strong>Los Ac\u00fasticos del Buenavista\u00a0<\/strong>y har\u00e1 un repaso por los \u00e9xitos de su trayectoria.<\/p>\n","protected":false},"excerpt":{"rendered":"<p>Los conciertos tambi\u00e9n se pueden seguir por streaming. <\/p>\n","protected":false},"author":15,"featured_media":60496,"comment_status":"open","ping_status":"open","sticky":false,"template":"","format":"standard","meta":{"footnotes":""},"categories":[22],"tags":[],"class_list":{"0":"post-60495","1":"post","2":"type-post","3":"status-publish","4":"format-standard","5":"has-post-thumbnail","7":"category-conciertos-madrid"},"_links":{"self":[{"href":"https:\/\/www.vidademadrid.com\/es\/wp-json\/wp\/v2\/posts\/60495","targetHints":{"allow":["GET"]}}],"collection":[{"href":"https:\/\/www.vidademadrid.com\/es\/wp-json\/wp\/v2\/posts"}],"about":[{"href":"https:\/\/www.vidademadrid.com\/es\/wp-json\/wp\/v2\/types\/post"}],"author":[{"embeddable":true,"href":"https:\/\/www.vidademadrid.com\/es\/wp-json\/wp\/v2\/users\/15"}],"replies":[{"embeddable":true,"href":"https:\/\/www.vidademadrid.com\/es\/wp-json\/wp\/v2\/comments?post=60495"}],"version-history":[{"count":1,"href":"https:\/\/www.vidademadrid.com\/es\/wp-json\/wp\/v2\/posts\/60495\/revisions"}],"predecessor-version":[{"id":60497,"href":"https:\/\/www.vidademadrid.com\/es\/wp-json\/wp\/v2\/posts\/60495\/revisions\/60497"}],"wp:featuredmedia":[{"embeddable":true,"href":"https:\/\/www.vidademadrid.com\/es\/wp-json\/wp\/v2\/media\/60496"}],"wp:attachment":[{"href":"https:\/\/www.vidademadrid.com\/es\/wp-json\/wp\/v2\/media?parent=60495"}],"wp:term":[{"taxonomy":"category","embeddable":true,"href":"https:\/\/www.vidademadrid.com\/es\/wp-json\/wp\/v2\/categories?post=60495"},{"taxonomy":"post_tag","embeddable":true,"href":"https:\/\/www.vidademadrid.com\/es\/wp-json\/wp\/v2\/tags?post=60495"}],"curies":[{"name":"wp","href":"https:\/\/api.w.org\/{rel}","templated":true}]}}