{"id":60435,"date":"2025-10-16T20:57:43","date_gmt":"2025-10-16T18:57:43","guid":{"rendered":"https:\/\/www.vidademadrid.com\/es\/?p=60435"},"modified":"2025-10-26T12:06:40","modified_gmt":"2025-10-26T11:06:40","slug":"planes-para-este-fin-de-semana-en-madrid-17-18-y-19-de-octubre","status":"publish","type":"post","link":"https:\/\/www.vidademadrid.com\/es\/60435\/planes-para-este-fin-de-semana-en-madrid-17-18-y-19-de-octubre\/","title":{"rendered":"Planes para este fin de semana en Madrid: 17, 18 y 19 de octubre"},"content":{"rendered":"<p><span style=\"font-weight: 400;\">Como cada semana, os dejamos nuestro <\/span><b>MEGA POST DE PLANES<\/b><span style=\"font-weight: 400;\"> para este finde <\/span><b>17, 18 y 19 de octubre 2025 en Madrid<\/b><span style=\"font-weight: 400;\">: <\/span><span style=\"font-weight: 400;\">Trashumancia 2025, visita edificios emblem\u00e1ticos con Madrid Otra Mirada, nueva edici\u00f3n de Tapapi\u00e9s y m\u00e1s. Un fin de semana completo de actividades para todos los p\u00fablicos (muchas de ellas gratuitas):\u00a0<\/span><\/p>\n<h2><span style=\"font-weight: 400;\">Actividades destacadas\u00a0<\/span><\/h2>\n<h3><span style=\"font-weight: 400;\">Fiesta de la Trashumancia<\/span><\/h3>\n<figure id=\"attachment_45666\" aria-describedby=\"caption-attachment-45666\" style=\"width: 1200px\" class=\"wp-caption aligncenter\"><a href=\"https:\/\/www.vidademadrid.com\/es\/wp-content\/uploads\/2022\/10\/0-1-1.jpg\"><img loading=\"lazy\" decoding=\"async\" class=\"size-full wp-image-45666\" src=\"https:\/\/www.vidademadrid.com\/es\/wp-content\/uploads\/2022\/10\/0-1-1.jpg\" alt=\"\" width=\"1200\" height=\"600\" srcset=\"https:\/\/www.vidademadrid.com\/es\/wp-content\/uploads\/2022\/10\/0-1-1.jpg 1200w, https:\/\/www.vidademadrid.com\/es\/wp-content\/uploads\/2022\/10\/0-1-1-300x150.jpg 300w, https:\/\/www.vidademadrid.com\/es\/wp-content\/uploads\/2022\/10\/0-1-1-1024x512.jpg 1024w, https:\/\/www.vidademadrid.com\/es\/wp-content\/uploads\/2022\/10\/0-1-1-768x384.jpg 768w, https:\/\/www.vidademadrid.com\/es\/wp-content\/uploads\/2022\/10\/0-1-1-696x348.jpg 696w, https:\/\/www.vidademadrid.com\/es\/wp-content\/uploads\/2022\/10\/0-1-1-1068x534.jpg 1068w, https:\/\/www.vidademadrid.com\/es\/wp-content\/uploads\/2022\/10\/0-1-1-840x420.jpg 840w\" sizes=\"auto, (max-width: 1200px) 100vw, 1200px\" \/><\/a><figcaption id=\"caption-attachment-45666\" class=\"wp-caption-text\">Fiesta de la Trashumancia. Foto: prensa<\/figcaption><\/figure>\n<p><b>1.100 ovejas merinas y 200 cabras <\/b><span style=\"font-weight: 400;\">volver\u00e1n a recorrer el centro de Madrid por la Fiesta de la Trashumancia. El itinerario ser\u00e1:<\/span><\/p>\n<ul>\n<li style=\"font-weight: 400;\" aria-level=\"1\"><span style=\"font-weight: 400;\">10:00 &#8211; Salida desde la Casa de Campo hasta la Puerta del Rey<\/span><\/li>\n<li style=\"font-weight: 400;\" aria-level=\"1\"><span style=\"font-weight: 400;\">11:30 &#8211; Puente del Rey, Virgen del Puerto, Ciudad de Plasencia, Cuesta de la Vega hacia calle de Bail\u00e9n y entrada por la calle Mayor<\/span><\/li>\n<li style=\"font-weight: 400;\" aria-level=\"1\"><span style=\"font-weight: 400;\">12:20 &#8211; Puerta del Sol y calle de Alcal\u00e1<\/span><\/li>\n<li style=\"font-weight: 400;\" aria-level=\"1\"><span style=\"font-weight: 400;\">12:45 &#8211; Plaza de Cibeles<\/span><\/li>\n<li style=\"font-weight: 400;\" aria-level=\"1\"><span style=\"font-weight: 400;\">13:30 &#8211; Vuelta a la Casa de Campo<\/span><\/li>\n<\/ul>\n<p><span style=\"font-weight: 400;\">Toda la info <\/span><a href=\"https:\/\/www.esmadrid.com\/agenda\/fiesta-trashumancia\"><span style=\"font-weight: 400;\">aqu\u00ed.\u00a0<\/span><\/a><\/p>\n<h3><span style=\"font-weight: 400;\">Madrid Otra Mirada<\/span><\/h3>\n<p><b>Madrid Otra Mirada<\/b><span style=\"font-weight: 400;\"> ofrece actividades y visitas a 15 lugares sin necesidad de inscripci\u00f3n previa. El <\/span><b>programa gratuito de MOM<\/b><span style=\"font-weight: 400;\"> incluye conciertos, visitas guiadas, exposiciones, jornadas de puertas abiertas y m\u00e1s. Disponible solo este finde. Toda la <\/span><a href=\"https:\/\/patrimonioypaisaje.madrid.es\/portales\/monumenta\/es\/En-portada\/Madrid-Otra-Mirada-2025\/?vgnextfmt=default&amp;vgnextoid=19410bcce7b79910VgnVCM200000f921e388RCRD&amp;vgnextchannel=e89c3cb702aa4510VgnVCM1000008a4a900aRCRD\"><span style=\"font-weight: 400;\">info.\u00a0<\/span><\/a><\/p>\n<h3><span style=\"font-weight: 400;\">Tapapi\u00e9s 2025<\/span><\/h3>\n<p><span style=\"font-weight: 400;\">Tapapi\u00e9s vuelve este a\u00f1o con <\/span><b>conciertos, pasacalles, espect\u00e1culos gratuitos y una gran variedad de tapas + cerveza El \u00c1guila por 3,50 \u20ac<\/b><span style=\"font-weight: 400;\"> (solo tapa por 2,50 \u20ac) en unos 100 bares de Lavapi\u00e9s. Disponible en Lavapi\u00e9s hasta el 26 de octubre. M\u00e1s info <\/span><a href=\"https:\/\/enlavapies.com\/\"><span style=\"font-weight: 400;\">aqu\u00ed.<\/span><\/a><span style=\"font-weight: 400;\">\u00a0<\/span><\/p>\n<h3><span style=\"font-weight: 400;\">\u201cAl pan, pan\u201d: amasado participativo<\/span><\/h3>\n<p><span style=\"font-weight: 400;\">Disfruta de una actividad \u00fanica: amasa tu propio pan y ll\u00e9vate a casa una pieza reci\u00e9n horneada en la hist\u00f3rica <\/span><b>Casa de la Panader\u00eda de la Plaza Mayor<\/b><span style=\"font-weight: 400;\">. Actividad de acceso libre en turnos de 40 personas cada media hora. Toda la info <\/span><a href=\"https:\/\/diario.madrid.es\/blog\/notas-de-prensa\/21-distritos-y-asemac-presentan-al-pan-pan-un-amasado-participativo-en-la-casa-de-la-panaderia\/\"><span style=\"font-weight: 400;\">aqu\u00ed.\u00a0<\/span><\/a><\/p>\n<h3><span style=\"font-weight: 400;\">Tardeo especial Reggaet\u00f3n con Rita\u2019s<\/span><\/h3>\n<p><span style=\"font-weight: 400;\">Edici\u00f3n especial de Rita\u2019s, el plan perfecto para compartir con amigos, familia o pareja. <\/span><b>Reggaet\u00f3n nuevo vs antiguo<\/b><span style=\"font-weight: 400;\">: DJ\u2019s, foodtrucks, c\u00f3cteles, concursos, outfits, bingo musical y m\u00e1s. Disponible en el Autocine de Madrid el s\u00e1bado de 12h a 22h. Toda la info <\/span><a href=\"https:\/\/ritas.es\/eventos\/regaeton-nuevo-vs-old-school-by-ritas-18-octubre\/\"><span style=\"font-weight: 400;\">aqu\u00ed.\u00a0<\/span><\/a><\/p>\n<p><i><span style=\"font-weight: 400;\">*Plan en colaboraci\u00f3n.\u00a0<\/span><\/i><\/p>\n<h3><span style=\"font-weight: 400;\">Perrot\u00f3n Espa\u00f1a<\/span><\/h3>\n<p><span style=\"font-weight: 400;\">La carrera \/ marcha solidaria por la adopci\u00f3n contra el abandono y maltrato animal recorrer\u00e1 Col\u00f3n, la Castellana, Recoletos y Cibeles. Disponible este domingo. Toda la info <a href=\"https:\/\/www.perroton.org\/\">aqu\u00ed.\u00a0<\/a><\/span><\/p>\n<h2><span style=\"font-weight: 400;\">Planes culturales\u00a0<\/span><\/h2>\n<figure id=\"attachment_60414\" aria-describedby=\"caption-attachment-60414\" style=\"width: 1200px\" class=\"wp-caption aligncenter\"><a href=\"https:\/\/www.vidademadrid.com\/es\/wp-content\/uploads\/2025\/10\/Real-Jardin-Botanicp.jpg\"><img loading=\"lazy\" decoding=\"async\" class=\"size-full wp-image-60414\" src=\"https:\/\/www.vidademadrid.com\/es\/wp-content\/uploads\/2025\/10\/Real-Jardin-Botanicp.jpg\" alt=\"\" width=\"1200\" height=\"600\" srcset=\"https:\/\/www.vidademadrid.com\/es\/wp-content\/uploads\/2025\/10\/Real-Jardin-Botanicp.jpg 1200w, https:\/\/www.vidademadrid.com\/es\/wp-content\/uploads\/2025\/10\/Real-Jardin-Botanicp-300x150.jpg 300w, https:\/\/www.vidademadrid.com\/es\/wp-content\/uploads\/2025\/10\/Real-Jardin-Botanicp-1024x512.jpg 1024w, https:\/\/www.vidademadrid.com\/es\/wp-content\/uploads\/2025\/10\/Real-Jardin-Botanicp-768x384.jpg 768w, https:\/\/www.vidademadrid.com\/es\/wp-content\/uploads\/2025\/10\/Real-Jardin-Botanicp-696x348.jpg 696w, https:\/\/www.vidademadrid.com\/es\/wp-content\/uploads\/2025\/10\/Real-Jardin-Botanicp-1068x534.jpg 1068w, https:\/\/www.vidademadrid.com\/es\/wp-content\/uploads\/2025\/10\/Real-Jardin-Botanicp-840x420.jpg 840w\" sizes=\"auto, (max-width: 1200px) 100vw, 1200px\" \/><\/a><figcaption id=\"caption-attachment-60414\" class=\"wp-caption-text\">Foto: Telemadrid<\/figcaption><\/figure>\n<h3><span style=\"font-weight: 400;\">270\u00b0 aniversario del Real Jard\u00edn Bot\u00e1nico<\/span><\/h3>\n<p><span style=\"font-weight: 400;\">El <\/span><b>Real Jard\u00edn Bot\u00e1nico <\/b><span style=\"font-weight: 400;\">celebra su 270\u00b0 aniversario con <\/span><b>visitas guiadas teatralizadas<\/b><span style=\"font-weight: 400;\"> en la que conocer\u00e1s la historia del Jard\u00edn y grandes personajes. Disponible solo este fin de semana por 4 euros. Toda la info <\/span><a href=\"https:\/\/rjb.csic.es\/el-rjb\/270-aniversario\/\"><span style=\"font-weight: 400;\">aqu\u00ed.\u00a0<\/span><\/a><\/p>\n<h3><span style=\"font-weight: 400;\">Feriarte<\/span><\/h3>\n<p><span style=\"font-weight: 400;\">Feriarte re\u00fane las mejores <\/span><b>galer\u00edas de arte y coleccionismo<\/b><span style=\"font-weight: 400;\"> con objetos como muebles, objetos de decoraci\u00f3n, joyer\u00eda, escultura, libros y mucho m\u00e1s. Disponible en Ifema hasta el 26 de octubre. Toda la info y entradas\u00a0 <\/span><a href=\"https:\/\/www.ifema.es\/feriarte\"><span style=\"font-weight: 400;\">aqu\u00ed.\u00a0<\/span><\/a><\/p>\n<h3><span style=\"font-weight: 400;\">Festival gratuito de m\u00fasica contempor\u00e1nea<\/span><\/h3>\n<p><span style=\"font-weight: 400;\">El <\/span><b>Festival Internacional de M\u00fasica Contempor\u00e1nea de Madrid<\/b><span style=\"font-weight: 400;\"> \u2013 COMA\u201925 presenta conciertos con formaciones y solistas de reconocido prestigio y distintas propuestas. Disponible en Teatros del Canal hasta el 2 de noviembre.\u00a0 Toda la info <\/span><a href=\"https:\/\/www.teatroscanal.com\/espectaculo\/festival-internacional-de-musica-contemporanea-de-madrid\/\"><span style=\"font-weight: 400;\">aqu\u00ed.\u00a0<\/span><\/a><\/p>\n<h3><span style=\"font-weight: 400;\">Puwerty 2025<\/span><\/h3>\n<p><b>Puwerty <\/b><span style=\"font-weight: 400;\">celebra su novena edici\u00f3n con propuestas, talleres y conferencias de artistas menores de 26 a\u00f1os que trabajan de manera multidisciplinar en la creaci\u00f3n musical, audiovisual y esc\u00e9nica. Disponible en la <\/span><b>Casa Encendida<\/b><span style=\"font-weight: 400;\">. Toda la info <\/span><a href=\"https:\/\/www.lacasaencendida.es\/festival\/puwerty-2025\"><span style=\"font-weight: 400;\">aqu\u00ed.\u00a0<\/span><\/a><\/p>\n<h3><span style=\"font-weight: 400;\">Moments 2025<\/span><\/h3>\n<p><b>Moments<\/b><span style=\"font-weight: 400;\"> es un festival que te permitir\u00e1 descubrir sin tab\u00faes la historia de diferentes <\/span><b>culturas urbanas y subculturas como el skate, el surf, el jazz, rock, flamenco<\/b><span style=\"font-weight: 400;\"> y m\u00e1s. Habr\u00e1 exposiciones, talleres, encuentros y m\u00e1s. Disponible solo este fin de semana en distintas ubicaciones. Toda la info <\/span><a href=\"https:\/\/www.momentsfestival.org\/\"><span style=\"font-weight: 400;\">aqu\u00ed.<\/span><\/a><span style=\"font-weight: 400;\">\u00a0<\/span><\/p>\n<h2><span style=\"font-weight: 400;\">Nuevas exposiciones<\/span><\/h2>\n<p><span style=\"font-weight: 400;\">Estas son las exposiciones que se estrenan este fin de semana:<\/span><\/p>\n<ul>\n<li style=\"font-weight: 400;\" aria-level=\"1\"><b>\u201cGuardianes de los bosques\u201d<\/b><span style=\"font-weight: 400;\"> en la Monta\u00f1a de los Gatos del Retiro. Expo fotogr\u00e1fica gratuita sobre el legado ambiental de Leopoldo III de B\u00e9lgica (hasta el 19 de octubre). Toda la info <\/span><a href=\"https:\/\/diario.madrid.es\/blog\/notas-de-prensa\/madrid-acoge-la-exposicion-guardianes-de-los-bosques-un-legado-ambiental-de-leopoldo-iii-de-belgica\/\"><span style=\"font-weight: 400;\">aqu\u00ed.\u00a0<\/span><\/a><\/li>\n<li style=\"font-weight: 400;\" aria-level=\"1\"><b>\u201cM\u00e1quinas parlantes. El arte de atrapar el sonido\u201d<\/b><span style=\"font-weight: 400;\"> en la Biblioteca Nacional, explora los primeros aparatos reproductores de sonido de finales del S. XIX y XX. (Hasta el 8 de febrero). Toda la info <\/span><a href=\"https:\/\/bne.es\/es\/agenda\/maquinas-parlantes-arte-atrapar-sonido\"><span style=\"font-weight: 400;\">aqu\u00ed.<\/span><\/a><span style=\"font-weight: 400;\">\u00a0<\/span><\/li>\n<li style=\"font-weight: 400;\" aria-level=\"1\"><b>\u201cInquietud Libertad y Democracia\u201d <\/b><span style=\"font-weight: 400;\">en La Casa Encendida, m\u00e1s de 50 artistas recorren la transici\u00f3n democr\u00e1tica en Portugal y Espa\u00f1a (hasta 8 de marzo). Toda la info <\/span><a href=\"https:\/\/www.lacasaencendida.es\/exposiciones\/inquietud-libertad-y-democracia\"><span style=\"font-weight: 400;\">aqu\u00ed.\u00a0<\/span><\/a><\/li>\n<li style=\"font-weight: 400;\" aria-level=\"1\"><b>\u201cLas Ferias del Campo. Paisajes y arquitecturas modernas en la Casa de Campo\u201d<\/b><span style=\"font-weight: 400;\"> en Museo ICO, la expo pone en valor 50 pabellones del recinto ferial Casa de Campo (hasta el 11 de enero). Toda la info <\/span><a href=\"https:\/\/www.esmadrid.com\/agenda\/ferias-campo-paisajes-arquitecturas-modernas-casa-campo-museo-ico\"><span style=\"font-weight: 400;\">aqu\u00ed.\u00a0<\/span><\/a><\/li>\n<\/ul>\n<h2><span style=\"font-weight: 400;\">Estrenos de teatro y danza<\/span><\/h2>\n<p><span style=\"font-weight: 400;\">Estos son los estrenos de teatro y danza de este fin de semana:<\/span><\/p>\n<ul>\n<li style=\"font-weight: 400;\" aria-level=\"1\"><b>Suma Flamenca<\/b><span style=\"font-weight: 400;\"> en Teatros del Canal. Toda la info <\/span><a href=\"https:\/\/www.teatroscanal.com\/espectaculo\/festival-xx-suma-flamenca-tc2526\/\"><span style=\"font-weight: 400;\">aqu\u00ed.\u00a0<\/span><\/a><\/li>\n<li style=\"font-weight: 400;\" aria-level=\"1\"><b>MADn Festival <\/b><span style=\"font-weight: 400;\">en Fuencarral-El Pardo, Tetu\u00e1n y Vallecas. Toda la info <\/span><a href=\"https:\/\/madnfestival.es\/\"><span style=\"font-weight: 400;\">aqu\u00ed.\u00a0<\/span><\/a><\/li>\n<li style=\"font-weight: 400;\" aria-level=\"1\"><b>Alicia en el pa\u00eds de las maravillas<\/b><span style=\"font-weight: 400;\"> en Teatro Lara. Toda la info <\/span><a href=\"https:\/\/teatrolara.com\/programacion\/alicia-en-el-pais-de-las-maravillas\"><span style=\"font-weight: 400;\">aqu\u00ed.\u00a0<\/span><\/a><\/li>\n<li style=\"font-weight: 400;\" aria-level=\"1\"><b>Dibujo de un zorro herido<\/b><span style=\"font-weight: 400;\"> en Teatro Mar\u00eda Guerrero. Toda la info <\/span><a href=\"https:\/\/dramatico.inaem.gob.es\/evento\/dibujo-de-un-zorro-herido-dibuix-duna-guineu-ferida\/\"><span style=\"font-weight: 400;\">aqu\u00ed.\u00a0<\/span><\/a><\/li>\n<li style=\"font-weight: 400;\" aria-level=\"1\"><b>We Will Rock You, el musical<\/b><span style=\"font-weight: 400;\"> en Gran Teatro Caixabank Pr\u00edncipe P\u00edo. Toda la info <\/span><a href=\"https:\/\/wewillrockyou.es\/\"><span style=\"font-weight: 400;\">aqu\u00ed.\u00a0<\/span><\/a><\/li>\n<li style=\"font-weight: 400;\" aria-level=\"1\"><b>Peter Pan, el musical <\/b><span style=\"font-weight: 400;\">en Teatro Maravillas. Toda la info <\/span><a href=\"https:\/\/gruposmedia.com\/cartelera\/peter-pan-el-musical\/\"><span style=\"font-weight: 400;\">aqu\u00ed.<\/span><\/a><span style=\"font-weight: 400;\">\u00a0<\/span><\/li>\n<li style=\"font-weight: 400;\" aria-level=\"1\"><b>Historias titiriteras<\/b><span style=\"font-weight: 400;\"> en Teatro de T\u00edteres de El Retiro. Toda la info <\/span><a href=\"https:\/\/teatrotiteresretiro.es\/evento\/historias-titiriteras\/2025-10-18\/\"><span style=\"font-weight: 400;\">aqu\u00ed.\u00a0<\/span><\/a><\/li>\n<li style=\"font-weight: 400;\" aria-level=\"1\"><b>Esencia <\/b><span style=\"font-weight: 400;\">en el Teatro Espa\u00f1ol. Toda la info <\/span><a href=\"https:\/\/www.teatroespanol.es\/esencia\"><span style=\"font-weight: 400;\">aqu\u00ed.\u00a0<\/span><\/a><\/li>\n<li style=\"font-weight: 400;\" aria-level=\"1\"><b>Adolescencia infinita<\/b><span style=\"font-weight: 400;\"> en Teatro de la Abad\u00eda. Toda la info <\/span><a href=\"https:\/\/www.teatroabadia.com\/espectaculo\/adolescencia-infinita\/\"><span style=\"font-weight: 400;\">aqu\u00ed.\u00a0<\/span><\/a><\/li>\n<li style=\"font-weight: 400;\" aria-level=\"1\"><b>Reminiscencia<\/b><span style=\"font-weight: 400;\"> en CondeDuque. Toda la info<\/span><a href=\"https:\/\/www.condeduquemadrid.es\/actividades\/malicho-vaca-valenzuela-reminiscencia\"><span style=\"font-weight: 400;\"> aqu\u00ed.\u00a0<\/span><\/a><\/li>\n<li style=\"font-weight: 400;\" aria-level=\"1\"><b>\u2018Super-viviente\u2019<\/b><span style=\"font-weight: 400;\"> de Jes\u00fas Carmona en Teatros del Canal. Toda la info <\/span><a href=\"https:\/\/www.teatroscanal.com\/espectaculo\/compania-jesus-carmona-super-viviente-tc2526\/\"><span style=\"font-weight: 400;\">aqu\u00ed.\u00a0<\/span><\/a><\/li>\n<li style=\"font-weight: 400;\" aria-level=\"1\"><b>Victoria <\/b><span style=\"font-weight: 400;\">en Teatro F\u00edgaro. Toda la info <\/span><a href=\"https:\/\/gruposmedia.com\/cartelera\/victoria\/\"><span style=\"font-weight: 400;\">aqu\u00ed.\u00a0<\/span><\/a><\/li>\n<li style=\"font-weight: 400;\" aria-level=\"1\"><b>Nuevos creadores<\/b><span style=\"font-weight: 400;\"> en Centro Danza Matadero. Toda la info <\/span><a href=\"https:\/\/www.centrodanzamatadero.es\/ciclos\/nuevos-creadores\"><span style=\"font-weight: 400;\">aqu\u00ed.\u00a0<\/span><\/a><\/li>\n<\/ul>\n<h2><span style=\"font-weight: 400;\">Restaurantes para el finde<\/span><\/h2>\n<h3><span style=\"font-weight: 400;\">Dicharachero<\/span><\/h3>\n<p><span style=\"font-weight: 400;\">Muy cerca del metro de Bilbao descubrimos <strong>Dicharachero<\/strong>. Un restaurante que office creaciones originales como las Pav\u00e9s (milhojas de patatas con distintas combinaciones), escalope y m\u00e1s platos espa\u00f1oles y con toques internacionales, en un bonito local y con muy buena relaci\u00f3n calidad-precio. Muy pronto subiremos nuestra experiencia en nuestro IG <a href=\"https:\/\/www.instagram.com\/vidademadrid\/\">@vidademadrid.\u00a0<\/a><\/span><\/p>\n<p>&nbsp;<\/p>\n","protected":false},"excerpt":{"rendered":"<p>Trashumancia 2025, visita edificios emblem\u00e1ticos con Madrid Otra Mirada, nueva edici\u00f3n de Tapapi\u00e9s y m\u00e1s. <\/p>\n","protected":false},"author":13,"featured_media":35960,"comment_status":"open","ping_status":"open","sticky":false,"template":"","format":"standard","meta":{"footnotes":""},"categories":[194,119],"tags":[],"class_list":{"0":"post-60435","1":"post","2":"type-post","3":"status-publish","4":"format-standard","5":"has-post-thumbnail","7":"category-planes-del-fin-de-semana-madrid","8":"category-portada"},"_links":{"self":[{"href":"https:\/\/www.vidademadrid.com\/es\/wp-json\/wp\/v2\/posts\/60435","targetHints":{"allow":["GET"]}}],"collection":[{"href":"https:\/\/www.vidademadrid.com\/es\/wp-json\/wp\/v2\/posts"}],"about":[{"href":"https:\/\/www.vidademadrid.com\/es\/wp-json\/wp\/v2\/types\/post"}],"author":[{"embeddable":true,"href":"https:\/\/www.vidademadrid.com\/es\/wp-json\/wp\/v2\/users\/13"}],"replies":[{"embeddable":true,"href":"https:\/\/www.vidademadrid.com\/es\/wp-json\/wp\/v2\/comments?post=60435"}],"version-history":[{"count":1,"href":"https:\/\/www.vidademadrid.com\/es\/wp-json\/wp\/v2\/posts\/60435\/revisions"}],"predecessor-version":[{"id":60436,"href":"https:\/\/www.vidademadrid.com\/es\/wp-json\/wp\/v2\/posts\/60435\/revisions\/60436"}],"wp:featuredmedia":[{"embeddable":true,"href":"https:\/\/www.vidademadrid.com\/es\/wp-json\/wp\/v2\/media\/35960"}],"wp:attachment":[{"href":"https:\/\/www.vidademadrid.com\/es\/wp-json\/wp\/v2\/media?parent=60435"}],"wp:term":[{"taxonomy":"category","embeddable":true,"href":"https:\/\/www.vidademadrid.com\/es\/wp-json\/wp\/v2\/categories?post=60435"},{"taxonomy":"post_tag","embeddable":true,"href":"https:\/\/www.vidademadrid.com\/es\/wp-json\/wp\/v2\/tags?post=60435"}],"curies":[{"name":"wp","href":"https:\/\/api.w.org\/{rel}","templated":true}]}}